{"id":35199,"date":"2025-06-19T06:44:38","date_gmt":"2025-06-19T09:44:38","guid":{"rendered":"https:\/\/13.com.ar\/index.php\/el-bar-notable-casi-centenario-que-cerro-y-hoy-reabre-donde-funciono-un-mitico-restaurante\/"},"modified":"2025-06-19T06:44:38","modified_gmt":"2025-06-19T09:44:38","slug":"el-bar-notable-casi-centenario-que-cerro-y-hoy-reabre-donde-funciono-un-mitico-restaurante","status":"publish","type":"post","link":"https:\/\/13.com.ar\/index.php\/el-bar-notable-casi-centenario-que-cerro-y-hoy-reabre-donde-funciono-un-mitico-restaurante\/","title":{"rendered":"El bar notable casi centenario que cerr\u00f3 y hoy reabre donde funcion\u00f3 un m\u00edtico restaurante"},"content":{"rendered":"<p> <br \/>\n<br \/><img decoding=\"async\" src=\"https:\/\/13.com.ar\/wp-content\/uploads\/2025\/06\/El-bar-notable-casi-centenario-que-cerro-y-hoy-reabre.jpg\" \/><\/p>\n<div id=\"element-body-0\">\n<p>Desde este jueves, <strong>dos mitos se van a unir en Montevideo 341<\/strong>. La Academia, el bar notable que naci\u00f3 hace casi 100 a\u00f1os y que se convirti\u00f3 en un emblema por <strong>el pool y el billar<\/strong>, reabre despu\u00e9s de estar cuatro meses cerrados en un nuevo local, el que supo albergar al original Pippo, el de los famosos vermicelli tuco y pesto.<\/p>\n<\/div>\n<div id=\"element-body-1\">\n<p>El cierre de La Academia, en febrero, golpe\u00f3 a los habitu\u00e9s del bar de Callao 368. La explicaci\u00f3n de la bajada de persiana despu\u00e9s de 90 a\u00f1os, entonces, pas\u00f3 por un tema del alquiler. Sus due\u00f1os  anticiparon que no iba a ser definitivo. Y cumplieron: les llev\u00f3 varios meses de obra poner a punto el nuevo local, pero ahora est\u00e1n felices con el resultado.<\/p>\n<\/div>\n<div id=\"element-body-2\">\n<p>Pippo cerr\u00f3 despu\u00e9s de la pandemia (ahora queda abierta su sucursal de Paran\u00e1) y el deterioro de la estructura (el local estuvo intrusado), m\u00e1s los trabajos que hicieron para adaptarlo a la funcionalidad del bar, llevaron su tiempo. <\/p>\n<\/div>\n<div id=\"element-body-3\">\n<p>Hoy, cuenta Roberto L\u00f3pez, propietario de La Academia, lograron <strong>mantener la ambientaci\u00f3n como estaba en Callao<\/strong>, y la misma l\u00f3gica en la ubicaci\u00f3n de los espacios: el sal\u00f3n con las mesas, otro con los billares y las mesas de pool, y arriba el metegol, el ping pong y m\u00e1s lugar para los juegos de mesa y cartas.<\/p>\n<\/div>\n<div id=\"element-body-4\">\n<p>Dice que ganaron con la cocina que heredaron del restaurante, que les permiti\u00f3 <strong>ampliar la oferta gastron\u00f3mica<\/strong>. Adem\u00e1s de cafeter\u00eda, pasteler\u00eda, s\u00e1ndwiches y platos de comida \u2013habr\u00e1 al menos tres opciones por d\u00eda a un precio de entre $ 10.000 y $ 15.000&#8211; sumaron una nueva propuesta: <strong>las raciones<\/strong>.<\/p>\n<\/div>\n<div id=\"element-body-6\">\n<p>\u201cTenemos 16 opciones para que te armes una picada como vos quieras\u201d, apunta sobre los daditos de muzzarella con fileto, la tortilla de papas o los bu\u00f1uelos de acelga, algunas de las variedades con las que el bar se adapt\u00f3 ahora tambi\u00e9n a la tendencia de los platitos.<\/p>\n<\/div>\n<div id=\"element-body-7\">\n<p>Pero m\u00e1s all\u00e1 de la comida y la bebida, <strong>La Academia tiene un lugar entre los bares notables porte\u00f1os por su historia<\/strong>. Est\u00e1 cumpliendo 95 a\u00f1os: no se sabe la fecha exacta de la inauguraci\u00f3n, pero fue en la primera quincena de junio de 1930. Una d\u00e9cada despu\u00e9s, pusieron el billar. \u201cEn los 60, cuando mi viejo se hizo cargo, puso el pool. Y ah\u00ed se consolid\u00f3 como<strong> un bar de juegos y donde la gente se junta a charlar de su vida y a divertirse<\/strong>\u201d, describe L\u00f3pez, ahora \u00e9l al mando.<\/p>\n<\/div>\n<div id=\"element-body-9\">\n<p>L\u00f3pez cuenta que el nombre del bar tiene su origen en que en esa zona \u201csiempre hubo academias, universidades colegios, lugares de literatura y espacios literarios\u201d. Y que ah\u00ed, con los teatros y los cines, La Academia fue ganando vida propia por una particularidad que va a retomar en esta nueva etapa: <strong>estar siempre abierto<\/strong>.<\/p>\n<\/div>\n<div id=\"element-body-10\">\n<p>\u201cEs la tradici\u00f3n y la filosof\u00eda del bar. La gente de la zona dejaba de trabajar a las dos de la ma\u00f1ana y se juntaban a tomar algo en La Academia. Despu\u00e9s de la pandemia, porque la costumbre cambi\u00f3, empezamos a cerrar. Pero ahora vamos a estar <strong>abiertos las 24 horas<\/strong>, con la idea de ser un lugar donde te puedas juntar, vas a comer buena rico, escuchar buena m\u00fasica y vas a tener siempre algo para hacer y divertirte\u201d, asegura.<\/p>\n<\/div>\n<div id=\"element-body-12\">\n<p>De tantos a\u00f1os, clientes y an\u00e9cdotas, Roberto dice que \u201cmontones de personajes\u201d pasaron por La Academia, y menciona solo dos figuras para marcar ese amplio espectro: <strong>Tita Merello y Rodrigo<\/strong>. Tambi\u00e9n relata que hace poco, <strong>Trueno fue a grabar un video al bar<\/strong>. S\u00f3lo se lamenta de no haber estado ese d\u00eda porque los chicos de su familia son fan\u00e1ticos del cantante.<\/p>\n<\/div>\n<div id=\"element-body-13\">\n<p>Y le parece un buen puntapi\u00e9 para lo que este empresario gastron\u00f3mico de 70 a\u00f1os espera para su local: que sea <strong>un punto de encuentro tambi\u00e9n de las nuevas generaciones<\/strong>. <\/p>\n<\/div>\n<div id=\"element-body-14\">\n<p>\u201cMuchos habitu\u00e9s pasaban y nos preguntaban cu\u00e1ndo abr\u00edamos. Nuestra expectativa es ampliar la clientela, hacer ingresar al que no conoc\u00eda el bar. Atraer a la gente joven que va al cine o al teatro y le tiene idea al bar notable porque piensa que es un almac\u00e9n de barrio. Que pueda entrar y terminar la noche ac\u00e1\u201d, se ilusiona L\u00f3pez, quien cree que, en el fondo, La Academia \u201cmantiene <strong>una tradici\u00f3n de lo que es Buenos Aires<\/strong>: el ruido de las bolas de billar golpeando mientras charl\u00e1s con alguien\u201d. Y trae, para cerrar, la famosa frase de El Eternauta: \u201cLo viejo funciona\u201d.<\/p>\n<\/div>\n<p><br \/>\n<br \/><a href=\"https:\/\/www.clarin.com\/ciudades\/bar-notable-centenario-cerro-hoy-reabre-funciono-mitico-restaurante_0_SWL3YGSINU.html\">Fuente Clarin.com <\/a><\/p>\n","protected":false},"excerpt":{"rendered":"<p>Desde este jueves, dos mitos se van a unir en Montevideo 341. La Academia, el bar notable que naci\u00f3 hace casi 100 a\u00f1os y que se convirti\u00f3 en un emblema por el pool y el billar, reabre despu\u00e9s de estar cuatro meses cerrados en un nuevo local, el que supo albergar al original Pippo, el [&hellip;]<\/p>\n","protected":false},"author":1,"featured_media":35200,"comment_status":"open","ping_status":"open","sticky":false,"template":"","format":"standard","meta":{"footnotes":""},"categories":[2],"tags":[2064,483,1406,424,743,5020,147,6158,5039,5735,2505],"class_list":["post-35199","post","type-post","status-publish","format-standard","has-post-thumbnail","hentry","category-ultimas-noticias","tag-bar","tag-casi","tag-centenario","tag-cerro","tag-donde","tag-funciono","tag-hoy","tag-mitico","tag-notable","tag-reabre","tag-restaurante"],"_links":{"self":[{"href":"https:\/\/13.com.ar\/index.php\/wp-json\/wp\/v2\/posts\/35199","targetHints":{"allow":["GET"]}}],"collection":[{"href":"https:\/\/13.com.ar\/index.php\/wp-json\/wp\/v2\/posts"}],"about":[{"href":"https:\/\/13.com.ar\/index.php\/wp-json\/wp\/v2\/types\/post"}],"author":[{"embeddable":true,"href":"https:\/\/13.com.ar\/index.php\/wp-json\/wp\/v2\/users\/1"}],"replies":[{"embeddable":true,"href":"https:\/\/13.com.ar\/index.php\/wp-json\/wp\/v2\/comments?post=35199"}],"version-history":[{"count":0,"href":"https:\/\/13.com.ar\/index.php\/wp-json\/wp\/v2\/posts\/35199\/revisions"}],"wp:featuredmedia":[{"embeddable":true,"href":"https:\/\/13.com.ar\/index.php\/wp-json\/wp\/v2\/media\/35200"}],"wp:attachment":[{"href":"https:\/\/13.com.ar\/index.php\/wp-json\/wp\/v2\/media?parent=35199"}],"wp:term":[{"taxonomy":"category","embeddable":true,"href":"https:\/\/13.com.ar\/index.php\/wp-json\/wp\/v2\/categories?post=35199"},{"taxonomy":"post_tag","embeddable":true,"href":"https:\/\/13.com.ar\/index.php\/wp-json\/wp\/v2\/tags?post=35199"}],"curies":[{"name":"wp","href":"https:\/\/api.w.org\/{rel}","templated":true}]}}