{"id":35193,"date":"2025-06-19T06:35:40","date_gmt":"2025-06-19T09:35:40","guid":{"rendered":"https:\/\/13.com.ar\/index.php\/toque-los-pedacitos-de-mi-papa-y-el-asesino-esta-en-su-casa\/"},"modified":"2025-06-19T06:35:40","modified_gmt":"2025-06-19T09:35:40","slug":"toque-los-pedacitos-de-mi-papa-y-el-asesino-esta-en-su-casa","status":"publish","type":"post","link":"https:\/\/13.com.ar\/index.php\/toque-los-pedacitos-de-mi-papa-y-el-asesino-esta-en-su-casa\/","title":{"rendered":"Toqu\u00e9 los pedacitos de mi pap\u00e1 y el asesino est\u00e1 en su casa"},"content":{"rendered":"<p> <br \/>\n<\/p>\n<div id=\"cuerpo\">\n<div class=\"sc-45461e9c-0 eqiBeF container-text text-embed \" id=\"element-body-0\">\n<p><strong>Francisco Quir\u00f3s (24) <\/strong>sufre insomnio desde que vio lo que qued\u00f3 de su pap\u00e1. Lo atormenta la imagen de los restos de <strong>Diego Quir\u00f3s (57) <\/strong>dentro del Mercedes Benz GLA 250, tras chocar contra el acoplado de un cami\u00f3n en el kil\u00f3metro 45 de <strong>la ruta provincial 88<\/strong>, cerca del acceso a Miramar<strong>.<\/strong><\/p>\n<\/div>\n<div class=\"sc-45461e9c-0 eqiBeF container-text text-embed \" id=\"element-body-1\">\n<p>Si bien es m\u00e9dico (se recibi\u00f3 en la Universidad FASTA a fines de 2024) y ya se acostumbr\u00f3 a las situaciones dram\u00e1ticas, el panorama con el que se encontr\u00f3 dentro del auto, la noche del domingo 8 de junio pasado, era escalofriante.<\/p>\n<\/div>\n<div class=\"sc-45461e9c-0 eqiBeF container-text text-embed \" id=\"element-body-2\">\n<p>&#8220;Estoy teniendo unas pesadillas terribles con eso. <strong>Toqu\u00e9 los pedacitos de mi pap\u00e1 y el asesino est\u00e1 en su casa<\/strong>&#8220;, advierte Francisco en di\u00e1logo con <strong>Clar\u00edn <\/strong>y considera &#8220;un papel\u00f3n&#8221; que la Justicia le haya concedido la libertad al camionero.<\/p>\n<\/div>\n<div class=\"sc-98b114a2-0 bkqiHH image-embed  image-embed \" id=\"element-body-3\"><picture class=\"sc-98b114a2-1 jRUlDm\"><source media=\"(min-width: 975px)\" width=\"720\" height=\"480\" \/><img alt=\"El acoplado se desenganch\u00f3 del cami\u00f3n tras el choque del auto en la ruta provincial 88, cerca del acceso a Miramar. Foto El Atl\u00e1ntico\" loading=\"lazy\" width=\"720\" height=\"480\" decoding=\"async\" data-nimg=\"1\" style=\"color:transparent\" src=\"https:\/\/13.com.ar\/wp-content\/uploads\/2025\/06\/Toque-los-pedacitos-de-mi-papa-y-el-asesino-esta.jpg\"\/><span class=\"epigraphe\">El acoplado se desenganch\u00f3 del cami\u00f3n tras el choque del auto en la ruta provincial 88, cerca del acceso a Miramar. Foto El Atl\u00e1ntico<\/span><span class=\"picture-open\"><button class=\"open-image\" aria-label=\"Open Image\"\/><\/span><\/picture><\/div>\n<div class=\"sc-45461e9c-0 eqiBeF container-text text-embed \" id=\"element-body-4\">\n<p><strong>Ra\u00fal Alejandro Lozano Garc\u00eda (48) <\/strong>manejaba sin licencia de conducir (estaba vencida desde 2022) ni Verificaci\u00f3n T\u00e9cnica Vehicular (VTV) un cami\u00f3n desbordante de soja. <\/p>\n<\/div>\n<div class=\"sc-45461e9c-0 eqiBeF container-text text-embed \" id=\"element-body-5\">\n<p>El Mercedes Benz 1114 transportaba m\u00e1s de 40 toneladas de soja. Es decir, estaba <strong>sobrepasado de kilos<\/strong>. La reglamentaci\u00f3n permite un peso bruto m\u00ednimo de 45 toneladas, incluyendo el chasis y el acoplado, que ya de por s\u00ed suelen pesar entre 13 y 18 toneladas sin la carga.<\/p>\n<\/div>\n<div class=\"sc-98b114a2-0 bkqiHH image-embed  image-embed \" id=\"element-body-6\"><picture class=\"sc-98b114a2-1 jRUlDm\"><source media=\"(min-width: 975px)\" width=\"720\" height=\"480\" \/><img alt=\"La familia, en una foto en el Facebook del m\u00e9dico fallecido.\" loading=\"lazy\" width=\"720\" height=\"480\" decoding=\"async\" data-nimg=\"1\" style=\"color:transparent\" src=\"https:\/\/13.com.ar\/wp-content\/uploads\/2025\/06\/1750325739_706_Toque-los-pedacitos-de-mi-papa-y-el-asesino-esta.jpg\"\/><span class=\"epigraphe\">La familia, en una foto en el Facebook del m\u00e9dico fallecido.<\/span><span class=\"picture-open\"><button class=\"open-image\" aria-label=\"Open Image\"\/><\/span><\/picture><\/div>\n<div class=\"sc-45461e9c-0 eqiBeF container-text text-embed \" id=\"element-body-7\">\n<p>Eran las 20 cuando el cami\u00f3n sali\u00f3 de una balanza en la zona de La Ballenera. Ingres\u00f3 a la ruta a baja velocidad y Quir\u00f3s no pudo frenar a tiempo. Se encontr\u00f3 con medio acoplado sobre el asfalto y se incrust\u00f3 debajo.<\/p>\n<\/div>\n<div class=\"sc-45461e9c-0 eqiBeF container-text text-embed \" id=\"element-body-8\">\n<p>El hombre, un reconocido m\u00e9dico marplatense y ligado al rugby, muri\u00f3 en el acto. Su pareja, <strong>Yanina Liani (39)<\/strong>, sufri\u00f3 graves heridas pero se recupera en la Cl\u00ednica Col\u00f3n. El hijo de la mujer,<strong> I\u00f1aki Mendiz\u00e1bal<\/strong>, que ten\u00eda 8 a\u00f1os (iba a cumplir los 9 el 24 de noviembre), tambi\u00e9n falleci\u00f3 en el lugar.<\/p>\n<\/div>\n<div class=\"sc-98b114a2-0 bkqiHH image-embed  image-embed \" id=\"element-body-9\"><picture class=\"sc-98b114a2-1 jRUlDm\"><source media=\"(min-width: 975px)\" width=\"720\" height=\"480\" \/><img alt=\"El m\u00e9dico Diego Quir\u00f3s se cas\u00f3 el 16 de diciembre de 2023 con Yanina Liani.\" loading=\"lazy\" width=\"720\" height=\"480\" decoding=\"async\" data-nimg=\"1\" style=\"color:transparent\" src=\"https:\/\/13.com.ar\/wp-content\/uploads\/2025\/06\/1750325739_140_Toque-los-pedacitos-de-mi-papa-y-el-asesino-esta.jpg\"\/><span class=\"epigraphe\">El m\u00e9dico Diego Quir\u00f3s se cas\u00f3 el 16 de diciembre de 2023 con Yanina Liani.<\/span><span class=\"picture-open\"><button class=\"open-image\" aria-label=\"Open Image\"\/><\/span><\/picture><\/div>\n<div class=\"sc-45461e9c-0 eqiBeF container-text text-embed \" id=\"element-body-10\">\n<p>&#8220;Revis\u00e9 las pertenencias, el auto y me llen\u00e9 las manos de sangre. A mi pap\u00e1 lo decapit\u00f3 a la mitad&#8221;, cuenta Francisco sin poder asumir lo que atraves\u00f3: &#8220;No puedo comer, no puedo dormir. <strong>Es terrible lo que estoy viviendo<\/strong>&#8220;.<\/p>\n<\/div>\n<div class=\"sc-45461e9c-0 eqiBeF container-text text-embed \" id=\"element-body-11\">\n<p>El joven fue hasta el lugar del choque porque en la morgue no hab\u00eda nadie. La Polic\u00eda, en vez de contenerlo, lo mand\u00f3 all\u00ed, donde atraves\u00f3 un momento que ahora no puede olvidar.<\/p>\n<\/div>\n<div class=\"sc-45461e9c-0 eqiBeF container-text text-embed \" id=\"element-body-12\">\n<p>En principio se cre\u00eda que la lanza del acoplado se hab\u00eda roto y que por eso hab\u00eda quedado cruzado en el asfalto. Pero, en realidad, se cort\u00f3 con el impacto.<\/p>\n<\/div>\n<div class=\"sc-45461e9c-0 eqiBeF container-text text-embed \" id=\"element-body-13\">\n<p>Si bien a Francisco le comentaron que el acoplado &#8220;no ten\u00eda luces&#8221; en la parte trasera, esto no fue comprobado todav\u00eda en el expediente.<\/p>\n<\/div>\n<div class=\"sc-98b114a2-0 bkqiHH image-embed  image-embed \" id=\"element-body-14\"><picture class=\"sc-98b114a2-1 jRUlDm\"><source media=\"(min-width: 975px)\" width=\"720\" height=\"480\" \/><img alt=\"Los m\u00e9dicos Diego y Francisco Quir\u00f3s, padre e hijo.\" loading=\"lazy\" width=\"720\" height=\"480\" decoding=\"async\" data-nimg=\"1\" style=\"color:transparent\" src=\"https:\/\/13.com.ar\/wp-content\/uploads\/2025\/06\/1750325739_28_Toque-los-pedacitos-de-mi-papa-y-el-asesino-esta.jpg\"\/><span class=\"epigraphe\">Los m\u00e9dicos Diego y Francisco Quir\u00f3s, padre e hijo.<\/span><span class=\"picture-open\"><button class=\"open-image\" aria-label=\"Open Image\"\/><\/span><\/picture><\/div>\n<div class=\"sc-45461e9c-0 eqiBeF container-text text-embed \" id=\"element-body-15\">\n<p>El <strong>fiscal Rodolfo Moure<\/strong> est\u00e1 a cargo de la investigaci\u00f3n por &#8220;<em>homicidio culposo agravado por la conducci\u00f3n imprudente de un veh\u00edculo con motor, calificado por la multiplicidad de v\u00edctimas (art\u00edculo 84 bis del C\u00f3digo Penal) y lesiones culposas<\/em>&#8220;.<\/p>\n<\/div>\n<div class=\"sc-45461e9c-0 eqiBeF container-text text-embed \" id=\"element-body-16\">\n<p>Mientras espera por el resultado de las pericias accidentol\u00f3gicas, Moure apel\u00f3 la excarcelaci\u00f3n del camionero que le otorg\u00f3<strong> el juez de Garant\u00edas N\u00b0 1, Daniel De Marco<\/strong>, al considerar que existe <strong>&#8220;riesgo de fuga&#8221;<\/strong> por una condena previa por violencia de g\u00e9nero.<\/p>\n<\/div>\n<div class=\"sc-45461e9c-0 eqiBeF container-text text-embed \" id=\"element-body-17\">\n<p>Lozano Garc\u00eda, que vive en Quequ\u00e9n, atac\u00f3 a su pareja el 19 de abril de 2019 a bordo de un Ford Fiesta en las calles 32 y 57, en Necochea. La zamarre\u00f3, le peg\u00f3 una trompada en la cara y un golpe en la nuca.<\/p>\n<\/div>\n<div class=\"sc-98b114a2-0 bkqiHH image-embed  image-embed \" id=\"element-body-18\"><picture class=\"sc-98b114a2-1 jRUlDm\"><source media=\"(min-width: 975px)\" width=\"720\" height=\"480\" \/><img alt=\"El camionero Ra\u00fal Alejandro Lozano Garc\u00eda, imputado por el choque fatal en la ruta provincial 88.\" loading=\"lazy\" width=\"720\" height=\"480\" decoding=\"async\" data-nimg=\"1\" style=\"color:transparent\" src=\"https:\/\/13.com.ar\/wp-content\/uploads\/2025\/06\/1750325740_461_Toque-los-pedacitos-de-mi-papa-y-el-asesino-esta.jpg\"\/><span class=\"epigraphe\">El camionero Ra\u00fal Alejandro Lozano Garc\u00eda, imputado por el choque fatal en la ruta provincial 88.<\/span><span class=\"picture-open\"><button class=\"open-image\" aria-label=\"Open Image\"\/><\/span><\/picture><\/div>\n<div class=\"sc-45461e9c-0 eqiBeF container-text text-embed \" id=\"element-body-19\">\n<p>El juez en lo Correccional N\u00b0 1, Ernesto Juliano, en 2022, le aplic\u00f3 una pena de <strong>seis meses de ejecuci\u00f3n condicional por &#8220;<em>lesiones dolosas leves calificadas por el v\u00ednculo<\/em><\/strong>&#8220;.<\/p>\n<\/div>\n<div class=\"sc-45461e9c-0 eqiBeF container-text text-embed \" id=\"element-body-20\">\n<p>En su declaraci\u00f3n ante el fiscal Moure, el camionero asegur\u00f3 que nunca vio venir al auto, pero remarc\u00f3 que una mujer que lleg\u00f3 al lugar, apenas ocurrido el choque, le dijo que el Mercedes Benz &#8220;iba muy r\u00e1pido&#8221;.<\/p>\n<\/div>\n<div class=\"sc-45461e9c-0 eqiBeF container-text text-embed \" id=\"element-body-21\">\n<p>Al momento del hecho, las v\u00edctimas volv\u00edan de Bah\u00eda Blanca, adonde hab\u00edan ido a visitar a los pap\u00e1s de Yanina.<\/p>\n<\/div>\n<div class=\"sc-45461e9c-0 eqiBeF container-text text-embed \" id=\"element-body-22\">\n<p>El choque fue en un sector del acoplado donde suele ubicarse la rueda de auxilio, pero este cami\u00f3n no la ten\u00eda. <\/p>\n<\/div>\n<div class=\"sc-98b114a2-0 bkqiHH image-embed  image-embed \" id=\"element-body-23\"><picture class=\"sc-98b114a2-1 jRUlDm\"><source media=\"(min-width: 975px)\" width=\"720\" height=\"480\" \/><img alt=\"El auto que choc\u00f3 contra un acoplado cruzado en la ruta provincial 88, cerca del acceso a Miramar. Foto La Capital de Mar del Plata\" loading=\"lazy\" width=\"720\" height=\"480\" decoding=\"async\" data-nimg=\"1\" style=\"color:transparent\" src=\"https:\/\/13.com.ar\/wp-content\/uploads\/2025\/06\/1749893070_324_Murio-otro-medico-en-un-choque-frontal-en-una-ruta.jpg\"\/><span class=\"epigraphe\">El auto que choc\u00f3 contra un acoplado cruzado en la ruta provincial 88, cerca del acceso a Miramar. Foto La Capital de Mar del Plata<\/span><span class=\"picture-open\"><button class=\"open-image\" aria-label=\"Open Image\"\/><\/span><\/picture><\/div>\n<div class=\"sc-45461e9c-0 eqiBeF container-text text-embed \" id=\"element-body-24\">\n<p>&#8220;Mi pap\u00e1 impact\u00f3 directamente contra el fierro y fue lo que lo decapit\u00f3&#8221;, se\u00f1ala su hijo Francisco, que es profesor de Farmacolog\u00eda y Toxicolog\u00eda en la Universidad FASTA y es asesorado por su abogado y amigo Juan Manuel Belliure.<\/p>\n<\/div>\n<div class=\"sc-45461e9c-0 eqiBeF container-text text-embed \" id=\"element-body-25\">\n<p>Este martes, en la Cl\u00ednica Col\u00f3n, de Mar del Plata, Yanina se despert\u00f3 del coma, aunque sigue sedada. Ya sabe que murieron su pareja y su hijo. <\/p>\n<\/div>\n<div class=\"sc-98b114a2-0 bkqiHH image-embed  image-embed \" id=\"element-body-26\"><picture class=\"sc-98b114a2-1 jRUlDm\"><source media=\"(min-width: 975px)\" width=\"720\" height=\"480\" \/><img alt=\"El m\u00e9dico marplatense Diego Quir\u00f3s (57) y su esposa, Yanina Liani (39).\" loading=\"lazy\" width=\"720\" height=\"480\" decoding=\"async\" data-nimg=\"1\" style=\"color:transparent\" src=\"https:\/\/13.com.ar\/wp-content\/uploads\/2025\/06\/1749893069_721_Murio-otro-medico-en-un-choque-frontal-en-una-ruta.jpg\"\/><span class=\"epigraphe\">El m\u00e9dico marplatense Diego Quir\u00f3s (57) y su esposa, Yanina Liani (39).<\/span><span class=\"picture-open\"><button class=\"open-image\" aria-label=\"Open Image\"\/><\/span><\/picture><\/div>\n<div class=\"sc-45461e9c-0 eqiBeF container-text text-embed \" id=\"element-body-27\">\n<p>La mujer fue operada dos veces debido a que sufri\u00f3 <strong>m\u00faltiples lesiones<\/strong>: laceraci\u00f3n hep\u00e1tica, fractura de clav\u00edcula, desplazo total de la v\u00e9rtebra lumbar L4, perforaci\u00f3n de un pulm\u00f3n, hematoma subdural y cortes varios en la cara.<\/p>\n<\/div>\n<p><h2>Qui\u00e9n era Diego Quir\u00f3s<\/h2>\n<\/p>\n<div class=\"sc-45461e9c-0 eqiBeF container-text text-embed \" id=\"element-body-29\">\n<p>Diego Quir\u00f3s trabajaba en las principales cl\u00ednicas de la ciudad y, adem\u00e1s, estaba ligado al rugby, en el club Bigu\u00e1, que el fin de semana pasado le hizo un emotivo homenaje.<\/p>\n<\/div>\n<div class=\"sc-45461e9c-0 eqiBeF container-text text-embed \" id=\"element-body-30\">\n<p>Era el director de<strong> Im\u00e1genes MDQ<\/strong>, un centro de diagn\u00f3stico por im\u00e1genes con siete sedes en la ciudad balnearia. <\/p>\n<\/div>\n<div class=\"sc-98b114a2-0 bkqiHH image-embed  image-embed \" id=\"element-body-31\"><picture class=\"sc-98b114a2-1 jRUlDm\"><source media=\"(min-width: 975px)\" width=\"720\" height=\"480\" \/><img alt=\"El posteo del club Bigu\u00e1 de Mar del Plata tras la tr\u00e1gica muerte de su ex presidente, el m\u00e9dico Diego Quir\u00f3s (57).\" loading=\"lazy\" width=\"720\" height=\"480\" decoding=\"async\" data-nimg=\"1\" style=\"color:transparent\" src=\"https:\/\/13.com.ar\/wp-content\/uploads\/2025\/06\/1750325740_662_Toque-los-pedacitos-de-mi-papa-y-el-asesino-esta.jpg\"\/><span class=\"epigraphe\">El posteo del club Bigu\u00e1 de Mar del Plata tras la tr\u00e1gica muerte de su ex presidente, el m\u00e9dico Diego Quir\u00f3s (57).<\/span><span class=\"picture-open\"><button class=\"open-image\" aria-label=\"Open Image\"\/><\/span><\/picture><\/div>\n<div class=\"sc-45461e9c-0 eqiBeF container-text text-embed \" id=\"element-body-32\">\n<p>Uno de sus mejores amigos era su colega radi\u00f3logo Alejandro Rol\u00f3n, que trabaja con el seleccionado argentino de f\u00fatbol.<\/p>\n<\/div>\n<div class=\"sc-45461e9c-0 eqiBeF container-text text-embed \" id=\"element-body-33\">\n<p>Hab\u00eda criado a otro hijo (de su primera esposa) que tiene 30 a\u00f1os, vive en Italia y, apenas se enter\u00f3 de la tragedia, viaj\u00f3 para despedirlo.<\/p>\n<\/div>\n<p><iframe loading=\"lazy\" src=\"https:\/\/www.facebook.com\/plugins\/post.php?href=https%3A%2F%2Fwww.facebook.com%2Fimagenes.mdq%2Fposts%2Fpfbid07DRXrr4ma4yS8BYUe3b37hHLV53wvDaczPYy2L6iqRC22nv1j3BjpoE2vemjqExml&amp;show_text=true&amp;width=500\" width=\"500\" height=\"757\" style=\"border:none;overflow:hidden\" scrolling=\"no\" frameborder=\"0\" allowfullscreen=\"true\" allow=\"autoplay; clipboard-write; encrypted-media; picture-in-picture; web-share\"><\/iframe><\/p>\n<div class=\"sc-45461e9c-0 eqiBeF container-text text-embed \" id=\"element-body-35\">\n<p>&#8220;Mi viejo era una persona que predicaba la amistad y la generosidad&#8221;, rescata Francisco.<\/p>\n<\/div>\n<p><h2>La ruta 88, en estado deplorable<\/h2>\n<\/p>\n<div class=\"sc-45461e9c-0 eqiBeF container-text text-embed \" id=\"element-body-37\">\n<p>La ruta provincial 88, de una sola v\u00eda (mano y contramano), consta de 127 kil\u00f3metros que unen Mar del Plata con Necochea. En lo que va de 2025, ya se cobr\u00f3 13 vidas. Son 19 las muertes en poco m\u00e1s de un a\u00f1o.<\/p>\n<\/div>\n<div class=\"sc-45461e9c-0 eqiBeF container-text text-embed \" id=\"element-body-38\">\n<p>El sector m\u00e1s cr\u00edtico es <strong>La Ballenera<\/strong>, justo donde fue el choque en el que murieron Quir\u00f3s y el hijo de su mujer.<\/p>\n<\/div>\n<div class=\"sc-98b114a2-0 bkqiHH image-embed  image-embed \" id=\"element-body-39\"><picture class=\"sc-98b114a2-1 jRUlDm\"><source media=\"(min-width: 975px)\" width=\"720\" height=\"480\" \/><img alt=\"El Mercedes Benz GLA 250 del m\u00e9dico Diego Quir\u00f3s qued\u00f3 destruido tras el choque en la ruta provincial 88.\" loading=\"lazy\" width=\"720\" height=\"480\" decoding=\"async\" data-nimg=\"1\" style=\"color:transparent\" src=\"https:\/\/13.com.ar\/wp-content\/uploads\/2025\/06\/1750325740_680_Toque-los-pedacitos-de-mi-papa-y-el-asesino-esta.jpg\"\/><span class=\"epigraphe\">El Mercedes Benz GLA 250 del m\u00e9dico Diego Quir\u00f3s qued\u00f3 destruido tras el choque en la ruta provincial 88.<\/span><span class=\"picture-open\"><button class=\"open-image\" aria-label=\"Open Image\"\/><\/span><\/picture><\/div>\n<div class=\"sc-45461e9c-0 eqiBeF container-text text-embed \" id=\"element-body-40\">\n<p>Cerca de all\u00ed, en el kil\u00f3metro 52, Francisco perdi\u00f3 a un amigo, <strong>Juan Mart\u00edn Roubicek (22)<\/strong>, hijo de m\u00e9dicos, quien manejaba un Ford Fiesta y fue impactado por una Volkswagen Amarok en su lateral derecho, el 15 de abril de 2023.<\/p>\n<\/div>\n<div class=\"sc-45461e9c-0 eqiBeF container-text text-embed \" id=\"element-body-41\">\n<p>El joven cuenta que en estos d\u00edas se le acerc\u00f3 gente que ni conoc\u00eda para darle &#8220;palabras de aliento&#8221;. Que recibi\u00f3 mensajes de centros de radiolog\u00eda de Jap\u00f3n, de Estados Unidos y de m\u00e9dicos de todas partes. Que compart\u00eda con su pap\u00e1 la pasi\u00f3n por <strong>Boca y Los Redondos<\/strong>. Y cierra con un deseo que ya no podr\u00e1 cumplir: &#8220;Me gustar\u00eda una \u00faltima charla con mi viejo. Era mi h\u00e9roe&#8221;.<\/p>\n<\/div>\n<\/div>\n<p><br \/>\n<br \/><a href=\"https:\/\/www.clarin.com\/sociedad\/tragedia-ruta-88-toque-pedacitos-papa-asesino-casa_0_EVlxQRjQ60.html\">Fuente Clarin.com <\/a><\/p>\n","protected":false},"excerpt":{"rendered":"<p>Francisco Quir\u00f3s (24) sufre insomnio desde que vio lo que qued\u00f3 de su pap\u00e1. Lo atormenta la imagen de los restos de Diego Quir\u00f3s (57) dentro del Mercedes Benz GLA 250, tras chocar contra el acoplado de un cami\u00f3n en el kil\u00f3metro 45 de la ruta provincial 88, cerca del acceso a Miramar. Si bien [&hellip;]<\/p>\n","protected":false},"author":1,"featured_media":35194,"comment_status":"open","ping_status":"open","sticky":false,"template":"","format":"standard","meta":{"footnotes":""},"categories":[2],"tags":[1450,108,300,28,2919,21646,7001],"class_list":["post-35193","post","type-post","status-publish","format-standard","has-post-thumbnail","hentry","category-ultimas-noticias","tag-asesino","tag-casa","tag-esta","tag-los","tag-papa","tag-pedacitos","tag-toque"],"_links":{"self":[{"href":"https:\/\/13.com.ar\/index.php\/wp-json\/wp\/v2\/posts\/35193","targetHints":{"allow":["GET"]}}],"collection":[{"href":"https:\/\/13.com.ar\/index.php\/wp-json\/wp\/v2\/posts"}],"about":[{"href":"https:\/\/13.com.ar\/index.php\/wp-json\/wp\/v2\/types\/post"}],"author":[{"embeddable":true,"href":"https:\/\/13.com.ar\/index.php\/wp-json\/wp\/v2\/users\/1"}],"replies":[{"embeddable":true,"href":"https:\/\/13.com.ar\/index.php\/wp-json\/wp\/v2\/comments?post=35193"}],"version-history":[{"count":0,"href":"https:\/\/13.com.ar\/index.php\/wp-json\/wp\/v2\/posts\/35193\/revisions"}],"wp:featuredmedia":[{"embeddable":true,"href":"https:\/\/13.com.ar\/index.php\/wp-json\/wp\/v2\/media\/35194"}],"wp:attachment":[{"href":"https:\/\/13.com.ar\/index.php\/wp-json\/wp\/v2\/media?parent=35193"}],"wp:term":[{"taxonomy":"category","embeddable":true,"href":"https:\/\/13.com.ar\/index.php\/wp-json\/wp\/v2\/categories?post=35193"},{"taxonomy":"post_tag","embeddable":true,"href":"https:\/\/13.com.ar\/index.php\/wp-json\/wp\/v2\/tags?post=35193"}],"curies":[{"name":"wp","href":"https:\/\/api.w.org\/{rel}","templated":true}]}}