{"id":35189,"date":"2025-06-19T06:21:32","date_gmt":"2025-06-19T09:21:32","guid":{"rendered":"https:\/\/13.com.ar\/index.php\/ya-esta-el-trailer-y-los-directores-cuentan-su-transformacion\/"},"modified":"2025-06-19T06:21:32","modified_gmt":"2025-06-19T09:21:32","slug":"ya-esta-el-trailer-y-los-directores-cuentan-su-transformacion","status":"publish","type":"post","link":"https:\/\/13.com.ar\/index.php\/ya-esta-el-trailer-y-los-directores-cuentan-su-transformacion\/","title":{"rendered":"ya est\u00e1 el trailer y los directores cuentan su transformaci\u00f3n"},"content":{"rendered":"<p> <br \/>\n<\/p>\n<div id=\"cuerpo\">\n<div class=\"sc-45461e9c-0 eqiBeF container-text text-embed \" id=\"element-body-0\">\n<p>Como adelanto exclusivo, <strong><em>Clar\u00edn<\/em><\/strong> publica el trailer de <strong><em>Homo Argentum<\/em><\/strong>, la nueva pel\u00edcula de <strong>Mariano Cohn<\/strong> y<strong> Gast\u00f3n Duprat<\/strong>, que tiene a <strong>Guillermo Francella<\/strong> como protagonista absoluto&#8230; en 16 historias.<\/p>\n<\/div>\n<div class=\"sc-45461e9c-0 eqiBeF container-text text-embed \" id=\"element-body-1\">\n<p>Es que en esta nueva colaboraci\u00f3n entre los tres, tras la serie <em>El encargado<\/em>, Francella protagoniza las 16 mini pel\u00edculas que conforman el filme.<\/p>\n<\/div>\n<div class=\"sc-45461e9c-0 eqiBeF container-text text-embed \" id=\"element-body-2\">\n<p>Si hasta encarna al Presidente de la Naci\u00f3n&#8230;<\/p>\n<\/div>\n<div class=\"sc-45461e9c-0 eqiBeF container-text text-embed \" id=\"element-body-3\">\n<p>La pel\u00edcula se estrenar\u00e1 reci\u00e9n el jueves 14 de agosto, el fin de semana largo por el feriado del 17 de agosto en la Argentina, antes de comenzar su recorrido internacional, y conversamos con los realizadores, que adelantan en exclusiva que se viene la segunda temporada de <em>Nada<\/em>.<\/p>\n<\/div>\n<div class=\"sc-98b114a2-0 bkqiHH image-embed  image-embed \" id=\"element-body-4\"><picture class=\"sc-98b114a2-1 jRUlDm\"><source media=\"(min-width: 975px)\" width=\"720\" height=\"480\" \/><img alt=\"Francella, Duprat y Cohn, en el rodaje de &quot;Homo Argentum&quot;. Fotos Disney\" loading=\"lazy\" width=\"720\" height=\"480\" decoding=\"async\" data-nimg=\"1\" style=\"color:transparent\" src=\"https:\/\/13.com.ar\/wp-content\/uploads\/2025\/06\/ya-esta-el-trailer-y-los-directores-cuentan-su-transformacion.jpg\"\/><span class=\"epigraphe\">Francella, Duprat y Cohn, en el rodaje de &#8220;Homo Argentum&#8221;. Fotos Disney<\/span><span class=\"picture-open\"><button class=\"open-image\" aria-label=\"Open Image\"\/><\/span><\/picture><\/div>\n<div class=\"sc-45461e9c-0 eqiBeF container-text text-embed \" id=\"element-body-5\">\n<p><strong> -\u00bfEl origen, la idea del guion provino de Francella? \u00bfC\u00f3mo se les ocurri\u00f3?<\/strong><\/p>\n<\/div>\n<div class=\"sc-45461e9c-0 eqiBeF container-text text-embed \" id=\"element-body-6\">\n<p><em>-Gast\u00f3n Duprat: <\/em>Tanto a Guillermo como nosotros nos gusta mucho la \u00e9poca dorada del cine italiano, con pel\u00edculas como <em>Los monstruos<\/em>, <em>Un burgu\u00e9s peque\u00f1o peque\u00f1o<\/em> o<em> Viva Italia<\/em>, entre otras joyas de la comedia italiana sarc\u00e1stica. Y quisimos recrear ese esp\u00edritu y ese tono en <em>Homo Argentum<\/em>, una pel\u00edcula compuesta por 16 mini pel\u00edculas, todas protagonizadas por Guillermo, que realiza nada menos que 16 personajes distintos, todos argentinos y contempor\u00e1neos. <\/p>\n<\/div>\n<div class=\"sc-45461e9c-0 eqiBeF container-text text-embed \" id=\"element-body-7\">\n<p>Si bien las historias son aut\u00f3nomas, la suma de todas ellas nos deja una reflexi\u00f3n cr\u00edtica en tono de comedia sobre la contemporaneidad argentina.<\/p>\n<\/div>\n<div class=\"sc-98b114a2-0 bkqiHH image-embed  image-embed \" id=\"element-body-8\"><picture class=\"sc-98b114a2-1 jRUlDm\"><source media=\"(min-width: 975px)\" width=\"0\" height=\"750\" \/><img alt=\"Guillermo Francella y sus 16 personajes.\" loading=\"lazy\" width=\"0\" height=\"750\" decoding=\"async\" data-nimg=\"1\" style=\"color:transparent\" src=\"https:\/\/13.com.ar\/wp-content\/uploads\/2025\/06\/ya-esta-el-trailer-y-los-directores-cuentan-su-transformacion.jpg#1750277526739.jpeg\"\/><span class=\"epigraphe\">Guillermo Francella y sus 16 personajes.<\/span><span class=\"picture-open\"><button class=\"open-image\" aria-label=\"Open Image\"\/><\/span><\/picture><\/div>\n<p><h2>Guillermo Francella y la empat\u00eda con sus personajes<\/h2>\n<\/p>\n<div class=\"sc-45461e9c-0 eqiBeF container-text text-embed \" id=\"element-body-10\">\n<p><strong>-\u00bfPor qu\u00e9 16 mini pel\u00edculas y no 10, 12 o 20?<\/strong><\/p>\n<\/div>\n<div class=\"sc-45461e9c-0 eqiBeF container-text text-embed \" id=\"element-body-11\">\n<p><em>-Mariano Cohn:<\/em> El formato remite a esas pel\u00edculas de vi\u00f1etas italianas que coment\u00f3 Gast\u00f3n. La elecci\u00f3n fue en principio tem\u00e1tica, para que no hubiera personajes o historias parecidas. Pero cuando se fue afinando la shortlist, ya empezaban a jugar otras cosas: lo que se quer\u00eda narrar, c\u00f3mo filmarlo y la empat\u00eda de Guillermo con los diferentes personajes.<\/p>\n<\/div>\n<div class=\"sc-98b114a2-0 bkqiHH image-embed  image-embed \" id=\"element-body-12\"><picture class=\"sc-98b114a2-1 jRUlDm\"><source media=\"(min-width: 975px)\" width=\"720\" height=\"480\" \/><img alt=\"En el rodaje, en el Motorhome, con parte de los diferentes peinados de los personajes de Guillermo Francella.\" loading=\"lazy\" width=\"720\" height=\"480\" decoding=\"async\" data-nimg=\"1\" style=\"color:transparent\" src=\"https:\/\/13.com.ar\/wp-content\/uploads\/2025\/06\/1750324892_642_ya-esta-el-trailer-y-los-directores-cuentan-su-transformacion.jpg\"\/><span class=\"epigraphe\">En el rodaje, en el Motorhome, con parte de los diferentes peinados de los personajes de Guillermo Francella.<\/span><span class=\"picture-open\"><button class=\"open-image\" aria-label=\"Open Image\"\/><\/span><\/picture><\/div>\n<div class=\"sc-45461e9c-0 eqiBeF container-text text-embed \" id=\"element-body-14\">\n<p>-Al d\u00eda de hoy, con todo ya filmado, no sabr\u00eda qu\u00e9 decirte, cu\u00e1l de todas me gusta m\u00e1s. De hecho, mi gusto va cambiando\u2026 Ahora, si me apur\u00e1s, mi preferida es la vi\u00f1eta del director de cine.<\/p>\n<\/div>\n<div class=\"sc-45461e9c-0 eqiBeF container-text text-embed \" id=\"element-body-15\">\n<p><strong>-\u00bfLes quedaron historias por filmar, que las escribieron, pero quedaron en el papel?<\/strong><\/p>\n<\/div>\n<div class=\"sc-45461e9c-0 eqiBeF container-text text-embed \" id=\"element-body-16\">\n<p><em>-GD:<\/em> S\u00ed, escribimos un total de 40 historias junto a Mariano, Andr\u00e9s Duprat y Horacio Convertini. Tuvimos un largo tiempo de escritura, casi dos a\u00f1os. Y filmamos solo 16 de ellas, si no hubiese durado seis horas. \u00a1As\u00ed que tenemos para <em>Homo Argentum 2<\/em> y <em>Homo Argentum 3<\/em>!<\/p>\n<\/div>\n<div class=\"sc-98b114a2-0 bkqiHH image-embed  image-embed \" id=\"element-body-17\"><picture class=\"sc-98b114a2-1 jRUlDm\"><source media=\"(min-width: 975px)\" width=\"720\" height=\"480\" \/><img alt=\"La idea de la pel\u00edcula fue tanto de Francella como de los realizadores de &quot;El encargado&quot;.\" loading=\"lazy\" width=\"720\" height=\"480\" decoding=\"async\" data-nimg=\"1\" style=\"color:transparent\" src=\"https:\/\/13.com.ar\/wp-content\/uploads\/2025\/06\/1750324892_694_ya-esta-el-trailer-y-los-directores-cuentan-su-transformacion.jpg\"\/><span class=\"epigraphe\">La idea de la pel\u00edcula fue tanto de Francella como de los realizadores de &#8220;El encargado&#8221;.<\/span><span class=\"picture-open\"><button class=\"open-image\" aria-label=\"Open Image\"\/><\/span><\/picture><\/div>\n<div class=\"sc-45461e9c-0 eqiBeF container-text text-embed \" id=\"element-body-18\">\n<p><strong>-\u00bfDir\u00edan que cada una de las mini pel\u00edculas refiere a un tipo argentino, a una caracter\u00edstica del ser nacional?<\/strong><\/p>\n<\/div>\n<div class=\"sc-45461e9c-0 eqiBeF container-text text-embed \" id=\"element-body-19\">\n<p><em>-MC:<\/em> Eso lo tendr\u00eda que decir el p\u00fablico, o la cr\u00edtica\u2026 Hay que ver qu\u00e9 te refleja el espejo. Yo, Homo Argentum\u2026 (risas)<\/p>\n<\/div>\n<div class=\"sc-98b114a2-0 bkqiHH image-embed  image-embed \" id=\"element-body-20\"><picture class=\"sc-98b114a2-1 jRUlDm\"><source media=\"(min-width: 975px)\" width=\"720\" height=\"480\" \/><img alt=\"Cohn, Duprat y los abor\u00edgenes de la mini pel\u00edcula &quot;Al rescate de los Arawis&quot;.\" loading=\"lazy\" width=\"720\" height=\"480\" decoding=\"async\" data-nimg=\"1\" style=\"color:transparent\" src=\"https:\/\/13.com.ar\/wp-content\/uploads\/2025\/06\/1750324892_800_ya-esta-el-trailer-y-los-directores-cuentan-su-transformacion.jpg\"\/><span class=\"epigraphe\">Cohn, Duprat y los abor\u00edgenes de la mini pel\u00edcula &#8220;Al rescate de los Arawis&#8221;.<\/span><span class=\"picture-open\"><button class=\"open-image\" aria-label=\"Open Image\"\/><\/span><\/picture><\/div>\n<p><h2>Francella, Presidente<\/h2>\n<\/p>\n<div class=\"sc-45461e9c-0 eqiBeF container-text text-embed \" id=\"element-body-22\">\n<p><strong>-En el tr\u00e1iler se ve a Guillermo como Presidente de la naci\u00f3n\u2026<\/strong><\/p>\n<\/div>\n<div class=\"sc-45461e9c-0 eqiBeF container-text text-embed \" id=\"element-body-23\">\n<p><em>-GD:<\/em> As\u00ed es. Pero tranquilos, es un presidente de ficci\u00f3n, el personaje no alude a ning\u00fan presidente real que hayamos tenido. Esa es la mini pel\u00edcula m\u00e1s corta, dura solo un minuto. El resto de las historias tienen duraci\u00f3n variable, pero van de los 4 a los 12 minutos de duraci\u00f3n cada una.<\/p>\n<\/div>\n<div class=\"sc-45461e9c-0 eqiBeF container-text text-embed \" id=\"element-body-24\">\n<p><strong>-\u00bfFilmaron en la Casa Rosada?<\/strong><\/p>\n<\/div>\n<div class=\"sc-45461e9c-0 eqiBeF container-text text-embed \" id=\"element-body-25\">\n<p><em>-MC: <\/em>Se recre\u00f3 el Sal\u00f3n Blanco de la Casa Rosada en un estudio. As\u00ed que si quer\u00edan la nota de color, si vimos o no vimos a Milei, no, no lo vimos. Cuando la filmamos imaginamos lo dif\u00edcil que era para un ser humano estar sentado en ese sill\u00f3n. No nos inspiramos en ning\u00fan presidente conocido.<\/p>\n<\/div>\n<div class=\"sc-98b114a2-0 bkqiHH image-embed  image-embed \" id=\"element-body-26\"><picture class=\"sc-98b114a2-1 jRUlDm\"><source media=\"(min-width: 975px)\" width=\"720\" height=\"480\" \/><img alt=\"En Montalbano, Sicilia, donde se rod\u00f3 la historia que cierra la pel\u00edcula.\" loading=\"lazy\" width=\"720\" height=\"480\" decoding=\"async\" data-nimg=\"1\" style=\"color:transparent\" src=\"https:\/\/13.com.ar\/wp-content\/uploads\/2025\/06\/1750324892_806_ya-esta-el-trailer-y-los-directores-cuentan-su-transformacion.jpg\"\/><span class=\"epigraphe\">En Montalbano, Sicilia, donde se rod\u00f3 la historia que cierra la pel\u00edcula.<\/span><span class=\"picture-open\"><button class=\"open-image\" aria-label=\"Open Image\"\/><\/span><\/picture><\/div>\n<div class=\"sc-45461e9c-0 eqiBeF container-text text-embed \" id=\"element-body-27\">\n<p><strong>-Filmaron en Italia, \u00bfen qu\u00e9 regi\u00f3n?<\/strong><\/p>\n<\/div>\n<div class=\"sc-45461e9c-0 eqiBeF container-text text-embed \" id=\"element-body-28\">\n<p><em>-GD: <\/em>La pel\u00edcula tuvo nueve semanas de rodaje, y una de ellas fue en Sicilia, en un pueblito que se llama Montalbano. Es una historia muy poderosa, es la que cierra la pel\u00edcula y trata de un ingeniero argentino que decide ir por primera vez a conocer a sus ancestros italianos en un peque\u00f1o pueblito perdido entre las monta\u00f1as. Pero lo que parece ser un c\u00e1lido y entra\u00f1able encuentro con su familia tiene un giro muy impredecible.<\/p>\n<\/div>\n<div class=\"sc-45461e9c-0 eqiBeF container-text text-embed \" id=\"element-body-29\">\n<p><strong>-\u00bfVan a ir al Festival de Venecia con \u201cHomo Argentum\u201d?<\/strong><\/p>\n<\/div>\n<div class=\"sc-45461e9c-0 eqiBeF container-text text-embed \" id=\"element-body-30\">\n<p><em>-MC:<\/em> Nuestra relaci\u00f3n con el Festival de Venecia es de mucha afinidad y esta pel\u00edcula tiene un gui\u00f1o con el cine italiano como dec\u00edamos, adem\u00e1s de la historia que se film\u00f3 en Sicilia. Estuvimos en tres oportunidades y yo una como jurado de la Competencia Oficial junto a Julianne Moore, pero a\u00fan no podemos anunciar nada sobre el estreno mundial de la peli.<\/p>\n<\/div>\n<div class=\"sc-98b114a2-0 bkqiHH image-embed  image-embed \" id=\"element-body-31\"><picture class=\"sc-98b114a2-1 jRUlDm\"><source media=\"(min-width: 975px)\" width=\"720\" height=\"480\" \/><img alt=\"Record de v\u00edas: 55 metros, m\u00e1s de media cuadra para un travelling de la historia &quot;Noche de suerte&quot;.\" loading=\"lazy\" width=\"720\" height=\"480\" decoding=\"async\" data-nimg=\"1\" style=\"color:transparent\" src=\"https:\/\/13.com.ar\/wp-content\/uploads\/2025\/06\/1750324892_975_ya-esta-el-trailer-y-los-directores-cuentan-su-transformacion.jpg\"\/><span class=\"epigraphe\">Record de v\u00edas: 55 metros, m\u00e1s de media cuadra para un travelling de la historia &#8220;Noche de suerte&#8221;.<\/span><span class=\"picture-open\"><button class=\"open-image\" aria-label=\"Open Image\"\/><\/span><\/picture><\/div>\n<p><h2>Con Robert De Niro har\u00e1n &#8220;Todo&#8221;<\/h2>\n<\/p>\n<div class=\"sc-45461e9c-0 eqiBeF container-text text-embed \" id=\"element-body-33\">\n<p>Adem\u00e1s de la pel\u00edcula que filmar\u00e1n en 2026 en Nueva York, con Robert De Niro y Julianne Moore (<strong>ver la nota aqu\u00ed<\/strong>), se viene una nueva temporada de Nada, tambi\u00e9n con el actor de <em>Taxi Driver<\/em>. <\/p>\n<\/div>\n<div class=\"sc-45461e9c-0 eqiBeF container-text text-embed \" id=\"element-body-34\">\n<p><strong>-\u00bfSe viene \u201cNada\u201d segunda parte?<\/strong><\/p>\n<\/div>\n<div class=\"sc-45461e9c-0 eqiBeF container-text text-embed \" id=\"element-body-35\">\n<p><em>-GD:<\/em> S\u00ed, la segunda parte de <em>Nada<\/em> se va a llamar <em>Todo<\/em>. Tambi\u00e9n cuenta con el protag\u00f3nico de Beto Brandoni, Robert De Niro, Majo Cabrera y Enrique Pi\u00f1eyro y del resto del staff de la primera temporada, m\u00e1s una figura internacional de primer\u00edsimo orden, norteamericano de 50 a\u00f1os, que no puedo decir el nombre a\u00fan, pero est\u00e1 99% seguro. La serie volver\u00e1 a mostrar la ciudad de Buenos Aires como nunca se la vio y, por supuesto, los platos cl\u00e1sicos argentinos.<\/p>\n<\/div>\n<div class=\"sc-98b114a2-0 bkqiHH image-embed  image-embed \" id=\"element-body-36\"><picture class=\"sc-98b114a2-1 jRUlDm\"><source media=\"(min-width: 975px)\" width=\"720\" height=\"480\" \/><img alt=\"Duprat, Cohn y De Niro con su mate grabando la primera temporada de &quot;Nada&quot;.\" loading=\"lazy\" width=\"720\" height=\"480\" decoding=\"async\" data-nimg=\"1\" style=\"color:transparent\" src=\"https:\/\/13.com.ar\/wp-content\/uploads\/2025\/06\/1750324892_537_ya-esta-el-trailer-y-los-directores-cuentan-su-transformacion.jpg\"\/><span class=\"epigraphe\">Duprat, Cohn y De Niro con su mate grabando la primera temporada de &#8220;Nada&#8221;.<\/span><span class=\"picture-open\"><button class=\"open-image\" aria-label=\"Open Image\"\/><\/span><\/picture><\/div>\n<div class=\"sc-45461e9c-0 eqiBeF container-text text-embed \" id=\"element-body-37\">\n<p><strong>-\u00bf&#8221;Homo Argentum&#8221; cont\u00f3 con alg\u00fan aporte del INCAA o es todo capital privado?<\/strong><\/p>\n<\/div>\n<div class=\"sc-45461e9c-0 eqiBeF container-text text-embed \" id=\"element-body-38\">\n<p><em>-MC:<\/em> <em>Homo Argentum <\/em>es una pel\u00edcula financiada cien por ciento con capital privado, Disney, Pampa Films, el coproductor italiano Giuseppe Flores de Arcai, y tambi\u00e9n auspiciantes que se subieron a la aventura y fondearon un 25% del costo de la pel\u00edcula. La pel\u00edcula tiene un costo de 5.5 millones de d\u00f3lares, es de las pel\u00edculas m\u00e1s grandes que se hayan filmado en la Argentina. <\/p>\n<\/div>\n<div class=\"sc-45461e9c-0 eqiBeF container-text text-embed \" id=\"element-body-39\">\n<p>Est\u00e1 hecha con el deseo de que el cine argentino vuelva a convocar p\u00fablico a las salas, cosa que no sucede desde la pandemia. Es muy importante que el p\u00fablico acompa\u00f1e esta apuesta y que la vayan a ver a las salas de cine. Es muy disfrutable la experiencia de verla en pantalla grande, y el estreno en las plataformas reci\u00e9n est\u00e1 previsto para el a\u00f1o que viene, as\u00ed que conviene ir a verla este a\u00f1o.<\/p>\n<\/div>\n<\/div>\n<p><br \/>\n<br \/><a href=\"https:\/\/www.clarin.com\/espectaculos\/guillermo-francella-16-personajes-homo-argentum-trailer-directores-cuentan-transformacion_0_98D64xHfZN.html\">Fuente Clarin.com <\/a><\/p>\n","protected":false},"excerpt":{"rendered":"<p>Como adelanto exclusivo, Clar\u00edn publica el trailer de Homo Argentum, la nueva pel\u00edcula de Mariano Cohn y Gast\u00f3n Duprat, que tiene a Guillermo Francella como protagonista absoluto&#8230; en 16 historias. Es que en esta nueva colaboraci\u00f3n entre los tres, tras la serie El encargado, Francella protagoniza las 16 mini pel\u00edculas que conforman el filme. Si [&hellip;]<\/p>\n","protected":false},"author":1,"featured_media":35190,"comment_status":"open","ping_status":"open","sticky":false,"template":"","format":"standard","meta":{"footnotes":""},"categories":[2],"tags":[12797,9157,300,28,3808,2552],"class_list":["post-35189","post","type-post","status-publish","format-standard","has-post-thumbnail","hentry","category-ultimas-noticias","tag-cuentan","tag-directores","tag-esta","tag-los","tag-trailer","tag-transformacion"],"_links":{"self":[{"href":"https:\/\/13.com.ar\/index.php\/wp-json\/wp\/v2\/posts\/35189","targetHints":{"allow":["GET"]}}],"collection":[{"href":"https:\/\/13.com.ar\/index.php\/wp-json\/wp\/v2\/posts"}],"about":[{"href":"https:\/\/13.com.ar\/index.php\/wp-json\/wp\/v2\/types\/post"}],"author":[{"embeddable":true,"href":"https:\/\/13.com.ar\/index.php\/wp-json\/wp\/v2\/users\/1"}],"replies":[{"embeddable":true,"href":"https:\/\/13.com.ar\/index.php\/wp-json\/wp\/v2\/comments?post=35189"}],"version-history":[{"count":0,"href":"https:\/\/13.com.ar\/index.php\/wp-json\/wp\/v2\/posts\/35189\/revisions"}],"wp:featuredmedia":[{"embeddable":true,"href":"https:\/\/13.com.ar\/index.php\/wp-json\/wp\/v2\/media\/35190"}],"wp:attachment":[{"href":"https:\/\/13.com.ar\/index.php\/wp-json\/wp\/v2\/media?parent=35189"}],"wp:term":[{"taxonomy":"category","embeddable":true,"href":"https:\/\/13.com.ar\/index.php\/wp-json\/wp\/v2\/categories?post=35189"},{"taxonomy":"post_tag","embeddable":true,"href":"https:\/\/13.com.ar\/index.php\/wp-json\/wp\/v2\/tags?post=35189"}],"curies":[{"name":"wp","href":"https:\/\/api.w.org\/{rel}","templated":true}]}}