{"id":35188,"date":"2025-06-19T06:18:31","date_gmt":"2025-06-19T09:18:31","guid":{"rendered":"https:\/\/13.com.ar\/index.php\/que-prepagas-aumentan-en-julio-mas-que-la-inflacion-cuales-por-debajo-y-por-que-surge-un-foco-de-tension\/"},"modified":"2025-06-19T06:18:31","modified_gmt":"2025-06-19T09:18:31","slug":"que-prepagas-aumentan-en-julio-mas-que-la-inflacion-cuales-por-debajo-y-por-que-surge-un-foco-de-tension","status":"publish","type":"post","link":"https:\/\/13.com.ar\/index.php\/que-prepagas-aumentan-en-julio-mas-que-la-inflacion-cuales-por-debajo-y-por-que-surge-un-foco-de-tension\/","title":{"rendered":"Qu\u00e9 prepagas aumentan en julio m\u00e1s que la inflaci\u00f3n, cu\u00e1les por debajo y por qu\u00e9 surge un foco de tensi\u00f3n"},"content":{"rendered":"<p> <br \/>\n<br \/><img decoding=\"async\" src=\"https:\/\/13.com.ar\/wp-content\/uploads\/2025\/04\/Como-quedan-los-nuevos-aumentos-de-las-prepagas-tras-el.jpg\" \/><\/p>\n<div id=\"element-body-0\">\n<p>Las <strong>prepagas<\/strong> comenzaron a mandar en las \u00faltimas horas a sus afiliados las cartas con los <strong>avisos de aumento<\/strong> de las facturas que vencen en<strong> julio<\/strong>, tal como indica la ley, cinco d\u00edas despu\u00e9s de conocido el \u00faltimo dato de inflaci\u00f3n, que fue del 1,5 por ciento. Seg\u00fan un relevamiento hecho por <strong>Clar\u00edn<\/strong>, algunas empresas han decidido subir la cuota por encima de la inflaci\u00f3n y otras, por debajo.<\/p>\n<\/div>\n<div id=\"element-body-1\">\n<p>Los primeros datos a los que tuvo acceso este medio corresponden a Swiss Medical -la segunda prepaga m\u00e1s grande del pa\u00eds-, que decidi\u00f3 aplicar una suba del <strong>1,4 por ciento<\/strong> para los planes sin copagos y del <strong>1,1 por ciento<\/strong> para los planes con copagos. Eso arrojar\u00eda un promedio del <strong>1,25 por ciento<\/strong>, aunque ponderado por la cantidad de afiliados sujetos a una u otra modalidad gana m\u00e1s impacto el \u00edndice m\u00e1s alto.<\/p>\n<\/div>\n<div id=\"element-body-2\">\n<p>Por otro andarivel avanza la carta que recibieron los afiliados de Sancor Salud, que informa que la suba de julio ser\u00e1 del <strong>1,2 por ciento<\/strong>, aunque seg\u00fan el caso contiene algunas salvedades. Por ejemplo, la que afirma: \u201cNo obstante, seg\u00fan las caracter\u00edsticas espec\u00edficas de su plan de salud y en relaci\u00f3n a su zona geogr\u00e1fica de residencia (\u2026) el incremento se defini\u00f3 en <strong>2,2 por ciento<\/strong>\u201d.<\/p>\n<\/div>\n<div id=\"element-body-3\">\n<p>Otros n\u00fameros a los que tuvo acceso <strong>Clar\u00edn<\/strong> se\u00f1alan que el plan de salud del Hospital Italiano ajustar\u00e1 su cuota el <strong>1,34 por ciento<\/strong>; Avalian, el <strong>1,75 por ciento<\/strong>; OSDE -la prepaga m\u00e1s grande-, <strong>1,85 por ciento<\/strong> -en este caso la factura vence en agosto porque se cobra a mes vencido-; Galeno,<strong> 1,9 por ciento;<\/strong> Medicus,<strong> 2,65 por ciento<\/strong> (y ya anticip\u00f3 para agosto el 1,45 por ciento). Algunas de las principales prepagas todav\u00eda no hab\u00edan comunicado al cierre de esta nota su aumento.<\/p>\n<\/div>\n<div id=\"element-body-4\">\n<p>Luego de la publicaci\u00f3n del Indice de Precios al Consumidor (IPC) de mayo, surgi\u00f3 la duda de <strong>cu\u00e1l ser\u00eda la decisi\u00f3n<\/strong> de las empresas sobre el ajuste a aplicar en la cuota de julio. Eso se debe a que si bien la inflaci\u00f3n general registr\u00f3 un \u00edndice del <strong>1,5 por ciento<\/strong>, por primera vez en el a\u00f1o el IPC de la salud se ubic\u00f3 por encima de ese valor, para llegar al <strong>2,7 por ciento<\/strong>.<\/p>\n<\/div>\n<div id=\"element-body-6\">\n<p>La explicaci\u00f3n de esa diferencia est\u00e1 vinculada a que, tambi\u00e9n por primera vez en el a\u00f1o, los <strong>medicamentos <\/strong>aumentaron por encima de la inflaci\u00f3n (2,3 por ciento), lo que sumado al incremento de la <strong>medicina prepaga<\/strong> para el mismo periodo (3,1 por ciento) elev\u00f3 el promedio del rubro hacia arriba.<\/p>\n<\/div>\n<div id=\"element-body-7\">\n<p>\u00c9se es el argumento que, precisamente, est\u00e1n utilizando algunas prepagas para explicarles a sus afiliados por qu\u00e9 decidieron ajustar sus cuotas <strong>por encima del IPC<\/strong>. A fines de abril, cuando por pedido del Gobierno tuvieron que reducir los aumentos anunciados originalmente para mayo, el mensaje oficial hab\u00eda sido que el valor de referencia para las subas deb\u00eda ser la <strong>inflaci\u00f3n de la salud,<\/strong> que por entonces se ubicaba por debajo del IPC general. Ahora esa relaci\u00f3n se invirti\u00f3.<\/p>\n<\/div>\n<div id=\"element-body-8\">\n<p>Al comp\u00e1s del deseo del Gobierno -y naturalmente del bolsillo de los usuarios- de mantener bajo su pulgar los aumentos de las cuotas, aparece como tel\u00f3n de fondo un conflicto cuya eventual escalada es dif\u00edcil de predecir:<strong> la paritaria de sanidad<\/strong>. Una fuente del sector financiador explic\u00f3 que el gremio reclama la firma de un acuerdo que permita a sus trabajadores recomponer <strong>lo perdido este a\u00f1o <\/strong>contra la inflaci\u00f3n: &#8220;Ese pedido parece razonable, pero los sanatorios no pueden firmar esa paritaria si las prepagas no aumentan lo necesario&#8221;.<\/p>\n<\/div>\n<div id=\"element-body-9\">\n<p>Una parte importante de los<strong> ingresos de las cl\u00ednicas<\/strong> proviene del cobro del servicio que brindan a las prepagas. En la medida que los incrementos de las cuotas de los afiliados vuelan bajo, lo mismo pasa con los <strong>aranceles de las prestaciones<\/strong>. En el medio se cocina el saldo de ese tironeo: cu\u00e1nta normalidad laboral est\u00e1 dispuesto a sostener el personal de salud -y hasta cu\u00e1ndo- por los salarios que recibe.<\/p>\n<\/div>\n<p><br \/>\n<br \/><a href=\"https:\/\/www.clarin.com\/sociedad\/prepagas-aumentan-julio-inflacion-debajo-surge-foco-tension_0_GoQ7SrPd7L.html\">Fuente Clarin.com <\/a><\/p>\n","protected":false},"excerpt":{"rendered":"<p>Las prepagas comenzaron a mandar en las \u00faltimas horas a sus afiliados las cartas con los avisos de aumento de las facturas que vencen en julio, tal como indica la ley, cinco d\u00edas despu\u00e9s de conocido el \u00faltimo dato de inflaci\u00f3n, que fue del 1,5 por ciento. Seg\u00fan un relevamiento hecho por Clar\u00edn, algunas empresas [&hellip;]<\/p>\n","protected":false},"author":1,"featured_media":18133,"comment_status":"open","ping_status":"open","sticky":false,"template":"","format":"standard","meta":{"footnotes":""},"categories":[2],"tags":[8006,224,9267,2230,1544,2704,155,142,2112,286,18035,1264],"class_list":["post-35188","post","type-post","status-publish","format-standard","has-post-thumbnail","hentry","category-ultimas-noticias","tag-aumentan","tag-cuales","tag-debajo","tag-foco","tag-inflacion","tag-julio","tag-mas","tag-por","tag-prepagas","tag-que","tag-surge","tag-tension"],"_links":{"self":[{"href":"https:\/\/13.com.ar\/index.php\/wp-json\/wp\/v2\/posts\/35188","targetHints":{"allow":["GET"]}}],"collection":[{"href":"https:\/\/13.com.ar\/index.php\/wp-json\/wp\/v2\/posts"}],"about":[{"href":"https:\/\/13.com.ar\/index.php\/wp-json\/wp\/v2\/types\/post"}],"author":[{"embeddable":true,"href":"https:\/\/13.com.ar\/index.php\/wp-json\/wp\/v2\/users\/1"}],"replies":[{"embeddable":true,"href":"https:\/\/13.com.ar\/index.php\/wp-json\/wp\/v2\/comments?post=35188"}],"version-history":[{"count":0,"href":"https:\/\/13.com.ar\/index.php\/wp-json\/wp\/v2\/posts\/35188\/revisions"}],"wp:featuredmedia":[{"embeddable":true,"href":"https:\/\/13.com.ar\/index.php\/wp-json\/wp\/v2\/media\/18133"}],"wp:attachment":[{"href":"https:\/\/13.com.ar\/index.php\/wp-json\/wp\/v2\/media?parent=35188"}],"wp:term":[{"taxonomy":"category","embeddable":true,"href":"https:\/\/13.com.ar\/index.php\/wp-json\/wp\/v2\/categories?post=35188"},{"taxonomy":"post_tag","embeddable":true,"href":"https:\/\/13.com.ar\/index.php\/wp-json\/wp\/v2\/tags?post=35188"}],"curies":[{"name":"wp","href":"https:\/\/api.w.org\/{rel}","templated":true}]}}