{"id":35184,"date":"2025-06-19T06:12:50","date_gmt":"2025-06-19T09:12:50","guid":{"rendered":"https:\/\/13.com.ar\/index.php\/elio-de-pixar-y-disney-divierte-y-conmueve-en-la-pelicula-de-las-vacaciones\/"},"modified":"2025-06-19T06:12:50","modified_gmt":"2025-06-19T09:12:50","slug":"elio-de-pixar-y-disney-divierte-y-conmueve-en-la-pelicula-de-las-vacaciones","status":"publish","type":"post","link":"https:\/\/13.com.ar\/index.php\/elio-de-pixar-y-disney-divierte-y-conmueve-en-la-pelicula-de-las-vacaciones\/","title":{"rendered":"Elio, de Pixar y Disney, divierte y conmueve en la pel\u00edcula de las vacaciones"},"content":{"rendered":"<p> <br \/>\n<\/p>\n<div id=\"cuerpo\">\n<div class=\"sc-45461e9c-0 eqiBeF container-text text-embed \" id=\"element-body-0\">\n<p><strong><em>Elio <\/em><\/strong>tiene todos los elementos que hacen que una pel\u00edcula de <strong>Pixar<\/strong> emocione en buena ley. Con m\u00e1s aventura que comedia, igualmente entretendr\u00e1 a los m\u00e1s chicos, y a los grandes les dar\u00e1, como suele pasar con la compa\u00f1\u00eda que nos trajo <em>WALL-E<\/em>, <em>Intensa mente<\/em> y <em>Buscando a Nemo<\/em>, motivos para abrazarlos.<\/p>\n<\/div>\n<div class=\"sc-45461e9c-0 eqiBeF container-text text-embed \" id=\"element-body-1\">\n<p>Hay un dicho que asegura desde hace a\u00f1os que lo m\u00e1s dif\u00edcil es filmar una pel\u00edcula con un chico o una mascota como protagonista. Pero como Elio es una producci\u00f3n animada, digamos que puede trabajarse con ellos como si se tratara de arcilla.<\/p>\n<\/div>\n<p><h2>Elio, un ni\u00f1o sin padres<\/h2>\n<\/p>\n<div class=\"sc-45461e9c-0 eqiBeF container-text text-embed \" id=\"element-body-3\">\n<p>Y es imposible no entablar empat\u00eda con Elio, el ni\u00f1o protagonista que, como en las pel\u00edculas de animaci\u00f3n de Disney, empresa a la que pertenece Pixar, <strong>no tiene madre, pero tampoco padre<\/strong>.<\/p>\n<\/div>\n<div class=\"sc-45461e9c-0 eqiBeF container-text text-embed \" id=\"element-body-4\">\n<p>Elio Sol\u00eds, de ascendencia latina, est\u00e1 como apagado cuando empieza la proyecci\u00f3n. Una luz le har\u00e1 cobrar vida: la esperanza de que, si en la Tierra, por m\u00e1s que su t\u00eda Olga lo ame y lo cuide, no encuentra mucha felicidad ni motivos para estar alegre, bullying incluido o mediante, tal vez si los extraterrestres lo abducen, all\u00ed, en el espacio exterior, encuentre lo que aqu\u00ed no tiene.<\/p>\n<\/div>\n<div class=\"sc-98b114a2-0 bkqiHH image-embed  image-embed \" id=\"element-body-5\"><picture class=\"sc-98b114a2-1 jRUlDm\"><source media=\"(min-width: 975px)\" width=\"720\" height=\"480\" \/><img alt=\"Elio y Glordon, el chico abducido por aliens y el hijo del malo de la pel\u00edcula. Fotos Disney\" loading=\"lazy\" width=\"720\" height=\"480\" decoding=\"async\" data-nimg=\"1\" style=\"color:transparent\" src=\"https:\/\/13.com.ar\/wp-content\/uploads\/2025\/06\/Elio-de-Pixar-y-Disney-divierte-y-conmueve-en-la.jpg\"\/><span class=\"epigraphe\">Elio y Glordon, el chico abducido por aliens y el hijo del malo de la pel\u00edcula. Fotos Disney<\/span><span class=\"picture-open\"><button class=\"open-image\" aria-label=\"Open Image\"\/><\/span><\/picture><\/div>\n<p><h2>Extraterrestres, ll\u00e9venme<\/h2>\n<\/p>\n<div class=\"sc-45461e9c-0 eqiBeF container-text text-embed \" id=\"element-body-7\">\n<p><em>Alien\u00edgenas abd\u00fazcanme<\/em>, escribe en la arena de la playa, recostado con una cacerola de casco y luces, esperando hacer encuentro cercano de cualquier tipo con los extraterrestres.<\/p>\n<\/div>\n<div class=\"sc-45461e9c-0 eqiBeF container-text text-embed \" id=\"element-body-8\">\n<p>Y como la esperanza es lo \u00faltimo que se pierde, y por motivos que no vamos a adelantar, Elio ser\u00e1 abducido por aliens, que creen que \u00e9l es el l\u00edder de los terr\u00edcolas (o de la \u201cehTierra\u201d, como balbucea el chico).<\/p>\n<\/div>\n<div class=\"sc-45461e9c-0 eqiBeF container-text text-embed \" id=\"element-body-9\">\n<p>As\u00ed, sin decir la verdad, Elio -con su parche en el ojo izquierdo, no porque no lo tenga, sino porque le dieron un golpe- pasa a ser candidato como embajador gal\u00e1ctico de la Tierra en el Communiverse, aunque haya alg\u00fan alien que no lo quiera.<\/p>\n<\/div>\n<div class=\"sc-98b114a2-0 bkqiHH image-embed  image-embed \" id=\"element-body-10\"><picture class=\"sc-98b114a2-1 jRUlDm\"><source media=\"(min-width: 975px)\" width=\"720\" height=\"480\" \/><img alt=\"No, Elio no es tuerto, lleva un parche porque lo golpearon en el ojo.\" loading=\"lazy\" width=\"720\" height=\"480\" decoding=\"async\" data-nimg=\"1\" style=\"color:transparent\" src=\"https:\/\/13.com.ar\/wp-content\/uploads\/2025\/06\/1750324370_242_Elio-de-Pixar-y-Disney-divierte-y-conmueve-en-la.jpg\"\/><span class=\"epigraphe\">No, Elio no es tuerto, lleva un parche porque lo golpearon en el ojo.<\/span><span class=\"picture-open\"><button class=\"open-image\" aria-label=\"Open Image\"\/><\/span><\/picture><\/div>\n<div class=\"sc-45461e9c-0 eqiBeF container-text text-embed \" id=\"element-body-11\">\n<p>OK, el sediento de sangre Lord Grigon se parece bastante al emperador Zurg, el rival de Buzz Lightyear.<\/p>\n<\/div>\n<div class=\"sc-45461e9c-0 eqiBeF container-text text-embed \" id=\"element-body-12\">\n<p>Y como <strong><em>Elio<\/em><\/strong>, la pel\u00edcula, trata sobre la amistad, y no temer a lo desconocido, el protagonista se har\u00e1 amigo de Glordon, el hijo del villano de la pel\u00edcula.<\/p>\n<\/div>\n<div class=\"sc-98b114a2-0 bkqiHH image-embed  image-embed \" id=\"element-body-13\"><picture class=\"sc-98b114a2-1 jRUlDm\"><source media=\"(min-width: 975px)\" width=\"720\" height=\"480\" \/><img alt=\"El Communiverse es una paleta de personajes y de colores ex\u00f3ticos, brillantes.\" loading=\"lazy\" width=\"720\" height=\"480\" decoding=\"async\" data-nimg=\"1\" style=\"color:transparent\" src=\"https:\/\/13.com.ar\/wp-content\/uploads\/2025\/06\/1750324370_825_Elio-de-Pixar-y-Disney-divierte-y-conmueve-en-la.jpg\"\/><span class=\"epigraphe\">El Communiverse es una paleta de personajes y de colores ex\u00f3ticos, brillantes.<\/span><span class=\"picture-open\"><button class=\"open-image\" aria-label=\"Open Image\"\/><\/span><\/picture><\/div>\n<p><h2>Y Pixar lo hizo de nuevo<\/h2>\n<\/p>\n<div class=\"sc-45461e9c-0 eqiBeF container-text text-embed \" id=\"element-body-15\">\n<p>Contar m\u00e1s ser\u00eda arruinar las sorpresas que nos tiene preparado el filme, con una paleta de colores, una imaginaci\u00f3n en la construcci\u00f3n del Universo (as\u00ed, con may\u00fasculas) como la que Pixar utiliz\u00f3 en <em>Elementos<\/em> hace un par de a\u00f1os.<\/p>\n<\/div>\n<div class=\"sc-45461e9c-0 eqiBeF container-text text-embed \" id=\"element-body-16\">\n<p>Mencion\u00e1bamos al comienzo a <em>WALL-E<\/em>, otra pel\u00edcula de ciencia ficci\u00f3n de Pixar, como tambi\u00e9n <em>Lightyear<\/em> que transcurre al infinito y m\u00e1s all\u00e1, pero <strong><em>Elio<\/em><\/strong> maneja con sabidur\u00eda c\u00f3mo los personajes humanos pueden mostrar sus emociones a la par que los extraterrestres.<\/p>\n<\/div>\n<div class=\"sc-98b114a2-0 bkqiHH image-embed  image-embed \" id=\"element-body-17\"><picture class=\"sc-98b114a2-1 jRUlDm\"><source media=\"(min-width: 975px)\" width=\"720\" height=\"480\" \/><img alt=\"Lord Grigon, el malo de la peli. Y s\u00ed, tiene un parentesco con el emperador Zurg, el rival de Buzz Lightyear.\" loading=\"lazy\" width=\"720\" height=\"480\" decoding=\"async\" data-nimg=\"1\" style=\"color:transparent\" src=\"https:\/\/13.com.ar\/wp-content\/uploads\/2025\/06\/1750324370_831_Elio-de-Pixar-y-Disney-divierte-y-conmueve-en-la.jpg\"\/><span class=\"epigraphe\">Lord Grigon, el malo de la peli. Y s\u00ed, tiene un parentesco con el emperador Zurg, el rival de Buzz Lightyear.<\/span><span class=\"picture-open\"><button class=\"open-image\" aria-label=\"Open Image\"\/><\/span><\/picture><\/div>\n<div class=\"sc-45461e9c-0 eqiBeF container-text text-embed \" id=\"element-body-18\">\n<p>Y como los protagonistas, en definitiva, no son ni un robot ni un astronauta, sino \u201cchicos\u201d, es cuesti\u00f3n de dejarse llevar por los sentimientos, la inocencia y los valores que llevan anidados en su coraz\u00f3n.<\/p>\n<\/div>\n<div class=\"sc-45461e9c-0 eqiBeF container-text text-embed \" id=\"element-body-19\">\n<p>OK, hay poqu\u00edsimas funciones en las que Elio est\u00e9 en idioma original con subt\u00edtulos, as\u00ed que por lo menos sepan que la voz de la mayor del Ej\u00e9rcito, Olga, la t\u00eda de Elio, es en el original la de <strong>Zoe Salda\u00f1a<\/strong>, de <em>Guardianes de la galaxia<\/em> y ganadora de un Oscar en marzo por <em>Emilia P\u00e9rez<\/em>.<\/p>\n<\/div>\n<div class=\"sc-45461e9c-0 eqiBeF container-text text-embed \" id=\"element-body-20\">\n<p>Y tanto en las copias dobladas y en ingl\u00e9s, qu\u00e9dense despu\u00e9s de los cr\u00e9ditos finales. <strong><em>Elio<\/em><\/strong> no dura tanto, y bien vale la espera.<\/p>\n<\/div>\n<div class=\"sc-45461e9c-0 eqiBeF container-text text-embed \" id=\"element-body-24\">\n<p>Aventuras \/ Animaci\u00f3n. Estados Unidos, 2025. 99\u2019, ATP. <strong>De:<\/strong> Madeline Sharafian y Domee Shi. <strong>Con las voces originales de:<\/strong> Yonas Kibreab, Zoe Salda\u00f1a, Brad Garrett, Remy Edgerly. <strong>Salas:<\/strong> Hoyts Abasto y Unicenter, Cinemark Palermo, Cin\u00e9polis Recoleta, Pilar y Avellaneda, Showcase Belgrano, Norcenter, Avellaneda y Haedo.<\/p>\n<\/div>\n<\/div>\n<p><br \/>\n<br \/><a href=\"https:\/\/www.clarin.com\/espectaculos\/elio-pixar-disney-divierte-conmueve-pelicula-vacaciones_0_NFewUjjx3U.html\">Fuente Clarin.com <\/a><\/p>\n","protected":false},"excerpt":{"rendered":"<p>Elio tiene todos los elementos que hacen que una pel\u00edcula de Pixar emocione en buena ley. Con m\u00e1s aventura que comedia, igualmente entretendr\u00e1 a los m\u00e1s chicos, y a los grandes les dar\u00e1, como suele pasar con la compa\u00f1\u00eda que nos trajo WALL-E, Intensa mente y Buscando a Nemo, motivos para abrazarlos. Hay un dicho [&hellip;]<\/p>\n","protected":false},"author":1,"featured_media":35185,"comment_status":"open","ping_status":"open","sticky":false,"template":"","format":"standard","meta":{"footnotes":""},"categories":[2],"tags":[4506,5546,10968,21645,48,90,12862,1281],"class_list":["post-35184","post","type-post","status-publish","format-standard","has-post-thumbnail","hentry","category-ultimas-noticias","tag-conmueve","tag-disney","tag-divierte","tag-elio","tag-las","tag-pelicula","tag-pixar","tag-vacaciones"],"_links":{"self":[{"href":"https:\/\/13.com.ar\/index.php\/wp-json\/wp\/v2\/posts\/35184","targetHints":{"allow":["GET"]}}],"collection":[{"href":"https:\/\/13.com.ar\/index.php\/wp-json\/wp\/v2\/posts"}],"about":[{"href":"https:\/\/13.com.ar\/index.php\/wp-json\/wp\/v2\/types\/post"}],"author":[{"embeddable":true,"href":"https:\/\/13.com.ar\/index.php\/wp-json\/wp\/v2\/users\/1"}],"replies":[{"embeddable":true,"href":"https:\/\/13.com.ar\/index.php\/wp-json\/wp\/v2\/comments?post=35184"}],"version-history":[{"count":0,"href":"https:\/\/13.com.ar\/index.php\/wp-json\/wp\/v2\/posts\/35184\/revisions"}],"wp:featuredmedia":[{"embeddable":true,"href":"https:\/\/13.com.ar\/index.php\/wp-json\/wp\/v2\/media\/35185"}],"wp:attachment":[{"href":"https:\/\/13.com.ar\/index.php\/wp-json\/wp\/v2\/media?parent=35184"}],"wp:term":[{"taxonomy":"category","embeddable":true,"href":"https:\/\/13.com.ar\/index.php\/wp-json\/wp\/v2\/categories?post=35184"},{"taxonomy":"post_tag","embeddable":true,"href":"https:\/\/13.com.ar\/index.php\/wp-json\/wp\/v2\/tags?post=35184"}],"curies":[{"name":"wp","href":"https:\/\/api.w.org\/{rel}","templated":true}]}}