{"id":3517,"date":"2025-02-10T12:06:11","date_gmt":"2025-02-10T15:06:11","guid":{"rendered":"https:\/\/13.com.ar\/index.php\/la-lluvia-trajo-algo-de-alivio-tras-un-dia-de-fuego-descontrolado-pero-se-esperan-mas-vientos-y-nadie-baja-los-brazos\/"},"modified":"2025-02-10T12:06:11","modified_gmt":"2025-02-10T15:06:11","slug":"la-lluvia-trajo-algo-de-alivio-tras-un-dia-de-fuego-descontrolado-pero-se-esperan-mas-vientos-y-nadie-baja-los-brazos","status":"publish","type":"post","link":"https:\/\/13.com.ar\/index.php\/la-lluvia-trajo-algo-de-alivio-tras-un-dia-de-fuego-descontrolado-pero-se-esperan-mas-vientos-y-nadie-baja-los-brazos\/","title":{"rendered":"la lluvia trajo algo de alivio tras un d\u00eda de fuego descontrolado, pero se esperan m\u00e1s vientos y nadie baja los brazos"},"content":{"rendered":"<p> <br \/>\n<\/p>\n<div id=\"cuerpo\">\n<div class=\"sc-80531b6b-0 chRIGJ container-text text-embed\">\n<p>&#8220;\u00a1Cuchillo, cuchillo! \u00a1Embudo, embudo!&#8221;, las \u00f3rdenes por duplicado se escuchan en medio de la noche en un camino rural de monta\u00f1a en el <strong>Mall\u00edn Ahogado<\/strong>, cuando las r\u00e1fagas reavivaron al fuego entre las chacras de <strong>El Bols\u00f3n<\/strong>, en <strong>R\u00edo Negro<\/strong>.<\/p>\n<\/div>\n<div class=\"sc-80531b6b-0 chRIGJ container-text text-embed\">\n<p>Los gritos no son de los brigadistas del SPLIF (Servicio de Prevenci\u00f3n y Lucha contra Incendios Forestales) sino los<strong> vecinos auto convocados<\/strong> que convirtieron sus camionetas en mini autobombas. Necesitan volcar nafta en las bombas para tener presi\u00f3n y as\u00ed <strong>sacar agua para combatir las llamas.<\/strong><\/p>\n<\/div>\n<div class=\"sc-80531b6b-0 chRIGJ container-text text-embed\">\n<p>Todo es un caos, pero cada uno tiene una tarea. Las chacras tienen las tranqueras abiertas y en la que el fuego empieza a devorar los pinos, entran de a cinco o seis voluntarios subidos a las cajas de las camionetas a toda velocidad.<strong> Palas, mantas, mangueras. Todo sirve.<\/strong><\/p>\n<\/div>\n<div class=\"sc-80531b6b-0 chRIGJ container-text text-embed\">\n<p>En medio de la oscuridad, los faros de las camionetas forman haces de luces que permiten ver c\u00f3mo se levanta el polvo del camino de ripio. En el m\u00e1s angosto, el paso de dos camionetas es <strong>milim\u00e9trico y se hace en medio de gritos y apuros.<\/strong><\/p>\n<\/div>\n<div class=\"sc-80531b6b-0 chRIGJ container-text text-embed\">\n<p><strong>Clar\u00edn<\/strong> estuvo siete horas junto a los brigadistas en la primera l\u00ednea de fuego hasta que a la medianoche lleg\u00f3 la primera sonrisa: <strong>&#8220;\u00a1Ag\u00fcita!&#8221;, exclam\u00f3 un brigadistas <\/strong>con la cara llena de tierra y los brazos extendidos para recibir la llovizna que aplac\u00f3 bastante el incendio, que a\u00fan sigue activo.<\/p>\n<\/div>\n<div class=\"sc-ad4aedf2-0 dPPgNJ border-video video-embed horizontal border-video video-embed horizontal\">\n<div class=\"sc-ad4aedf2-1 hnFuni videoText videoText\">\n<h2>Video<\/h2>\n<p>El Bols\u00f3n: a los gritos, los vecinos organizados intentan apagar el incendio<\/p>\n<\/div>\n<\/div>\n<div class=\"sc-198be8ec-0 cynXbu image-embed  image-embed \"><picture class=\"sc-198be8ec-1 kOjRiQ\"><source media=\"(min-width: 975px)\" width=\"720\" height=\"480\" \/><img alt=\"El incendio forestal en EL Bols\u00f3n se desboc\u00f3 el domingo, hasta que por la noche, la lluvia llev\u00f3 algo de alivio. Foto: Euge Neme\" loading=\"lazy\" width=\"720\" height=\"480\" decoding=\"async\" data-nimg=\"1\" style=\"color:transparent\" src=\"https:\/\/13.com.ar\/wp-content\/uploads\/2025\/02\/la-lluvia-trajo-algo-de-alivio-tras-un-dia-de.jpg\"\/><span class=\"epigraphe\">El incendio forestal en EL Bols\u00f3n se desboc\u00f3 el domingo, hasta que por la noche, la lluvia llev\u00f3 algo de alivio. Foto: Euge Neme<\/span><span class=\"bkg\"\/><span class=\"picture-open\"><button class=\"open-image\" aria-label=\"Open Image\"\/><\/span><\/picture><\/div>\n<div class=\"sc-80531b6b-0 chRIGJ container-text text-embed\">\n<p>El pron\u00f3stico del clima se retras\u00f3 y las fuertes r\u00e1fagas aparecieron reci\u00e9n a las 19 del domingo. Durante todo el s\u00e1bado autoridades, brigadistas y pobladores <strong>se prepararon para lo peor<\/strong>. Llenaron piletas pelopinchos, mojaron pastos y podaron ramas bajas en las chacras.<\/p>\n<\/div>\n<div class=\"sc-80531b6b-0 chRIGJ container-text text-embed\">\n<p>Bajo un sol naranja por el humo, el aire se torn\u00f3 cada vez m\u00e1s denso y el viento se arremolin\u00f3. <strong>No se pod\u00eda respirar y hab\u00eda que ponerse lo que sea para tapar boca y nariz,<\/strong> mientras las cenizas picaban sobre la piel. El paso a toda velocidad del cami\u00f3n de los brigadistas y la sirena prendida anticip\u00f3 la mala noticia: <strong>el fuego se descontrol\u00f3 y cruz\u00f3 el R\u00edo Azul.<\/strong><\/p>\n<\/div>\n<div class=\"sc-80531b6b-0 chRIGJ container-text text-embed\">\n<p>Durante todo el s\u00e1bado y parte del domingo, autoridades, brigadistas pero especialmente los pobladores se organizaron con sus propios veh\u00edculos. Esperaban lo peor pero encima lleg\u00f3 al anochecer. <\/p>\n<\/div>\n<div class=\"sc-198be8ec-0 cynXbu image-embed  image-embed \"><picture class=\"sc-198be8ec-1 kOjRiQ\"><source media=\"(min-width: 975px)\" width=\"720\" height=\"480\" \/><img alt=\"El incendio forestal en El Bols\u00f3n tom\u00f3 la Loma del Medio, donde hay chacras. Foto: Euge Neme\" loading=\"lazy\" width=\"720\" height=\"480\" decoding=\"async\" data-nimg=\"1\" style=\"color:transparent\" src=\"https:\/\/13.com.ar\/wp-content\/uploads\/2025\/02\/1739199971_799_la-lluvia-trajo-algo-de-alivio-tras-un-dia-de.jpg\"\/><span class=\"epigraphe\">El incendio forestal en El Bols\u00f3n tom\u00f3 la Loma del Medio, donde hay chacras. Foto: Euge Neme<\/span><span class=\"bkg\"\/><span class=\"picture-open\"><button class=\"open-image\" aria-label=\"Open Image\"\/><\/span><\/picture><\/div>\n<div class=\"sc-80531b6b-0 chRIGJ container-text text-embed\">\n<p>&#8220;La noche complica todo. Hay que ir r\u00e1pido, no se ve por el humo y el polvo del ripio&#8221;, comenta a <strong>Clar\u00edn<\/strong> un trabajador de Vialidad Nacional que aparece como un salvador en la noche. Detr\u00e1s carga 16 mil litros de agua con la que alimenta otros camiones de 4.000 que tienen mangueras para llegar hasta el fuego.<\/p>\n<\/div>\n<div class=\"sc-80531b6b-0 chRIGJ container-text text-embed\">\n<p>En la expresi\u00f3n de cada voluntario solo se v\u00eda <strong>desesperaci\u00f3n y apuro por llenar los tanques,<\/strong> atacar los focos nuevos. Se comunicaban con <em>handies <\/em>en medio de un sonido ambiente invadido por motosierras para cortar lo que haya por delante para que la manguera llegue hasta el fuego. El otro sonido sostenido era el de las bombas para darle presi\u00f3n al agua. Cada camioneta tiene un t\u00f3tem y arriba una bomba.<\/p>\n<\/div>\n<div class=\"sc-198be8ec-0 cynXbu image-embed  image-embed \"><picture class=\"sc-198be8ec-1 kOjRiQ\"><source media=\"(min-width: 975px)\" width=\"720\" height=\"480\" \/><img alt=\"Brigadistas y vecinos organizados intentan apagar el incendio en la Loma del Medio, El Bols\u00f3n. Foto: Euge Neme\" loading=\"lazy\" width=\"720\" height=\"480\" decoding=\"async\" data-nimg=\"1\" style=\"color:transparent\" src=\"https:\/\/13.com.ar\/wp-content\/uploads\/2025\/02\/1739199971_60_la-lluvia-trajo-algo-de-alivio-tras-un-dia-de.jpg\"\/><span class=\"epigraphe\">Brigadistas y vecinos organizados intentan apagar el incendio en la Loma del Medio, El Bols\u00f3n. Foto: Euge Neme<\/span><span class=\"bkg\"\/><span class=\"picture-open\"><button class=\"open-image\" aria-label=\"Open Image\"\/><\/span><\/picture><\/div>\n<div class=\"sc-80531b6b-0 chRIGJ container-text text-embed\">\n<p>La velocidad con la que los voluntarios armaban y desarmaban las mangueras, volcaban combustible en los motores pr\u00e1cticamente sin luz y con cenizas en el aire, le puede competir a los <em>pits stops<\/em> de la F\u00f3rmula 1. En la noche, cada tanto un color naranja iluminaba las caras. Cuando el fuego suelta los cipreses y agarra los pinos, <strong>la llamarada se siente en la piel a\u00fan a varios metros de distancia.<\/strong><\/p>\n<\/div>\n<div class=\"sc-80531b6b-0 chRIGJ container-text text-embed\">\n<p>Durante muchas horas brigadistas, bomberos y voluntarios lucharon en la primera l\u00ednea contra el fuego que tom\u00f3 la Loma del Medio. Pasadas las 20, <strong>las autoridades evacuaron m\u00e1s barrios.<\/strong> El fuego destruy\u00f3 otras dos casas y ya son m\u00e1s de 120 las afectadas en la zona de Mall\u00edn Ahogado.<\/p>\n<\/div>\n<div class=\"sc-198be8ec-0 cynXbu image-embed  image-embed \"><picture class=\"sc-198be8ec-1 kOjRiQ\"><source media=\"(min-width: 975px)\" width=\"720\" height=\"480\" \/><img alt=\"Combate contra el fuego en El Bolson. Vecinos y brigadistas combaten las llamas en las chacras de la costa del R\u00edo Azul. Foto: Euge Neme\" loading=\"lazy\" width=\"720\" height=\"480\" decoding=\"async\" data-nimg=\"1\" style=\"color:transparent\" src=\"https:\/\/13.com.ar\/wp-content\/uploads\/2025\/02\/1739199971_712_la-lluvia-trajo-algo-de-alivio-tras-un-dia-de.jpg\"\/><span class=\"epigraphe\">Combate contra el fuego en El Bolson. Vecinos y brigadistas combaten las llamas en las chacras de la costa del R\u00edo Azul. Foto: Euge Neme<\/span><span class=\"bkg\"\/><span class=\"picture-open\"><button class=\"open-image\" aria-label=\"Open Image\"\/><\/span><\/picture><\/div>\n<div class=\"sc-80531b6b-0 chRIGJ container-text text-embed\">\n<p>En el camino rural que surca la monta\u00f1a entre la Loma del Medio y el R\u00edo Azul, a las 23.57 dos bomberos se miraron extra\u00f1ados porque arreglaron una manguera pinchada pero segu\u00edan moj\u00e1ndose. <strong>Se ve\u00eda la luna y el cielo despejado pero hab\u00eda empezado la lluvia.<\/strong><\/p>\n<\/div>\n<div class=\"sc-80531b6b-0 chRIGJ container-text text-embed\">\n<p>Hasta al menos las 2.30 de la ma\u00f1ana llovi\u00f3 en toda la zona. &#8220;La lluvia aplac\u00f3 el incendio pero no est\u00e1 controlado, sigue activo. Hay m\u00e1s humedad, lo que nos da la posiblidad de atacar la primera l\u00ednea de fuego&#8221;, le dice a <strong>Clar\u00edn<\/strong> Orlando B\u00e1ez, jefe del SPLIF. <\/p>\n<\/div>\n<div class=\"sc-80531b6b-0 chRIGJ container-text text-embed\">\n<p>Por primera vez en los \u00faltimos d\u00edas, El Bols\u00f3n amaneci\u00f3 sin humo y se puede apreciar la belleza del cerro Piltriquitr\u00f3n. A las 8 de la ma\u00f1ana los brigadistas salieron a intentar controlar el fuego y una hora m\u00e1s tarde vol\u00f3 el primer avi\u00f3n hidrante.<strong> Muchos de los evacuados volvieron a ver c\u00f3mo estaban sus hogares.<\/strong><\/p>\n<\/div>\n<div class=\"sc-198be8ec-0 cynXbu image-embed  image-embed \"><picture class=\"sc-198be8ec-1 kOjRiQ\"><source media=\"(min-width: 975px)\" width=\"720\" height=\"480\" \/><img alt=\"Los vecinos convirtieron sus camionetas en peque\u00f1as autobombas para combatir el incendio. Foto: Euge Neme\" loading=\"lazy\" width=\"720\" height=\"480\" decoding=\"async\" data-nimg=\"1\" style=\"color:transparent\" src=\"https:\/\/13.com.ar\/wp-content\/uploads\/2025\/02\/1739199971_565_la-lluvia-trajo-algo-de-alivio-tras-un-dia-de.jpg\"\/><span class=\"epigraphe\">Los vecinos convirtieron sus camionetas en peque\u00f1as autobombas para combatir el incendio. Foto: Euge Neme<\/span><span class=\"bkg\"\/><span class=\"picture-open\"><button class=\"open-image\" aria-label=\"Open Image\"\/><\/span><\/picture><\/div>\n<div class=\"sc-80531b6b-0 chRIGJ container-text text-embed\">\n<p>La lluvia fue un alivio. Sin embargo, la entrada del frente fr\u00edo anticipa <strong>otra jornada ventosa, <\/strong>especialmente a la tarde, con r\u00e1fagas calculadas entre 60 y 80 kil\u00f3metros por hora. En un lunes algo nuboso,<strong> no hay pron\u00f3stico de m\u00e1s lluvias<\/strong> y reci\u00e9n a la noche se espera que el viento calme. Antes, todos en alerta.<\/p>\n<\/div>\n<\/div>\n<p><br \/>\n<br \/><a href=\"https:\/\/www.clarin.com\/sociedad\/incendio-bolson-lluvia-trajo-alivio-dia-fuego-descontrolado-esperan-vientos-nadie-baja-brazos_0_w6ufhKJz2Z.html\">Fuente Clarin.com <\/a><\/p>\n","protected":false},"excerpt":{"rendered":"<p>&#8220;\u00a1Cuchillo, cuchillo! \u00a1Embudo, embudo!&#8221;, las \u00f3rdenes por duplicado se escuchan en medio de la noche en un camino rural de monta\u00f1a en el Mall\u00edn Ahogado, cuando las r\u00e1fagas reavivaron al fuego entre las chacras de El Bols\u00f3n, en R\u00edo Negro. Los gritos no son de los brigadistas del SPLIF (Servicio de Prevenci\u00f3n y Lucha contra [&hellip;]<\/p>\n","protected":false},"author":1,"featured_media":3518,"comment_status":"open","ping_status":"open","sticky":false,"template":"","format":"standard","meta":{"footnotes":""},"categories":[2],"tags":[5483,2346,524,5539,2633,1154,3226,853,2536,28,155,862,265,5537,312,5538],"class_list":["post-3517","post","type-post","status-publish","format-standard","has-post-thumbnail","hentry","category-ultimas-noticias","tag-algo","tag-alivio","tag-baja","tag-brazos","tag-descontrolado","tag-dia","tag-esperan","tag-fuego","tag-lluvia","tag-los","tag-mas","tag-nadie","tag-pero","tag-trajo","tag-tras","tag-vientos"],"_links":{"self":[{"href":"https:\/\/13.com.ar\/index.php\/wp-json\/wp\/v2\/posts\/3517","targetHints":{"allow":["GET"]}}],"collection":[{"href":"https:\/\/13.com.ar\/index.php\/wp-json\/wp\/v2\/posts"}],"about":[{"href":"https:\/\/13.com.ar\/index.php\/wp-json\/wp\/v2\/types\/post"}],"author":[{"embeddable":true,"href":"https:\/\/13.com.ar\/index.php\/wp-json\/wp\/v2\/users\/1"}],"replies":[{"embeddable":true,"href":"https:\/\/13.com.ar\/index.php\/wp-json\/wp\/v2\/comments?post=3517"}],"version-history":[{"count":0,"href":"https:\/\/13.com.ar\/index.php\/wp-json\/wp\/v2\/posts\/3517\/revisions"}],"wp:featuredmedia":[{"embeddable":true,"href":"https:\/\/13.com.ar\/index.php\/wp-json\/wp\/v2\/media\/3518"}],"wp:attachment":[{"href":"https:\/\/13.com.ar\/index.php\/wp-json\/wp\/v2\/media?parent=3517"}],"wp:term":[{"taxonomy":"category","embeddable":true,"href":"https:\/\/13.com.ar\/index.php\/wp-json\/wp\/v2\/categories?post=3517"},{"taxonomy":"post_tag","embeddable":true,"href":"https:\/\/13.com.ar\/index.php\/wp-json\/wp\/v2\/tags?post=3517"}],"curies":[{"name":"wp","href":"https:\/\/api.w.org\/{rel}","templated":true}]}}