{"id":3509,"date":"2025-02-10T11:39:22","date_gmt":"2025-02-10T14:39:22","guid":{"rendered":"https:\/\/13.com.ar\/index.php\/un-pasajero-abrio-la-puerta-del-avion-durante-el-despegue-y-salto-a-la-pista\/"},"modified":"2025-02-10T11:39:22","modified_gmt":"2025-02-10T14:39:22","slug":"un-pasajero-abrio-la-puerta-del-avion-durante-el-despegue-y-salto-a-la-pista","status":"publish","type":"post","link":"https:\/\/13.com.ar\/index.php\/un-pasajero-abrio-la-puerta-del-avion-durante-el-despegue-y-salto-a-la-pista\/","title":{"rendered":"un pasajero abri\u00f3 la puerta del avi\u00f3n durante el despegue y salt\u00f3 a la pista"},"content":{"rendered":"<p> <br \/>\n<\/p>\n<div id=\"cuerpo\">\n<div class=\"sc-80531b6b-0 chRIGJ container-text text-embed\">\n<p>Un vuelo que part\u00eda de Par\u00eds hacia Madrid estuvo a punto de terminar en tragedia cuando un pasajero abri\u00f3 la puerta de emergencia del avi\u00f3n y salt\u00f3 hacia la pista en medio de los movimientos previos al despegue. <\/p>\n<\/div>\n<div class=\"sc-80531b6b-0 chRIGJ container-text text-embed\">\n<p>La dram\u00e1tica situaci\u00f3n ocurri\u00f3 el viernes en el aeropuerto parisino de Orly cuando el Airbus A-320 de Iberia se encontraba en pista encaminando su posici\u00f3n para el despegue. <\/p>\n<\/div>\n<div class=\"sc-80531b6b-0 chRIGJ container-text text-embed\">\n<p><strong>En ese momento, un joven pasajero golpe\u00f3 a una azafata y abri\u00f3 una de las puertas de la aeronave para lanzarse al vac\u00edo, sobre la pista de rodaje.<\/strong> El avi\u00f3n del vuelo IB578 se despresuriz\u00f3 ante la at\u00f3nita mirada de los otros pasajeros.<\/p>\n<\/div>\n<div class=\"sc-80531b6b-0 chRIGJ container-text text-embed\">\n<p>Esta acci\u00f3n pudo haber dado lugar a una situaci\u00f3n peligrosa en la que el avi\u00f3n podr\u00eda haberse visto comprometido durante el despegue. El procedimiento de despegue del avi\u00f3n se detuvo de inmediato y los servicios de emergencia junto con la seguridad del aeropuerto acudieron al lugar.<\/p>\n<\/div>\n<div class=\"sc-80531b6b-0 chRIGJ container-text text-embed\">\n<p>Las im\u00e1genes de v\u00eddeo captadas por los pasajeros dentro del vuelo muestran los momentos ca\u00f3ticos posteriores a la apertura de la puerta, con veh\u00edculos de emergencia rodeando la aeronave y agentes de polic\u00eda intentando asegurar la situaci\u00f3n.<\/p>\n<\/div>\n<div class=\"sc-198be8ec-0 cynXbu image-embed  image-embed \"><picture class=\"sc-198be8ec-1 kOjRiQ\"><source media=\"(min-width: 975px)\" width=\"720\" height=\"480\" \/><img alt=\"El incidente ocurri\u00f3 el viernes con un vuelo de Iberia que cubri\u00f3 la ruta Par\u00eds-Madrid.\" loading=\"lazy\" width=\"720\" height=\"480\" decoding=\"async\" data-nimg=\"1\" style=\"color:transparent\" src=\"https:\/\/13.com.ar\/wp-content\/uploads\/2025\/02\/un-pasajero-abrio-la-puerta-del-avion-durante-el-despegue.jpg\"\/><span class=\"epigraphe\">El incidente ocurri\u00f3 el viernes con un vuelo de Iberia que cubri\u00f3 la ruta Par\u00eds-Madrid.<\/span><span class=\"bkg\"\/><span class=\"picture-open\"><button class=\"open-image\" aria-label=\"Open Image\"\/><\/span><\/picture><\/div>\n<div class=\"sc-80531b6b-0 chRIGJ container-text text-embed\">\n<p>Seg\u00fan publicaron los medios Escudo Digital y el HuffPost, &#8220;en escasos minutos&#8221;, se acercaron a las inmediaciones de la pista del aeropuerto parisino las primeras dotaciones de ambulancias y polic\u00edas.. Aun as\u00ed, &#8220;se desconoce el estado de salud del pasajero, y algunos sufrieron crisis nerviosas&#8221;.  <\/p>\n<\/div>\n<div class=\"sc-80531b6b-0 chRIGJ container-text text-embed\">\n<p>Seg\u00fan los medios espa\u00f1oles, el pasajero hab\u00eda embarcado muy nervioso porque hab\u00eda tenido problemas con su pasaje.<\/p>\n<\/div>\n<div class=\"sc-198be8ec-0 cynXbu image-embed  image-embed \"><picture class=\"sc-198be8ec-1 kOjRiQ\"><source media=\"(min-width: 975px)\" width=\"720\" height=\"480\" \/><img alt=\"El vuelo part\u00eda desde Par\u00eds hacia Madrid y debi\u00f3 ser cancelado.\" loading=\"lazy\" width=\"720\" height=\"480\" decoding=\"async\" data-nimg=\"1\" style=\"color:transparent\" src=\"https:\/\/13.com.ar\/wp-content\/uploads\/2025\/02\/1739198362_31_un-pasajero-abrio-la-puerta-del-avion-durante-el-despegue.jpg\"\/><span class=\"epigraphe\">El vuelo part\u00eda desde Par\u00eds hacia Madrid y debi\u00f3 ser cancelado.<\/span><span class=\"bkg\"\/><span class=\"picture-open\"><button class=\"open-image\" aria-label=\"Open Image\"\/><\/span><\/picture><\/div>\n<div class=\"sc-80531b6b-0 chRIGJ container-text text-embed\">\n<p>&#8220;Se mostraba muy nervioso y la tripulaci\u00f3n tuvo que situarlo en la parte trasera del avi\u00f3n vigilado por un azafato que, finalmente, fue agredido antes del salto a la pista&#8221;. Adem\u00e1s, de acuerdo a las palabras compartidas por el comandante del vuelo a los pasajeros, &#8220;nunca hab\u00eda visto nada as\u00ed en su vida&#8221;. <\/p>\n<\/div>\n<div class=\"sc-80531b6b-0 chRIGJ container-text text-embed\">\n<p>De acuerdo a testimonios, los pasajeros en principio no advirtieron que una persona hab\u00eda saltado aunque s\u00ed notaron que el avi\u00f3n se hab\u00eda despresurizado en la previa del despegue.<\/p>\n<\/div>\n<div class=\"sc-198be8ec-0 cynXbu image-embed  image-embed \"><picture class=\"sc-198be8ec-1 kOjRiQ\"><source media=\"(min-width: 975px)\" width=\"720\" height=\"480\" \/><img alt=\"El pasajero se lanz\u00f3 a la pista durante las maniobras previas al despegue, en el aeropuerto de Orly, en Par\u00eds.\" loading=\"lazy\" width=\"720\" height=\"480\" decoding=\"async\" data-nimg=\"1\" style=\"color:transparent\" src=\"https:\/\/13.com.ar\/wp-content\/uploads\/2025\/02\/1739198362_406_un-pasajero-abrio-la-puerta-del-avion-durante-el-despegue.jpg\"\/><span class=\"epigraphe\">El pasajero se lanz\u00f3 a la pista durante las maniobras previas al despegue, en el aeropuerto de Orly, en Par\u00eds.<\/span><span class=\"bkg\"\/><span class=\"picture-open\"><button class=\"open-image\" aria-label=\"Open Image\"\/><\/span><\/picture><\/div>\n<div class=\"sc-80531b6b-0 chRIGJ container-text text-embed\">\n<p>El incidente provoc\u00f3 un retraso importante, dejando a los pasajeros a bordo durante casi dos horas sin informaci\u00f3n clara. Algunos sufrieron ataques de p\u00e1nico y el vuelo finalmente fue cancelado, obligando a varios viajeros a pasar la noche cerca del aeropuerto.<\/p>\n<\/div>\n<div class=\"sc-80531b6b-0 chRIGJ container-text text-embed\">\n<p>\u201cSolo podemos confirmar que efectivamente hubo un incidente en el vuelo IB578 Par\u00eds-Madrid. No podemos ofrecer m\u00e1s detalles. Est\u00e1 ahora mismo el suceso en investigaci\u00f3n\u201d, se\u00f1alaron desde Iberia al medio El Cierre Digital.<\/p>\n<\/div>\n<div class=\"sc-80531b6b-0 chRIGJ container-text text-embed\">\n<p>Las autoridades francesas abrieron una investigaci\u00f3n para esclarecer las circunstancias de este acontecimiento excepcional.<\/p>\n<\/div>\n<div class=\"sc-80531b6b-0 chRIGJ container-text text-embed\">\n<p>Este incidente saca a la luz varios problemas dentro de la industria de la aviaci\u00f3n, incluyendo la gesti\u00f3n de pasajeros problem\u00e1ticos, la seguridad de las puertas de los aviones y el bienestar psicol\u00f3gico de los miembros de la tripulaci\u00f3n de vuelo que siempre est\u00e1n en la primera l\u00ednea de este tipo de crisis<\/p>\n<\/div>\n<div class=\"sc-80531b6b-0 chRIGJ container-text text-embed\">\n<p>Tambi\u00e9n provoc\u00f3 debates sobre la necesidad de medidas de seguridad m\u00e1s s\u00f3lidas y formaci\u00f3n para el personal de las aerol\u00edneas para manejar situaciones tan extremas.<\/p>\n<\/div>\n<\/div>\n<p><br \/>\n<br \/><a href=\"https:\/\/www.clarin.com\/internacional\/vuelo-dramatico-pasajero-abrio-puerta-avion-despegue-salto-pista_0_oIMGS77ilA.html\">Fuente Clarin.com <\/a><\/p>\n","protected":false},"excerpt":{"rendered":"<p>Un vuelo que part\u00eda de Par\u00eds hacia Madrid estuvo a punto de terminar en tragedia cuando un pasajero abri\u00f3 la puerta de emergencia del avi\u00f3n y salt\u00f3 hacia la pista en medio de los movimientos previos al despegue. La dram\u00e1tica situaci\u00f3n ocurri\u00f3 el viernes en el aeropuerto parisino de Orly cuando el Airbus A-320 de [&hellip;]<\/p>\n","protected":false},"author":1,"featured_media":3510,"comment_status":"open","ping_status":"open","sticky":false,"template":"","format":"standard","meta":{"footnotes":""},"categories":[2],"tags":[4240,1418,100,3146,1549,3601,2149,857,1311],"class_list":["post-3509","post","type-post","status-publish","format-standard","has-post-thumbnail","hentry","category-ultimas-noticias","tag-abrio","tag-avion","tag-del","tag-despegue","tag-durante","tag-pasajero","tag-pista","tag-puerta","tag-salto"],"_links":{"self":[{"href":"https:\/\/13.com.ar\/index.php\/wp-json\/wp\/v2\/posts\/3509","targetHints":{"allow":["GET"]}}],"collection":[{"href":"https:\/\/13.com.ar\/index.php\/wp-json\/wp\/v2\/posts"}],"about":[{"href":"https:\/\/13.com.ar\/index.php\/wp-json\/wp\/v2\/types\/post"}],"author":[{"embeddable":true,"href":"https:\/\/13.com.ar\/index.php\/wp-json\/wp\/v2\/users\/1"}],"replies":[{"embeddable":true,"href":"https:\/\/13.com.ar\/index.php\/wp-json\/wp\/v2\/comments?post=3509"}],"version-history":[{"count":0,"href":"https:\/\/13.com.ar\/index.php\/wp-json\/wp\/v2\/posts\/3509\/revisions"}],"wp:featuredmedia":[{"embeddable":true,"href":"https:\/\/13.com.ar\/index.php\/wp-json\/wp\/v2\/media\/3510"}],"wp:attachment":[{"href":"https:\/\/13.com.ar\/index.php\/wp-json\/wp\/v2\/media?parent=3509"}],"wp:term":[{"taxonomy":"category","embeddable":true,"href":"https:\/\/13.com.ar\/index.php\/wp-json\/wp\/v2\/categories?post=3509"},{"taxonomy":"post_tag","embeddable":true,"href":"https:\/\/13.com.ar\/index.php\/wp-json\/wp\/v2\/tags?post=3509"}],"curies":[{"name":"wp","href":"https:\/\/api.w.org\/{rel}","templated":true}]}}