{"id":35063,"date":"2025-06-18T16:51:31","date_gmt":"2025-06-18T19:51:31","guid":{"rendered":"https:\/\/13.com.ar\/index.php\/ella-tuvo-trabajo-por-ser-la-ex-de-mi-hijo\/"},"modified":"2025-06-18T16:51:31","modified_gmt":"2025-06-18T19:51:31","slug":"ella-tuvo-trabajo-por-ser-la-ex-de-mi-hijo","status":"publish","type":"post","link":"https:\/\/13.com.ar\/index.php\/ella-tuvo-trabajo-por-ser-la-ex-de-mi-hijo\/","title":{"rendered":"&#8220;Ella tuvo trabajo por ser la ex de mi hijo\u201d"},"content":{"rendered":"<p> <br \/>\n<br \/><img decoding=\"async\" src=\"https:\/\/13.com.ar\/wp-content\/uploads\/2025\/06\/Ella-tuvo-trabajo-por-ser-la-ex-de-mi-hijo.jpg\" \/><\/p>\n<div id=\"element-body-0\">\n<p>Silvina Riela, la madre de<strong> Alexis Mac Allister<\/strong>, habl\u00f3 luego de que se diera a conocer el rev\u00e9s judicial que determin\u00f3 que el caso del futbolista y su ex pareja, Cami Mayan, contin\u00fae su rumbo en Inglaterra.<\/p>\n<\/div>\n<div id=\"element-body-1\">\n<p>Cabe recordar que a finales de 2022 el deportista dej\u00f3 a Mayan tras varios a\u00f1os de amor e inmediatamente comenz\u00f3 una relaci\u00f3n con Ail\u00e9n Cova, con quien actualmente est\u00e1 esperando su primer hijo.<\/p>\n<\/div>\n<div id=\"element-body-2\">\n<p>Tras la ruptura, <strong>Cami demand\u00f3 al deportista y le exigi\u00f3 una compensaci\u00f3n econ\u00f3mica por los cinco a\u00f1os que estuvieron juntos<\/strong>, de los cuales a\u00f1o y medio fueron de convivencia en Inglaterra, acompa\u00f1\u00e1ndolo con su carrera en lugar de enfocarse en la propia.<\/p>\n<\/div>\n<div id=\"element-body-3\">\n<p>Sin embargo, <strong>tal como lo hab\u00edan solicitado los abogados de Mac Allister, el caso seguir\u00e1 su rumbo en Inglaterra <\/strong>y all\u00ed no existe la figura de la compensaci\u00f3n econ\u00f3mica. <\/p>\n<\/div>\n<div id=\"element-body-4\">\n<p>La resoluci\u00f3n se tendr\u00e1 que adaptar a la legislaci\u00f3n brit\u00e1nica.<\/p>\n<\/div>\n<div id=\"element-body-5\">\n<p><strong>Silvina Riela<\/strong>, quien ya se hab\u00eda pronunciado en desacuerdo con la<em> influencer<\/em> y modelo, habl\u00f3 en<em> Mitre Live <\/em>y se\u00f1al\u00f3: <strong>\u201cEsto no es algo que nos d\u00e9 alegr\u00eda o que lo festejemos porque este resarcimiento nos parec\u00eda hasta il\u00f3gico<\/strong> porque lo que se est\u00e1 definiendo ahora es que la Argentina se declare incompetente para litigar en este caso\u201d.<\/p>\n<\/div>\n<div id=\"element-body-7\">\n<p>\u201cNos resultaba todo il\u00f3gico y esta decisi\u00f3n de la Justicia argentina nos resulta que es lo m\u00e1s l\u00f3gico y despu\u00e9s veremos si ellos quieren seguir este tema en Inglaterra.<strong> Ac\u00e1 no hay casamiento, solo una convivencia de dos a\u00f1os y pocos meses<\/strong>\u201d, sostuvo.<\/p>\n<\/div>\n<div id=\"element-body-8\">\n<p>Adem\u00e1s, defendi\u00f3 a su hijo y remarc\u00f3: \u201c<strong>Esto fue una manera de desprestigiarlo frente a la sociedad argentina.<\/strong> Nos parec\u00eda bastante degradante lo que hicieron con nuestro hijo\u201d.<\/p>\n<\/div>\n<div id=\"element-body-9\">\n<p>Cr\u00edtica, Silvina manifest\u00f3 que Mayan, quien actualmente trabaja como modelo, <em>influencer<\/em> y es parte de un reconocido programa de <em>streaming <\/em>en LUZU TV, <strong>consigui\u00f3 trabajo gracias a que se hizo conocida por su relaci\u00f3n con el campe\u00f3n del mundo.<\/strong><\/p>\n<\/div>\n<div id=\"element-body-11\">\n<p>\u201cFue un poco de generosidad de parte de \u00e9l y<strong> ella encontr\u00f3 un lugar gracias a Alexis.<\/strong> Debiera haber una compensaci\u00f3n econ\u00f3mica para cuando la persona regresa al pa\u00eds y <strong>ella tuvo trabajo por ser la ex de mi hijo<\/strong>\u201d, se\u00f1al\u00f3.<\/p>\n<\/div>\n<div id=\"element-body-12\">\n<p>\u201cNo hago cr\u00edtica de alguien que pertenece al pasado. Y lo que quiero resaltar es que no estamos en una situaci\u00f3n donde Alexis pueda ser desprestigiado y yo soy su apoderada en Argentina\u201d, sentenci\u00f3.<\/p>\n<\/div>\n<div id=\"element-body-13\">\n<p>Cami Mayan, por su parte, habl\u00f3 en LUZU TV y declar\u00f3 sobre el proceso judicial:<strong> &#8220;Estamos viendo que hacemos ahora porque antes de llevar la causa a otro lado, hay otras instancias. <\/strong>No hay que ir necesariamente ah\u00ed (Inglaterra). <strong>Voy a ver que hago&#8221;.<\/strong><\/p>\n<\/div>\n<div id=\"element-body-15\">\n<p>En 2024 <strong>Cami Mayan <\/strong>explic\u00f3 por qu\u00e9 decidi\u00f3 iniciar una demanda contra<strong> Alexis Mac Allister <\/strong>y pedirle un reclamo econ\u00f3mico.<\/p>\n<\/div>\n<div id=\"element-body-16\">\n<p><strong>\u201cHay diversas cuestiones y motivos por los que esto se puede hacer que ya explic\u00f3 mi abogado&#8221;<\/strong>, dijo en una entrevista con <em>LAM<\/em> (Am\u00e9rica).<\/p>\n<\/div>\n<div id=\"element-body-17\">\n<div class=\"sc-c2c2a3c6-1 kQhBlc videoText videoText\">\n<h2>Video<\/h2>\n<p>&#8220;Yo tambi\u00e9n lo termin\u00e9 de conocer cuando me separ\u00e9&#8221;, dijo la influencer sobre su \u00faltima pareja.\n<\/p>\n<\/div>\n<\/div>\n<div id=\"element-body-18\">\n<p>Y desarroll\u00f3: &#8220;Lo que me pas\u00f3 es que si hicimos algo juntos o construimos algo juntos, no le veo sentido a que una persona se quede aislada de todo lo que pasa despu\u00e9s de eso\u201d.<\/p>\n<\/div>\n<div id=\"element-body-19\">\n<p>\u201c<strong>No digo que yo haya hecho la misma cantidad de cosas, tiempo ni esfuerzo que \u00e9l, porque obvio que nada que ver. <\/strong>No necesito que nadie me recuerde lo bueno que es porque ya lo s\u00e9 y estuve ah\u00ed&#8221;, explic\u00f3.<\/p>\n<\/div>\n<div id=\"element-body-20\">\n<p>&#8220;Construimos algo, aport\u00e9 todo lo que pude para que eso suceda, y me parece que despu\u00e9s no te pod\u00e9s correr de eso y ya, sin nada, cuando hay tanto que se hizo para llegar a eso\u201d, cerr\u00f3.<\/p>\n<\/div>\n<p><br \/>\n<br \/><a href=\"https:\/\/www.clarin.com\/fama\/dardo-mama-alexis-mac-allister-cami-mayan-trabajo-ex-hijo_0_MFsE7uKqAg.html\">Fuente Clarin.com <\/a><\/p>\n","protected":false},"excerpt":{"rendered":"<p>Silvina Riela, la madre de Alexis Mac Allister, habl\u00f3 luego de que se diera a conocer el rev\u00e9s judicial que determin\u00f3 que el caso del futbolista y su ex pareja, Cami Mayan, contin\u00fae su rumbo en Inglaterra. Cabe recordar que a finales de 2022 el deportista dej\u00f3 a Mayan tras varios a\u00f1os de amor e [&hellip;]<\/p>\n","protected":false},"author":1,"featured_media":35064,"comment_status":"open","ping_status":"open","sticky":false,"template":"","format":"standard","meta":{"footnotes":""},"categories":[2],"tags":[2895,918,142,1234,592,507],"class_list":["post-35063","post","type-post","status-publish","format-standard","has-post-thumbnail","hentry","category-ultimas-noticias","tag-ella","tag-hijo","tag-por","tag-ser","tag-trabajo","tag-tuvo"],"_links":{"self":[{"href":"https:\/\/13.com.ar\/index.php\/wp-json\/wp\/v2\/posts\/35063","targetHints":{"allow":["GET"]}}],"collection":[{"href":"https:\/\/13.com.ar\/index.php\/wp-json\/wp\/v2\/posts"}],"about":[{"href":"https:\/\/13.com.ar\/index.php\/wp-json\/wp\/v2\/types\/post"}],"author":[{"embeddable":true,"href":"https:\/\/13.com.ar\/index.php\/wp-json\/wp\/v2\/users\/1"}],"replies":[{"embeddable":true,"href":"https:\/\/13.com.ar\/index.php\/wp-json\/wp\/v2\/comments?post=35063"}],"version-history":[{"count":0,"href":"https:\/\/13.com.ar\/index.php\/wp-json\/wp\/v2\/posts\/35063\/revisions"}],"wp:featuredmedia":[{"embeddable":true,"href":"https:\/\/13.com.ar\/index.php\/wp-json\/wp\/v2\/media\/35064"}],"wp:attachment":[{"href":"https:\/\/13.com.ar\/index.php\/wp-json\/wp\/v2\/media?parent=35063"}],"wp:term":[{"taxonomy":"category","embeddable":true,"href":"https:\/\/13.com.ar\/index.php\/wp-json\/wp\/v2\/categories?post=35063"},{"taxonomy":"post_tag","embeddable":true,"href":"https:\/\/13.com.ar\/index.php\/wp-json\/wp\/v2\/tags?post=35063"}],"curies":[{"name":"wp","href":"https:\/\/api.w.org\/{rel}","templated":true}]}}