{"id":35061,"date":"2025-06-18T16:48:33","date_gmt":"2025-06-18T19:48:33","guid":{"rendered":"https:\/\/13.com.ar\/index.php\/con-el-arzobispo-garcia-cuerva-los-empresarios-cristianos-haran-eje-en-la-importancia-de-las-instituciones-en-su-encuentro-anual\/"},"modified":"2025-06-18T16:48:33","modified_gmt":"2025-06-18T19:48:33","slug":"con-el-arzobispo-garcia-cuerva-los-empresarios-cristianos-haran-eje-en-la-importancia-de-las-instituciones-en-su-encuentro-anual","status":"publish","type":"post","link":"https:\/\/13.com.ar\/index.php\/con-el-arzobispo-garcia-cuerva-los-empresarios-cristianos-haran-eje-en-la-importancia-de-las-instituciones-en-su-encuentro-anual\/","title":{"rendered":"Con el arzobispo Garc\u00eda Cuerva, los empresarios cristianos har\u00e1n eje en la importancia de las instituciones en su Encuentro Anual"},"content":{"rendered":"<p> <br \/>\n<br \/><img decoding=\"async\" src=\"https:\/\/13.com.ar\/wp-content\/uploads\/2025\/06\/Con-el-arzobispo-Garcia-Cuerva-los-empresarios-cristianos-haran-eje.jpg\" \/><\/p>\n<div id=\"element-body-0\">\n<p>El encuentro que organiza anualmente la Asociaci\u00f3n Cristina de Dirigentes de Empresa (ACDE) vuelve a elegir como sede el Regimiento de Patricios, un escenario<strong> muy poco habitual <\/strong>para reuniones empresarias, pero c\u00f3modo por su ubicaci\u00f3n y m\u00e1s conveniente en estos tiempos en los que no hay plata.<\/p>\n<\/div>\n<div id=\"element-body-1\">\n<p><strong> No habr\u00e1 saludo<\/strong> del flamante Papa Le\u00f3n XIV, como acostumbraba Francisco. La entidad est\u00e1 concentrada en <strong>impulsar que el Vaticano nombre santo a su fundador Enrique Shaw<\/strong>, el empresario que aplic\u00f3 la doctrina social de la Iglesia en sus compa\u00f1\u00edas. Y parece que esta <strong>cerca esa beatificaci\u00f3n de quien ser\u00eda el primer  santo empresario.<\/strong><\/p>\n<\/div>\n<div id=\"element-body-2\">\n<p>Este Encuentro es un <strong>llamado a la acci\u00f3n.<\/strong> Lo titularon \u201c<strong>Forjadores de un nuevo mundo, la persona, principio y fin del desarrollo\u201d.<\/strong><\/p>\n<\/div>\n<div id=\"element-body-3\">\n<p>La convocatoria los pr\u00f3ximos 1 y 2 de julio tiene como eje la importancia de la institucionalidad fundamentada en que<strong> los negocios se desarrollan s\u00f3lo cuando \u201cexiste un marco institucional adecuado<\/strong>\u201d.<\/p>\n<\/div>\n<div id=\"element-body-4\">\n<p>Fueron invitados los funcionarios y pol\u00edticos de casi todos los colores pero ninguno est\u00e1 incluido en los paneles, \u201cya que buscamos otro tipo de debate\u201d. <\/p>\n<\/div>\n<div id=\"element-body-5\">\n<p>Y en lo que puede leerse como mensaje a la Casa Rosada, monse\u00f1or Jorge Ignacio Garc\u00eda Cuerva, Arzobispo de Buenos Aires quien dijo delante del presidente Milei que <strong>&#8220;Argentina sangra de inequidad\u201d,<\/strong> en la homil\u00eda en ocasi\u00f3n del \u00faltimo 25 de Mayo. Garc\u00eda Cuerva reflexionar\u00e1 sobre<strong> la misericordia hoy.<\/strong><\/p>\n<\/div>\n<div id=\"element-body-6\">\n<p>En otros paneles se destacan la ex canciller Diana Mondino, el experto en comercio internacional Marcelo Elizondo, Carolina Dams, decana del IAE Business School, Mariano Tomatis de PWC, el presidente del CARI, Francisco de Santiba\u00f1es, el analista Sergio Berensztein, Mauricio Salvatierra de Globant, la diputada del congreso espa\u00f1ol, Cayetana Alvarez de Toledo y el titular de Argencon, Sebasti\u00e1n Mocorrea por citar algunos.<\/p>\n<\/div>\n<div id=\"element-body-7\">\n<p>Acde cuenta con<strong> 1.000 empresas asociadas <\/strong>y se distingue como un \u00e1mbito de an\u00e1lisis y reflexi\u00f3n de la tem\u00e1tica empresaria a la luz de los valores cristianos; y de acci\u00f3n, a trav\u00e9s de su compromiso social. La dirige Silvia Bulla licenciada en estad\u00edstica, reconocida experta en Recursos Humanos. Es Directora de Recursos Humanos para Am\u00e9rica Latina de IFF (International Flavors and Fragrances) y Presidente de Danisco y Solae Argentina.<\/p>\n<\/div>\n<div id=\"element-body-8\">\n<p>El presidente del Encuentro anual es V\u00edctor Valle, titular de la filial de Google en Argentina y muy reconocido entre sus pares.<\/p>\n<\/div>\n<div id=\"element-body-9\">\n<p>En una reuni\u00f3n con periodistas Bulla resalt\u00f3 la &#8220;resiliencia de los empresarios argentinos, su desempe\u00f1o en la adversidad y marc\u00f3 distancia con dichos de Javier Milei, cuando se refiri\u00f3 peyorativamente a ese sector. \u201cNo se puede generalizar\u201d, solt\u00f3 sin abundar. Valle se refiri\u00f3 a la necesidad <strong>de promover un ambiente institucional como requisito indispensable para atraer inversiones.<\/strong><\/p>\n<\/div>\n<div id=\"element-body-10\">\n<p>Y se\u00f1al\u00f3: &#8220;Nuestro pa\u00eds vislumbra, despu\u00e9s de muchos a\u00f1os, un <strong>horizonte de prosperidad posible. <\/strong>A la par, el escenario global se ha vuelto incierto, con transformaciones geopol\u00edticas y culturales de <strong>profundidad tect\u00f3nica&#8221;.<\/strong><\/p>\n<\/div>\n<div id=\"element-body-11\">\n<p>Se concluy\u00f3 que el Encuentro &#8220;ser\u00e1 un espacio que busca inspirar un liderazgo transformador que contribuya a forjar una <strong>Argentina y un mundo m\u00e1s justo y humano&#8221;.<\/strong><\/p>\n<\/div>\n<p><br \/>\n<br \/><a href=\"https:\/\/www.clarin.com\/economia\/arzobispo-garcia-cuerva-empresarios-cristianos-haran-eje-importancia-instituciones-encuentro-anual_0_pJiyKBtzRc.html\">Fuente Clarin.com <\/a><\/p>\n","protected":false},"excerpt":{"rendered":"<p>El encuentro que organiza anualmente la Asociaci\u00f3n Cristina de Dirigentes de Empresa (ACDE) vuelve a elegir como sede el Regimiento de Patricios, un escenario muy poco habitual para reuniones empresarias, pero c\u00f3modo por su ubicaci\u00f3n y m\u00e1s conveniente en estos tiempos en los que no hay plata. No habr\u00e1 saludo del flamante Papa Le\u00f3n XIV, [&hellip;]<\/p>\n","protected":false},"author":1,"featured_media":35062,"comment_status":"open","ping_status":"open","sticky":false,"template":"","format":"standard","meta":{"footnotes":""},"categories":[2],"tags":[7769,15390,18,18551,17544,9833,2060,1353,1120,2953,7944,9958,48,28],"class_list":["post-35061","post","type-post","status-publish","format-standard","has-post-thumbnail","hentry","category-ultimas-noticias","tag-anual","tag-arzobispo","tag-con","tag-cristianos","tag-cuerva","tag-eje","tag-empresarios","tag-encuentro","tag-garcia","tag-haran","tag-importancia","tag-instituciones","tag-las","tag-los"],"_links":{"self":[{"href":"https:\/\/13.com.ar\/index.php\/wp-json\/wp\/v2\/posts\/35061","targetHints":{"allow":["GET"]}}],"collection":[{"href":"https:\/\/13.com.ar\/index.php\/wp-json\/wp\/v2\/posts"}],"about":[{"href":"https:\/\/13.com.ar\/index.php\/wp-json\/wp\/v2\/types\/post"}],"author":[{"embeddable":true,"href":"https:\/\/13.com.ar\/index.php\/wp-json\/wp\/v2\/users\/1"}],"replies":[{"embeddable":true,"href":"https:\/\/13.com.ar\/index.php\/wp-json\/wp\/v2\/comments?post=35061"}],"version-history":[{"count":0,"href":"https:\/\/13.com.ar\/index.php\/wp-json\/wp\/v2\/posts\/35061\/revisions"}],"wp:featuredmedia":[{"embeddable":true,"href":"https:\/\/13.com.ar\/index.php\/wp-json\/wp\/v2\/media\/35062"}],"wp:attachment":[{"href":"https:\/\/13.com.ar\/index.php\/wp-json\/wp\/v2\/media?parent=35061"}],"wp:term":[{"taxonomy":"category","embeddable":true,"href":"https:\/\/13.com.ar\/index.php\/wp-json\/wp\/v2\/categories?post=35061"},{"taxonomy":"post_tag","embeddable":true,"href":"https:\/\/13.com.ar\/index.php\/wp-json\/wp\/v2\/tags?post=35061"}],"curies":[{"name":"wp","href":"https:\/\/api.w.org\/{rel}","templated":true}]}}