{"id":35059,"date":"2025-06-18T16:45:36","date_gmt":"2025-06-18T19:45:36","guid":{"rendered":"https:\/\/13.com.ar\/index.php\/miedo-refugios-atestados-y-comunicacion-precaria-en-teheran-en-medio-de-los-bombardeos-israelies\/"},"modified":"2025-06-18T16:45:36","modified_gmt":"2025-06-18T19:45:36","slug":"miedo-refugios-atestados-y-comunicacion-precaria-en-teheran-en-medio-de-los-bombardeos-israelies","status":"publish","type":"post","link":"https:\/\/13.com.ar\/index.php\/miedo-refugios-atestados-y-comunicacion-precaria-en-teheran-en-medio-de-los-bombardeos-israelies\/","title":{"rendered":"miedo, refugios atestados y comunicaci\u00f3n precaria en Teher\u00e1n en medio de los bombardeos israel\u00edes"},"content":{"rendered":"<p> <br \/>\n<\/p>\n<div id=\"cuerpo\">\n<div class=\"sc-45461e9c-0 eqiBeF container-text text-embed \" id=\"element-body-0\">\n<p><strong>Las calles de Teher\u00e1n est\u00e1n vac\u00edas, los negocios cerrados y las comunicaciones son intermitentes en el mejor de los casos<\/strong>. Sin refugios antia\u00e9reos aut\u00e9nticos y abiertos al p\u00fablico, las masas aterradas pasan noches sin descanso en el suelo de las estaciones del metro mientras los bombardeos retumban sobre sus cabezas.<\/p>\n<\/div>\n<div class=\"sc-45461e9c-0 eqiBeF container-text text-embed \" id=\"element-body-1\">\n<p>Esta es la capital de Ir\u00e1n, a poco menos de una semana del feroz bombardeo israel\u00ed que tiene como objetivo destruir el programa nuclear y la capacidad militar del pa\u00eds. <strong>Tras dejar fuera de combate a gran parte del sistema de defensa a\u00e9rea iran\u00ed<\/strong>, Israel dice que sus aviones de guerra tienen v\u00eda libre sobre los cielos de la ciudad. El presidente de Estados Unidos, Donald Trump, inst\u00f3 el lunes a los aproximadamente 10 millones de habitantes de Teher\u00e1n a evacuar \u201cinmediatamente\u201d.<\/p>\n<\/div>\n<div class=\"sc-45461e9c-0 eqiBeF container-text text-embed \" id=\"element-body-2\">\n<p><strong>Miles de personas han huido y pasan horas varadas en el tr\u00e1fico<\/strong> mientras tratan de dirigirse a los suburbios, el mar Caspio o incluso a Armenia o Turqu\u00eda. Pero otros \u2014los ancianos y enfermos\u2014 est\u00e1n atrapados en altos edificios de apartamentos. Sus familiares se preocupan: \u00bfqu\u00e9 hacer?<\/p>\n<\/div>\n<div class=\"sc-45461e9c-0 eqiBeF container-text text-embed \" id=\"element-body-3\">\n<p>Los ataques israel\u00edes contra Ir\u00e1n han provocado<strong> la muerte de<\/strong> <strong>al menos 585 personas y han herido a m\u00e1s de 1.300<\/strong>, seg\u00fan una organizaci\u00f3n de derechos humanos. Los medios locales, tambi\u00e9n blanco de los bombardeos, ya no reportan sobre los ataques, lo cual ha dejado a los iran\u00edes sin informaci\u00f3n. Hay pocas se\u00f1ales visibles de la autoridad estatal: la polic\u00eda parece estar mayoritariamente encubierta, las sirenas antia\u00e9reas no son de fiar y hay poca informaci\u00f3n sobre qu\u00e9 hacer en caso de ataque.<\/p>\n<\/div>\n<div class=\"sc-45461e9c-0 eqiBeF container-text text-embed \" id=\"element-body-4\">\n<p>Shirin, de 49 a\u00f1os, quien vive en el sur de Teher\u00e1n, dijo que ha sentido como si cada llamada o mensaje de texto a amigos y familiares en los d\u00edas recientes pudiera ser la \u00faltima.<\/p>\n<\/div>\n<div class=\"sc-45461e9c-0 eqiBeF container-text text-embed \" id=\"element-body-5\">\n<p><strong>\u201cNo sabemos si ma\u00f1ana estaremos vivos\u201d<\/strong>, puntualiz\u00f3.<\/p>\n<\/div>\n<div class=\"sc-98b114a2-0 bkqiHH image-embed  image-embed \" id=\"element-body-6\"><picture class=\"sc-98b114a2-1 jRUlDm\"><source media=\"(min-width: 975px)\" width=\"720\" height=\"480\" \/><img alt=\"Una pantalla de televisi\u00f3n muestra el mensaje televisado del l\u00edder supremo de Ir\u00e1n, el ayatol\u00e1 Ali Khamenei, durante el conflicto Ir\u00e1n-Israel en Teher\u00e1n. Foto Reuters\" loading=\"lazy\" width=\"720\" height=\"480\" decoding=\"async\" data-nimg=\"1\" style=\"color:transparent\" src=\"https:\/\/13.com.ar\/wp-content\/uploads\/2025\/06\/miedo-refugios-atestados-y-comunicacion-precaria-en-Teheran-en-medio.jpg\"\/><span class=\"epigraphe\">Una pantalla de televisi\u00f3n muestra el mensaje televisado del l\u00edder supremo de Ir\u00e1n, el ayatol\u00e1 Ali Khamenei, durante el conflicto Ir\u00e1n-Israel en Teher\u00e1n. Foto Reuters<\/span><span class=\"picture-open\"><button class=\"open-image\" aria-label=\"Open Image\"\/><\/span><\/picture><\/div>\n<div class=\"sc-45461e9c-0 eqiBeF container-text text-embed \" id=\"element-body-7\">\n<p><strong>Muchos iran\u00edes tienen un conflicto interno:<\/strong> algunos apoyan los ataques de Israel contra funcionarios pol\u00edticos y oficiales militares iran\u00edes a quienes consideran represivos; otros defienden firmemente a la Rep\u00fablica Isl\u00e1mica y los ataques de represalia contra Israel. Y est\u00e1n quienes se oponen a los gobernantes de Ir\u00e1n, pero no quieren ver su pa\u00eds bombardeado.<\/p>\n<\/div>\n<p><h2>\u00bfQuedarse o partir? <\/h2>\n<\/p>\n<div class=\"sc-45461e9c-0 eqiBeF container-text text-embed \" id=\"element-body-9\">\n<p>The Associated Press entrevist\u00f3 por tel\u00e9fono a cinco personas en Ir\u00e1n y a un iran\u00ed-estadounidense en Estados Unidos. Todos hablaron bajo condici\u00f3n de anonimato o permitieron que se revelara solo su nombre de pila por temor a represalias del Estado contra ellos o sus familias.<\/p>\n<\/div>\n<div class=\"sc-45461e9c-0 eqiBeF container-text text-embed \" id=\"element-body-10\">\n<p>La mayor\u00eda de las llamadas terminaron abruptamente y en cuesti\u00f3n de minutos \u2014conversaciones interrumpidas a medida que la gente se pon\u00eda nerviosa o porque se perd\u00eda la conexi\u00f3n\u2014. <strong>El gobierno iran\u00ed ha reconocido haber suspendido el acceso a internet<\/strong>. Dice que es para proteger al pa\u00eds, y eso impide que los iran\u00edes comunes obtengan informaci\u00f3n del mundo exterior.<\/p>\n<\/div>\n<div class=\"sc-45461e9c-0 eqiBeF container-text text-embed \" id=\"element-body-11\">\n<p>Los iran\u00edes en la di\u00e1spora esperan con ansias noticias de sus familiares. Un investigador de derechos humanos iran\u00ed-estadounidense quien vive en Estados Unidos refiri\u00f3 que la \u00faltima vez que tuvo noticias de sus familiares fue cuando algunos intentaban dejar Teher\u00e1n a principios de la semana. <strong>Cree que la falta de gasolina y el tr\u00e1fico les impidi\u00f3 irse.<\/strong><\/p>\n<\/div>\n<div class=\"sc-98b114a2-0 bkqiHH image-embed  image-embed \" id=\"element-body-12\"><picture class=\"sc-98b114a2-1 jRUlDm\"><source media=\"(min-width: 975px)\" width=\"720\" height=\"480\" \/><img alt=\"Humo ten unos edificios tras un ataque a\u00e9reo israel\u00ed sobre Teher\u00e1n. Foto EFE\" loading=\"lazy\" width=\"720\" height=\"480\" decoding=\"async\" data-nimg=\"1\" style=\"color:transparent\" src=\"https:\/\/13.com.ar\/wp-content\/uploads\/2025\/06\/1750275936_176_miedo-refugios-atestados-y-comunicacion-precaria-en-Teheran-en-medio.jpg\"\/><span class=\"epigraphe\">Humo ten unos edificios tras un ataque a\u00e9reo israel\u00ed sobre Teher\u00e1n. Foto EFE<\/span><span class=\"picture-open\"><button class=\"open-image\" aria-label=\"Open Image\"\/><\/span><\/picture><\/div>\n<div class=\"sc-45461e9c-0 eqiBeF container-text text-embed \" id=\"element-body-13\">\n<p>La interacci\u00f3n m\u00e1s desgarradora, manifest\u00f3, fue cuando sus primos mayores \u2014con quienes creci\u00f3 en Ir\u00e1n\u2014 le dijeron: \u201cNo sabemos a d\u00f3nde ir. Si morimos, morimos\u201d.<\/p>\n<\/div>\n<div class=\"sc-45461e9c-0 eqiBeF container-text text-embed \" id=\"element-body-14\">\n<p><strong>\u201cSu \u00fanica sensaci\u00f3n era la desesperanza\u201d<\/strong>, a\u00f1adi\u00f3.<\/p>\n<\/div>\n<div class=\"sc-45461e9c-0 eqiBeF container-text text-embed \" id=\"element-body-15\">\n<p>Algunas familias han tomado la decisi\u00f3n de separarse.<\/p>\n<\/div>\n<div class=\"sc-45461e9c-0 eqiBeF container-text text-embed \" id=\"element-body-16\">\n<p>Un refugiado afgano de 23 a\u00f1os que ha vivido durante cuatro a\u00f1os en Ir\u00e1n expuso que \u00e9l se qued\u00f3 en Teher\u00e1n,<strong> pero envi\u00f3 a su esposa y a su hijo reci\u00e9n nacido fuera de la ciudad <\/strong>despu\u00e9s de que un ataque el lunes da\u00f1ara una farmacia cercana.<\/p>\n<\/div>\n<div class=\"sc-45461e9c-0 eqiBeF container-text text-embed \" id=\"element-body-17\">\n<p>\u201cFue un choque muy duro para ellos\u201d, agreg\u00f3.<\/p>\n<\/div>\n<div class=\"sc-45461e9c-0 eqiBeF container-text text-embed \" id=\"element-body-18\">\n<p>Algunos, como Shirin, dijeron que huir no era opci\u00f3n. Los edificios de apartamentos en Teher\u00e1n son altos y densos. <strong>Su padre tiene Alzheimer y necesita una ambulancia para trasladarse<\/strong>. La artritis severa de su madre har\u00eda que incluso un viaje corto fuera extremadamente doloroso.<\/p>\n<\/div>\n<div class=\"sc-45461e9c-0 eqiBeF container-text text-embed \" id=\"element-body-19\">\n<p>Aun as\u00ed, con la esperanza de que escapar fuera posible, intent\u00f3 reunir en los \u00faltimos d\u00edas sus medicamentos. Su hermano esper\u00f3 en una gasolinera hasta las 3 de la ma\u00f1ana, pero le dijeron que se fuera cuando se acab\u00f3 el combustible.<strong> Desde el lunes, la gasolina est\u00e1 racionada a menos de 20 litros<\/strong> (5 galones) por conductor en las gasolineras de todo Ir\u00e1n, luego de que un ataque israel\u00ed provocara un incendio en el yacimiento de gas m\u00e1s grande del mundo.<\/p>\n<\/div>\n<div class=\"sc-98b114a2-0 bkqiHH image-embed  image-embed \" id=\"element-body-20\"><picture class=\"sc-98b114a2-1 jRUlDm\"><source media=\"(min-width: 975px)\" width=\"720\" height=\"480\" \/><img alt=\"Los ataques israel\u00edes contra Ir\u00e1n han provocado la muerte de al menos 585 personas y han herido a m\u00e1s de 1.300. Foto EFE\" loading=\"lazy\" width=\"720\" height=\"480\" decoding=\"async\" data-nimg=\"1\" style=\"color:transparent\" src=\"https:\/\/13.com.ar\/wp-content\/uploads\/2025\/06\/1750275936_64_miedo-refugios-atestados-y-comunicacion-precaria-en-Teheran-en-medio.jpg\"\/><span class=\"epigraphe\">Los ataques israel\u00edes contra Ir\u00e1n han provocado la muerte de al menos 585 personas y han herido a m\u00e1s de 1.300. Foto EFE<\/span><span class=\"picture-open\"><button class=\"open-image\" aria-label=\"Open Image\"\/><\/span><\/picture><\/div>\n<div class=\"sc-45461e9c-0 eqiBeF container-text text-embed \" id=\"element-body-21\">\n<p>Algunas personas, como Arshia, dijeron que simplemente est\u00e1n cansadas.<\/p>\n<\/div>\n<div class=\"sc-45461e9c-0 eqiBeF container-text text-embed \" id=\"element-body-22\">\n<p><strong>\u201cNo quiero pasar 40, 30 o 20 horas en el tr\u00e1fico<\/strong>, solo para llegar a alg\u00fan lugar que podr\u00eda ser bombardeado\u201d, dijo.<\/p>\n<\/div>\n<div class=\"sc-45461e9c-0 eqiBeF container-text text-embed \" id=\"element-body-23\">\n<p>El joven de 22 a\u00f1os se ha quedado en casa con sus padres desde el primer ataque israel\u00ed. Report\u00f3 que su otrora animado barrio de Saadat Abad, en el noroeste de Teher\u00e1n, es ahora un pueblo fantasma: <strong>las escuelas est\u00e1n cerradas; muy pocas personas salen, incluso para pasear a sus perros<\/strong>; la mayor\u00eda de las tiendas locales se han quedado sin agua potable y aceite de cocina y otras han cerrado.<\/p>\n<\/div>\n<div class=\"sc-45461e9c-0 eqiBeF container-text text-embed \" id=\"element-body-24\">\n<p>No obstante, Arshia dijo que la perspectiva de encontrar un nuevo hogar es demasiado abrumadora.<\/p>\n<\/div>\n<div class=\"sc-45461e9c-0 eqiBeF container-text text-embed \" id=\"element-body-25\">\n<p><strong>\u201cNo tenemos los recursos para irnos en este momento\u201d<\/strong>, dijo.<\/p>\n<\/div>\n<p><h2>Los residentes est\u00e1n solos<\/h2>\n<\/p>\n<div class=\"sc-45461e9c-0 eqiBeF container-text text-embed \" id=\"element-body-27\">\n<p>Ninguna sirena antia\u00e9rea son\u00f3 cuando los ataques israel\u00edes comenzaron a azotar Teher\u00e1n antes del amanecer del viernes. Para muchos, <strong>fue una se\u00f1al temprana de que los civiles tendr\u00edan que arregl\u00e1rselas solos.<\/strong><\/p>\n<\/div>\n<div class=\"sc-45461e9c-0 eqiBeF container-text text-embed \" id=\"element-body-28\">\n<p>Durante la guerra entre Ir\u00e1n e Irak en la d\u00e9cada de 1980, Teher\u00e1n era una ciudad con pocos edificios altos, muchas casas ten\u00edan s\u00f3tanos para refugiarse y hab\u00eda sirenas y simulacros de ataques a\u00e9reos. Ahora, l<strong>a capital est\u00e1 repleta de api\u00f1ados rascacielos de apartamentos que no tienen refugios.<\/strong><\/p>\n<\/div>\n<div class=\"sc-45461e9c-0 eqiBeF container-text text-embed \" id=\"element-body-29\">\n<p><strong>\u201cEs una especie de error del pasado que no construyeran refugios\u201d<\/strong>, opin\u00f3 una residente de Teher\u00e1n de 29 a\u00f1os, quien abandon\u00f3 la ciudad el lunes. \u201cA pesar de que hemos estado bajo la sombra de una guerra desde que tengo memoria\u201d.<\/p>\n<\/div>\n<div class=\"sc-45461e9c-0 eqiBeF container-text text-embed \" id=\"element-body-30\">\n<p>El novio de su amiga muri\u00f3 mientras iba a la tienda.<\/p>\n<\/div>\n<div class=\"sc-45461e9c-0 eqiBeF container-text text-embed \" id=\"element-body-31\">\n<p>\u201cNo esperas realmente que tu novio \u2014ni nadie, en realidad\u2014 salga de casa y no regrese nunca si solo fue a hacer unas compras de rutina\u201d, dijo.<\/p>\n<\/div>\n<div class=\"sc-45461e9c-0 eqiBeF container-text text-embed \" id=\"element-body-32\">\n<p>Quienes deciden evacuar lo hacen sin ayuda del gobierno. El Estado ha dicho que <strong>abri\u00f3 las mezquitas, escuelas y estaciones de metro para ser utilizadas como refugios<\/strong>. Algunas est\u00e1n cerradas; otras, abarrotadas.<\/p>\n<\/div>\n<div class=\"sc-45461e9c-0 eqiBeF container-text text-embed \" id=\"element-body-33\">\n<p>Cientos de personas se aglomeraron en una estaci\u00f3n de metro de Teher\u00e1n el viernes por la noche. Peque\u00f1os grupos de familias yac\u00edan en el suelo. Una estudiante, refugiada de otro pa\u00eds, <strong>cont\u00f3 que pas\u00f3 12 horas en la estaci\u00f3n con sus familiares.<\/strong><\/p>\n<\/div>\n<div class=\"sc-45461e9c-0 eqiBeF container-text text-embed \" id=\"element-body-34\">\n<p>\u201cTodos sent\u00edan p\u00e1nico por la situaci\u00f3n\u201d, enunci\u00f3.<strong> \u201cNadie sabe qu\u00e9 pasar\u00e1 despu\u00e9s<\/strong>, si habr\u00e1 guerra en el futuro y qu\u00e9 deber\u00edan hacer. La gente cree que ning\u00fan lugar es seguro para ellos\u201d.<\/p>\n<\/div>\n<div class=\"sc-45461e9c-0 eqiBeF container-text text-embed \" id=\"element-body-35\">\n<p>Poco despu\u00e9s de salir de la estaci\u00f3n, vio que Israel hab\u00eda advertido a una franja de Teher\u00e1n que evacuara.<\/p>\n<\/div>\n<div class=\"sc-45461e9c-0 eqiBeF container-text text-embed \" id=\"element-body-36\">\n<p>\u201cPara las comunidades inmigrantes,<strong> es muy dif\u00edcil vivir en este tipo de situaci\u00f3n\u201d<\/strong> agreg\u00f3, y explic\u00f3 que siente que no tiene a d\u00f3nde escapar, especialmente no a su pa\u00eds de origen, al que pidi\u00f3 que no se identificara.<\/p>\n<\/div>\n<p><h2>El miedo a Ir\u00e1n se mezcla con el temor a Israel <\/h2>\n<\/p>\n<div class=\"sc-45461e9c-0 eqiBeF container-text text-embed \" id=\"element-body-38\">\n<p>Para Shirin, las hostilidades son agridulces. A pesar de estar en contra de la teocracia y su trato hacia las mujeres, <strong>la idea de que Israel pueda determinar el futuro no le sienta bien.<\/strong><\/p>\n<\/div>\n<div class=\"sc-45461e9c-0 eqiBeF container-text text-embed \" id=\"element-body-39\">\n<p>\u201cPor mucho que deseemos el fin de este r\u00e9gimen, no quer\u00edamos que se produjera de la mano de un gobierno extranjero\u201d, dijo. \u201cHabr\u00edamos preferido que, si iba a haber un cambio,<strong> fuera resultado de un movimiento de la gente en Ir\u00e1n\u201d.<\/strong><\/p>\n<\/div>\n<div class=\"sc-45461e9c-0 eqiBeF container-text text-embed \" id=\"element-body-40\">\n<p>Mientras tanto, la joven de 29 a\u00f1os, quien logr\u00f3 dejar Teher\u00e1n, envi\u00f3 un mensaje a\u00fan m\u00e1s b\u00e1sico para quienes est\u00e1n fuera de Ir\u00e1n:<\/p>\n<\/div>\n<div class=\"sc-45461e9c-0 eqiBeF container-text text-embed \" id=\"element-body-41\">\n<p>\u201cSolo quiero que la gente recuerde que, pase lo que pase aqu\u00ed, no es un asunto rutinario para nosotros. La vida de la gente de aqu\u00ed \u2014su sustento\u2014 es tan importante para ellos como para cualquier persona en cualquier otro lugar. <strong>\u00bfC\u00f3mo se sentir\u00edan si su ciudad o su pa\u00eds estuviera siendo bombardeado por otro y la gente muriera a diestra y siniestra?\u201d<\/strong><\/p>\n<\/div>\n<div class=\"sc-45461e9c-0 eqiBeF container-text text-embed \" id=\"element-body-42\">\n<p>\u201cSentimos que \u2018esto no puede estar pasando. Esta no puede ser mi vida\u2019\u201d.<\/p>\n<\/div>\n<\/div>\n<p><br \/>\n<br \/><a href=\"https:\/\/www.clarin.com\/mundo\/guerra-israel-miedo-refugios-atestados-comunicacion-precaria-teheran-medio-bombardeos-israelies_0_n2JbuCe2GZ.html\">Fuente Clarin.com <\/a><\/p>\n","protected":false},"excerpt":{"rendered":"<p>Las calles de Teher\u00e1n est\u00e1n vac\u00edas, los negocios cerrados y las comunicaciones son intermitentes en el mejor de los casos. Sin refugios antia\u00e9reos aut\u00e9nticos y abiertos al p\u00fablico, las masas aterradas pasan noches sin descanso en el suelo de las estaciones del metro mientras los bombardeos retumban sobre sus cabezas. Esta es la capital de [&hellip;]<\/p>\n","protected":false},"author":1,"featured_media":35060,"comment_status":"open","ping_status":"open","sticky":false,"template":"","format":"standard","meta":{"footnotes":""},"categories":[2],"tags":[21607,12655,11232,1539,28,1224,2924,21608,21277,15209],"class_list":["post-35059","post","type-post","status-publish","format-standard","has-post-thumbnail","hentry","category-ultimas-noticias","tag-atestados","tag-bombardeos","tag-comunicacion","tag-israelies","tag-los","tag-medio","tag-miedo","tag-precaria","tag-refugios","tag-teheran"],"_links":{"self":[{"href":"https:\/\/13.com.ar\/index.php\/wp-json\/wp\/v2\/posts\/35059","targetHints":{"allow":["GET"]}}],"collection":[{"href":"https:\/\/13.com.ar\/index.php\/wp-json\/wp\/v2\/posts"}],"about":[{"href":"https:\/\/13.com.ar\/index.php\/wp-json\/wp\/v2\/types\/post"}],"author":[{"embeddable":true,"href":"https:\/\/13.com.ar\/index.php\/wp-json\/wp\/v2\/users\/1"}],"replies":[{"embeddable":true,"href":"https:\/\/13.com.ar\/index.php\/wp-json\/wp\/v2\/comments?post=35059"}],"version-history":[{"count":0,"href":"https:\/\/13.com.ar\/index.php\/wp-json\/wp\/v2\/posts\/35059\/revisions"}],"wp:featuredmedia":[{"embeddable":true,"href":"https:\/\/13.com.ar\/index.php\/wp-json\/wp\/v2\/media\/35060"}],"wp:attachment":[{"href":"https:\/\/13.com.ar\/index.php\/wp-json\/wp\/v2\/media?parent=35059"}],"wp:term":[{"taxonomy":"category","embeddable":true,"href":"https:\/\/13.com.ar\/index.php\/wp-json\/wp\/v2\/categories?post=35059"},{"taxonomy":"post_tag","embeddable":true,"href":"https:\/\/13.com.ar\/index.php\/wp-json\/wp\/v2\/tags?post=35059"}],"curies":[{"name":"wp","href":"https:\/\/api.w.org\/{rel}","templated":true}]}}