{"id":35055,"date":"2025-06-18T16:30:32","date_gmt":"2025-06-18T19:30:32","guid":{"rendered":"https:\/\/13.com.ar\/index.php\/cristina-kirchner-ya-tiene-un-juez-para-que-decida-si-le-devuelve-la-jubilacion-de-privilegio-de-22-millones\/"},"modified":"2025-06-18T16:30:32","modified_gmt":"2025-06-18T19:30:32","slug":"cristina-kirchner-ya-tiene-un-juez-para-que-decida-si-le-devuelve-la-jubilacion-de-privilegio-de-22-millones","status":"publish","type":"post","link":"https:\/\/13.com.ar\/index.php\/cristina-kirchner-ya-tiene-un-juez-para-que-decida-si-le-devuelve-la-jubilacion-de-privilegio-de-22-millones\/","title":{"rendered":"Cristina Kirchner ya tiene un juez para que decida si le devuelve la jubilaci\u00f3n de privilegio de $ 22 millones"},"content":{"rendered":"<p> <br \/>\n<br \/><img decoding=\"async\" src=\"https:\/\/13.com.ar\/wp-content\/uploads\/2025\/06\/Cristina-Kirchner-ya-tiene-un-juez-para-que-decida-si.jpg\" \/><\/p>\n<div id=\"element-body-0\">\n<p>La C\u00e1mara de la Seguridad Social<strong> rechaz\u00f3<\/strong> este mi\u00e9rcoles la excusaci\u00f3n del juez Ezequiel P\u00e9rez Nami y dispuso que su colega Karina Alonso Kandis le devuelva la causa N\u00b010.171\/2025 en la que la Cristina Kirchner<strong> reclama que le devuelvan las dos pensiones honor\u00edficas por unos $ 22 millones de pesos que le anul\u00f3 el presidente Javier Milei <\/strong>por estar condenado en la causa Vialidad. As\u00ed, otra vez, P\u00e9rez Nami deber\u00e1 resolver sobre un reclamo de la ex presidenta.<\/p>\n<\/div>\n<div id=\"element-body-1\">\n<p>P\u00e9rez Nami se hab\u00eda excusado de decidir en la nueva demanda de Cristina Kirchner -con condena firme por corrupci\u00f3n- por <strong>estar ternado como juez de la Seguridad Social en el Consejo de la Magistratura de la Naci\u00f3n<\/strong>. \u201cNo existe esta causal de excusaci\u00f3n en el C\u00f3digo Procesal\u201d, hab\u00eda explicado a <strong>Clar\u00edn<\/strong> el ex camarista Luis Herrero y el tribunal ahora le dio la raz\u00f3n.<\/p>\n<\/div>\n<div id=\"element-body-3\">\n<p>En noviembre pasado, Cristina Kirchner hab\u00eda pedido a la Justicia <strong>una medida cautela<\/strong>r para volver a cobrar las dos pensiones de privilegio porque\u00a0\u201c<strong>son el \u00fanico ingreso que me permite subsistir\u201d, <\/strong>desde ese mes\u00a0no consegu\u00eda un juez de la Seguridad Social\u00a0tome su reclamo contra la decisi\u00f3n del Gobierno que las anul\u00f3 por estar condenada en la causa Vialidad a 6 a\u00f1os de prisi\u00f3n e inhabilitaci\u00f3n perpetua para ejercer cargos p\u00fablicos. Para Milei no le corresponde la pensi\u00f3n porque son de car\u00e1cter honor\u00edfico y una condena por corrupci\u00f3n demuestra que no la merece.<\/p>\n<\/div>\n<div id=\"element-body-4\">\n<p>Sin embargo, ante los empleados de la Justicia que le hicieron un informe socioambiental el juez de la semana pasada en su departamento de Constituci\u00f3n, Cristina dijo que viv\u00eda de<strong> \u201csus ahorros\u201d<\/strong>.<\/p>\n<\/div>\n<div id=\"element-body-5\">\n<p>Al momento de la anulaci\u00f3n en noviembre, cobraba unos 22 millones de pesos por su asignaci\u00f3n honor\u00edfica por ser ex presidenta, m\u00e1s la de N\u00e9stor Kirchner, a pesar de que la ley 24.018 especifica que\u00a0deb\u00eda cobrar un solo beneficio.<\/p>\n<\/div>\n<div id=\"element-body-7\">\n<p>Espec\u00edficamente, percibi\u00f3 un neto mensual incluyendo el beneficio zona austral de $ 12.169.597 por su jubilaci\u00f3n y 9.658.606\u00a0por la pensi\u00f3n de N\u00e9stor, informaron fuentes judiciales a<strong>\u00a0Clar\u00edn.<\/strong><\/p>\n<\/div>\n<div id=\"element-body-8\">\n<p>Hace unas semanas, el juez de la Seguridad Social Ezequiel P\u00e9rez Nami\u00a0se excus\u00f3 de tomar la causa abierta por la ex vicepresidenta por ser candidato a juez.<\/p>\n<\/div>\n<div id=\"element-body-10\">\n<p>\u201cP\u00e9rez Nami no se hab\u00eda excusado en la demanda anterior de Cristina (expediente 38.870\/2017) cuando Cristina era gobierno (vicepresidente), y dict\u00f3 la sentencia de fecha 29\/12\/2020, disponiendo la procedencia de la acumulaci\u00f3n de sus dos asignaciones privilegiadas, <strong>pese a estar prohibida expresamente por el art 5 de la ley 24018<\/strong>\u201d, sostuvo el ex juez Herrero.<\/p>\n<\/div>\n<div id=\"element-body-11\">\n<p>En 2020, P\u00e9rez Nami fue el juez que acept\u00f3 el reclamo de Cristina de cobrar su pensi\u00f3n por honor\u00edfica como ex presidenta y tambi\u00e9n la de su marido. El ex presidente Mauricio Macri hab\u00eda dispuesto, a trav\u00e9s de la ANSES, que ten\u00eda derecho a solo una pensi\u00f3n.<\/p>\n<\/div>\n<div id=\"element-body-12\">\n<p>Esta actitud, agreg\u00f3 Herrero, \u201cdemuestra<strong> la total falta de imparcialidad<\/strong> de este juez, y la ilicitud de la sentencia del 29\/12\/2020 (que le reconoce las diferencias adeudadas, intereses, suplemento austral y sin impuesto a las ganancias, desde 2016 hasta 2021), cuya firmeza depende de la decisi\u00f3n que adopte la Corte Suprema\u201d.<\/p>\n<\/div>\n<div id=\"element-body-13\">\n<p>Herrero se refiri\u00f3 al recurso de queja que interpuso la ex diputada Graciela Oca\u00f1a en febrero de 2022, la que todav\u00eda se halla sin resolver por la Corte, por el pronunciamiento del 2020 de P\u00e9rez Nami.<\/p>\n<\/div>\n<div id=\"element-body-15\">\n<p>Para el ex camarista \u201csi la queja de Oca\u00f1a prosperara, su pedido de nulidad del desistimiento de la ex titular de la ANSES y militante K Fernanda Raverta, conllevar\u00eda tramitar el recurso de apelaci\u00f3n sobre el fondo del asunto\u201d.<\/p>\n<\/div>\n<div id=\"element-body-16\">\n<p>Es decir las nuevas autoridades de la ANSES \u201c-no Fernanda Raverta- presentar\u00edan los fundamentos del recurso de nulidad contra la sentencia il\u00edcita de P\u00e9rez Nami\u201d. Esa etapa \u201c<strong>jam\u00e1s se cumpli\u00f3 en la causa por el tema de la falta de legitimaci\u00f3n de los legisladores,<\/strong> que le vino como anillo al dedo a los jueces y al fiscal Pauluchi para colaborar con la citada estrategia de la defensa de Cristina que consiste que no se trate la apelaci\u00f3n de ANSES y que la causa nunca llegue a la Corte\u201d.<\/p>\n<\/div>\n<p><br \/>\n<br \/><a href=\"https:\/\/www.clarin.com\/politica\/cristina-kirchner-juez-decida-devuelve-jubilacion-privilegio-22-millones_0_nzE5foWosu.html\">Fuente Clarin.com <\/a><\/p>\n","protected":false},"excerpt":{"rendered":"<p>La C\u00e1mara de la Seguridad Social rechaz\u00f3 este mi\u00e9rcoles la excusaci\u00f3n del juez Ezequiel P\u00e9rez Nami y dispuso que su colega Karina Alonso Kandis le devuelva la causa N\u00b010.171\/2025 en la que la Cristina Kirchner reclama que le devuelvan las dos pensiones honor\u00edficas por unos $ 22 millones de pesos que le anul\u00f3 el presidente [&hellip;]<\/p>\n","protected":false},"author":1,"featured_media":35056,"comment_status":"open","ping_status":"open","sticky":false,"template":"","format":"standard","meta":{"footnotes":""},"categories":[2],"tags":[497,9526,11374,1515,1252,1381,1065,16,3385,1486],"class_list":["post-35055","post","type-post","status-publish","format-standard","has-post-thumbnail","hentry","category-ultimas-noticias","tag-cristina","tag-decida","tag-devuelve","tag-jubilacion","tag-juez","tag-kirchner","tag-millones","tag-para","tag-privilegio","tag-tiene"],"_links":{"self":[{"href":"https:\/\/13.com.ar\/index.php\/wp-json\/wp\/v2\/posts\/35055","targetHints":{"allow":["GET"]}}],"collection":[{"href":"https:\/\/13.com.ar\/index.php\/wp-json\/wp\/v2\/posts"}],"about":[{"href":"https:\/\/13.com.ar\/index.php\/wp-json\/wp\/v2\/types\/post"}],"author":[{"embeddable":true,"href":"https:\/\/13.com.ar\/index.php\/wp-json\/wp\/v2\/users\/1"}],"replies":[{"embeddable":true,"href":"https:\/\/13.com.ar\/index.php\/wp-json\/wp\/v2\/comments?post=35055"}],"version-history":[{"count":0,"href":"https:\/\/13.com.ar\/index.php\/wp-json\/wp\/v2\/posts\/35055\/revisions"}],"wp:featuredmedia":[{"embeddable":true,"href":"https:\/\/13.com.ar\/index.php\/wp-json\/wp\/v2\/media\/35056"}],"wp:attachment":[{"href":"https:\/\/13.com.ar\/index.php\/wp-json\/wp\/v2\/media?parent=35055"}],"wp:term":[{"taxonomy":"category","embeddable":true,"href":"https:\/\/13.com.ar\/index.php\/wp-json\/wp\/v2\/categories?post=35055"},{"taxonomy":"post_tag","embeddable":true,"href":"https:\/\/13.com.ar\/index.php\/wp-json\/wp\/v2\/tags?post=35055"}],"curies":[{"name":"wp","href":"https:\/\/api.w.org\/{rel}","templated":true}]}}