{"id":35053,"date":"2025-06-18T16:27:34","date_gmt":"2025-06-18T19:27:34","guid":{"rendered":"https:\/\/13.com.ar\/index.php\/no-podran-jugar-hasta-las-semifinales-del-mundial-de-clubes\/"},"modified":"2025-06-18T16:27:34","modified_gmt":"2025-06-18T19:27:34","slug":"no-podran-jugar-hasta-las-semifinales-del-mundial-de-clubes","status":"publish","type":"post","link":"https:\/\/13.com.ar\/index.php\/no-podran-jugar-hasta-las-semifinales-del-mundial-de-clubes\/","title":{"rendered":"no podr\u00e1n jugar hasta las semifinales del Mundial de Clubes"},"content":{"rendered":"<p> <br \/>\n<br \/><img decoding=\"async\" src=\"https:\/\/13.com.ar\/wp-content\/uploads\/2025\/06\/no-podran-jugar-hasta-las-semifinales-del-Mundial-de-Clubes.jpg\" \/><\/p>\n<div id=\"element-body-0\">\n<p>La <strong>FIFA comunic\u00f3 la sanci\u00f3n para los jugadores de Boca que fueron expulsados en el empate por 2-2 ante Benfica<\/strong>, en el debut del equipo de Miguel \u00c1ngel Russo en el Mundial de Clubes de Estados Unidos. E<strong>l zaguero y el vasco recibieron cuatro fechas de suspensi\u00f3n<\/strong> y no podr\u00e1n volver a jugar hasta las semifinales.<\/p>\n<\/div>\n<div id=\"element-body-1\">\n<p>La expulsi\u00f3n que m\u00e1s duele es la de Nicol\u00e1s Figal. <strong>El zaguero central volv\u00eda al equipo despu\u00e9s de seis meses tras recuperarse de una lesi\u00f3n en el tobillo<\/strong> que lo oblig\u00f3 a someterse a una intervenci\u00f3n quir\u00fargica.<\/p>\n<\/div>\n<div id=\"element-body-2\">\n<p>El partido se terminaba en el Hard Rock Stadium cuando <strong>Figal le aplic\u00f3 un golpe en el est\u00f3mago a un jugador del equipo portugu\u00e9s <\/strong>y enseguida el \u00e1rbitro mexicano le mostr\u00f3 la roja. Es la ausencia que m\u00e1s le duele a Boca porque en la zaga tiene grandes problemas. Ante <strong>Bayern M\u00fanich<\/strong> ingresar\u00eda en su lugar <strong>Lautaro Di Lollo<\/strong>, el \u00fanico central diestro que tiene Russo a disposici\u00f3n en el plantel.<\/p>\n<\/div>\n<div id=\"element-body-3\">\n<p>En tanto, Ander Herrera, que hab\u00eda iniciado el duelo ante Benfica como titular, pidi\u00f3 el cambio cerca de los 20 minutos del primer tiempo por culpa de una nueva lesi\u00f3n muscular. <strong>El mediocampista vasco se fue expulsado cuando ya ocupaba un lugar entre los suplentes. <\/strong>Es que le protest\u00f3 vehementemente la decisi\u00f3n de cobrar penal para los portugueses al \u00e1rbitro del partido C\u00e9sar Arturo Ramos, que se hab\u00eda acercado al monitor del VAR a revisar la jugada. <\/p>\n<\/div>\n<div id=\"element-body-5\">\n<p>Herrera tambi\u00e9n se perder\u00e1 cuatro partidos, pero por su lesi\u00f3n no se esperaba que pudiera volver a jugar en el torneo. En su lugar ingres\u00f3 Tom\u00e1s Belmonte y lo hizo en buen nivel por lo que todo indica que ser\u00e1 titular el viernes ante Bayern M\u00fanich.<\/p>\n<\/div>\n<p><br \/>\n<br \/><a href=\"https:\/\/www.clarin.com\/deportes\/boca-dura-sancion-figal-ander-herrera-podran-jugar-semifinales-mundial-clubes_0_cWpL2iC2e6.html\">Fuente Clarin.com <\/a><\/p>\n","protected":false},"excerpt":{"rendered":"<p>La FIFA comunic\u00f3 la sanci\u00f3n para los jugadores de Boca que fueron expulsados en el empate por 2-2 ante Benfica, en el debut del equipo de Miguel \u00c1ngel Russo en el Mundial de Clubes de Estados Unidos. El zaguero y el vasco recibieron cuatro fechas de suspensi\u00f3n y no podr\u00e1n volver a jugar hasta las [&hellip;]<\/p>\n","protected":false},"author":1,"featured_media":35054,"comment_status":"open","ping_status":"open","sticky":false,"template":"","format":"standard","meta":{"footnotes":""},"categories":[2],"tags":[1613,100,476,1706,48,1612,4966,7016],"class_list":["post-35053","post","type-post","status-publish","format-standard","has-post-thumbnail","hentry","category-ultimas-noticias","tag-clubes","tag-del","tag-hasta","tag-jugar","tag-las","tag-mundial","tag-podran","tag-semifinales"],"_links":{"self":[{"href":"https:\/\/13.com.ar\/index.php\/wp-json\/wp\/v2\/posts\/35053","targetHints":{"allow":["GET"]}}],"collection":[{"href":"https:\/\/13.com.ar\/index.php\/wp-json\/wp\/v2\/posts"}],"about":[{"href":"https:\/\/13.com.ar\/index.php\/wp-json\/wp\/v2\/types\/post"}],"author":[{"embeddable":true,"href":"https:\/\/13.com.ar\/index.php\/wp-json\/wp\/v2\/users\/1"}],"replies":[{"embeddable":true,"href":"https:\/\/13.com.ar\/index.php\/wp-json\/wp\/v2\/comments?post=35053"}],"version-history":[{"count":0,"href":"https:\/\/13.com.ar\/index.php\/wp-json\/wp\/v2\/posts\/35053\/revisions"}],"wp:featuredmedia":[{"embeddable":true,"href":"https:\/\/13.com.ar\/index.php\/wp-json\/wp\/v2\/media\/35054"}],"wp:attachment":[{"href":"https:\/\/13.com.ar\/index.php\/wp-json\/wp\/v2\/media?parent=35053"}],"wp:term":[{"taxonomy":"category","embeddable":true,"href":"https:\/\/13.com.ar\/index.php\/wp-json\/wp\/v2\/categories?post=35053"},{"taxonomy":"post_tag","embeddable":true,"href":"https:\/\/13.com.ar\/index.php\/wp-json\/wp\/v2\/tags?post=35053"}],"curies":[{"name":"wp","href":"https:\/\/api.w.org\/{rel}","templated":true}]}}