{"id":35049,"date":"2025-06-18T16:21:41","date_gmt":"2025-06-18T19:21:41","guid":{"rendered":"https:\/\/13.com.ar\/index.php\/de-maratones-y-dentistas\/"},"modified":"2025-06-18T16:21:41","modified_gmt":"2025-06-18T19:21:41","slug":"de-maratones-y-dentistas","status":"publish","type":"post","link":"https:\/\/13.com.ar\/index.php\/de-maratones-y-dentistas\/","title":{"rendered":"De maratones y dentistas"},"content":{"rendered":"<p> <br \/>\n<br \/><img decoding=\"async\" src=\"https:\/\/13.com.ar\/wp-content\/uploads\/2025\/06\/De-maratones-y-dentistas.jpg\" \/><\/p>\n<div id=\"element-body-0\">\n<p>Si por estos d\u00edas hay turno para ir al dentista, es mejor no recordar \u201cMarathon Man\u201d, la pel\u00edcula de hace casi medio siglo de John Schlesinger, que se conoci\u00f3 entre nosotros como \u201cMarat\u00f3n de la muerte\u201d. La trama resulta un tanto compleja \u2013se cruzan nazis, macartistas, aerobistas, estudiantes, es un cruce entre denuncias pol\u00edticas y thriller- pero la escena m\u00e1s perturbadora es la visita del protagonista (\u201cBabe\u201d Levy, protagonizado por Dustin Hoffman) al dentista. <\/p>\n<\/div>\n<div id=\"element-body-1\">\n<p>Este, en realidad, es un nazi fugitivo que convierte ese turno en una sesi\u00f3n de tortura. Pasa del repaso por las caries a un toque de anestesia y luego a perforar directamente a su v\u00edctima, mientras le susurra\u00a0\u201c\u00bfes seguro\u201d y los acompa\u00f1a una m\u00fasica perturbadora.<\/p>\n<\/div>\n<div id=\"element-body-2\">\n<p>Sir Lawrence Oliver, el formidable actor brit\u00e1nico, fue nominado al Oscar por su papel del siniestro Christian Szell. Y dos a\u00f1os m\u00e1s tarde volvi\u00f3 a protagonizar una pel\u00edcula con nazis, pero aqu\u00ed como perseguidor: Ezra Lieberman, el cazador de ex SS en \u201cLos ni\u00f1os de Brasil\u201d.<\/p>\n<\/div>\n<div id=\"element-body-3\">\n<p>Si toca ir al dentista, entonces, mejor no ver por estos d\u00edas aquella obra de Schlesinger. Cuentan que muchos espectadores no resistieron la escena y se marcharon, Es preferible encontrar alguna pel\u00edcula m\u00e1s amable con el dentista, como \u201cEl martes antes de Navidad\u201d, producci\u00f3n rumana.<\/p>\n<\/div>\n<div id=\"element-body-5\">\n<p>Schlesinger le pidi\u00f3 a Michael Small, autor de la banda sonora de la pel\u00edcula que \u201creflejara el dolor. Y la resistencia al dolor\u201d.<\/p>\n<\/div>\n<div id=\"element-body-6\">\n<p>La m\u00fasica de \u201cMarathon Man\u201d es sublime. Aparece un fragmento de \u201cHerodiade\u201d, la \u00f3pera de Massenet. Y en el pasaje m\u00e1s perturbador de la pel\u00edcula se escucha una de las cumbres del romanticismo, uno de los lieder que Schubert compuso sobre poemas de M\u00fcller para su ciclo \u201cLa bella molinera\u201d en 1823. <\/p>\n<\/div>\n<div id=\"element-body-7\">\n<p>El nombre del tema es \u201cDer Neugierige\u201d (El Curioso). Ese ciclo fue cantado por los m\u00e1s notables tenores del \u00faltimo siglo, desde Dietrich Fischer-Dieskau hasta Jonas Kaufmann. Y el que se escucha en la pel\u00edcula es otro tenor excepcional: Fritz Wunderlich.<\/p>\n<\/div>\n<div id=\"element-body-9\">\n<p>Los atletas africanos \u2013et\u00edopes, keniatas y ahora ugandeses- dominan el ambiente de las carreras de largas distancias. Este movimiento tuvo un punto de partida, ya hace mucho tiempo:\u00a0Juegos Ol\u00edmpicos de Roma, en 1960. <\/p>\n<\/div>\n<div id=\"element-body-10\">\n<p>Un et\u00edope llamado Abebe Bikila, casi desconocido hasta aquel momento, corri\u00f3 descalzo por la Ciudad Eterna y sorprendi\u00f3 al mundo al ganar la medalla de oro, en la misma carrera donde nuestro Osvaldo Su\u00e1rez termin\u00f3 noveno y estableci\u00f3 el r\u00e9cord sudamericano. Cuatro a\u00f1os m\u00e1s tarde y ya con zapatillas, reponi\u00e9ndose de una operaci\u00f3n de apendicitis de apenas seis semanas antes, Bikila repiti\u00f3 su victoria. <\/p>\n<\/div>\n<div id=\"element-body-11\">\n<p>Fue el primero en concretar tal haza\u00f1a que s\u00f3lo pudieron emular otros dos atletas, el alem\u00e1n Waldemar Cierpinski y el a\u00fan vigente keniata Eliud Kipchoge. Bikila \u2013muerto joven, por las consecuencias de un grave accidente de tr\u00e1nsito- inaugur\u00f3 la era del imperio africano en las carreras de marat\u00f3n.<\/p>\n<\/div>\n<div id=\"element-body-12\">\n<p>Y es justamente la imagen de Bikila la que se va superponiendo a la de Dustin Hoffman durante pasajes de la pel\u00edcula, como si el esfuerzo de \u201cBab\u201d estuviera inspirado en la determinaci\u00f3n, el mutismo y resilencia que aquel adquiri\u00f3 en las altiplanicies et\u00edopes.<\/p>\n<\/div>\n<div id=\"element-body-13\">\n<p>&#8220;Soy corredor de maratones, estoy acostumbrado al dolor. S\u00e9 que est\u00e1 ah\u00ed, pero no le hago caso&#8221;, afirma\u00a0el personaje de Hoffmann. Y el poster de Bikila est\u00e1 en su habitaci\u00f3n.<\/p>\n<\/div>\n<div id=\"element-body-15\">\n<p>\u201cMarat\u00f3n de la muerte\u201d tiene otras escenas perturbadoras, como propone la trama. Pero gran parte est\u00e1 dominada por el ambiente de Nueva York y su Central Park, en los escenarios naturales m\u00e1s filmados del mundo. All\u00ed el personaje de Hoffman, Thomas \u201cBabe\u201d Levy, un estudiante de historia que prepara su doctorado en la Universidad de Columbia, entrena como un pose\u00eddo (y en una \u00e9poca donde todav\u00eda la popularidad del marat\u00f3n no se hab\u00eda disparado). <\/p>\n<\/div>\n<div id=\"element-body-16\">\n<p>Como su hermano \u201cDoc\u201d, un agente federal encubierto, act\u00faa otro grande, Roy Scheider. Ambos hacen de hijos de otro profesor, perseguido en la \u00e9poca del macartismo. Se cruzan con m\u00e1s esp\u00edas, sicarios, traficantes de joyas, y por supuesto, para este tipo de pel\u00edculas, no faltar\u00e1n las persecuciones callejeras. Tampoco, aquella arma que, pasadas tantas penurias, Babe arrojar\u00e1 a las aguas del lago. Acaso conforme por su venganza, o eterna y psicol\u00f3gicamente perseguido.<\/p>\n<\/div>\n<p><br \/>\n<br \/><a href=\"https:\/\/www.clarin.com\/opinion\/maratones-dentistas_0_9HqkCKDDeE.html\">Fuente Clarin.com <\/a><\/p>\n","protected":false},"excerpt":{"rendered":"<p>Si por estos d\u00edas hay turno para ir al dentista, es mejor no recordar \u201cMarathon Man\u201d, la pel\u00edcula de hace casi medio siglo de John Schlesinger, que se conoci\u00f3 entre nosotros como \u201cMarat\u00f3n de la muerte\u201d. La trama resulta un tanto compleja \u2013se cruzan nazis, macartistas, aerobistas, estudiantes, es un cruce entre denuncias pol\u00edticas y [&hellip;]<\/p>\n","protected":false},"author":1,"featured_media":35050,"comment_status":"open","ping_status":"open","sticky":false,"template":"","format":"standard","meta":{"footnotes":""},"categories":[2],"tags":[21605,13490],"class_list":["post-35049","post","type-post","status-publish","format-standard","has-post-thumbnail","hentry","category-ultimas-noticias","tag-dentistas","tag-maratones"],"_links":{"self":[{"href":"https:\/\/13.com.ar\/index.php\/wp-json\/wp\/v2\/posts\/35049","targetHints":{"allow":["GET"]}}],"collection":[{"href":"https:\/\/13.com.ar\/index.php\/wp-json\/wp\/v2\/posts"}],"about":[{"href":"https:\/\/13.com.ar\/index.php\/wp-json\/wp\/v2\/types\/post"}],"author":[{"embeddable":true,"href":"https:\/\/13.com.ar\/index.php\/wp-json\/wp\/v2\/users\/1"}],"replies":[{"embeddable":true,"href":"https:\/\/13.com.ar\/index.php\/wp-json\/wp\/v2\/comments?post=35049"}],"version-history":[{"count":0,"href":"https:\/\/13.com.ar\/index.php\/wp-json\/wp\/v2\/posts\/35049\/revisions"}],"wp:featuredmedia":[{"embeddable":true,"href":"https:\/\/13.com.ar\/index.php\/wp-json\/wp\/v2\/media\/35050"}],"wp:attachment":[{"href":"https:\/\/13.com.ar\/index.php\/wp-json\/wp\/v2\/media?parent=35049"}],"wp:term":[{"taxonomy":"category","embeddable":true,"href":"https:\/\/13.com.ar\/index.php\/wp-json\/wp\/v2\/categories?post=35049"},{"taxonomy":"post_tag","embeddable":true,"href":"https:\/\/13.com.ar\/index.php\/wp-json\/wp\/v2\/tags?post=35049"}],"curies":[{"name":"wp","href":"https:\/\/api.w.org\/{rel}","templated":true}]}}