{"id":35045,"date":"2025-06-18T16:15:30","date_gmt":"2025-06-18T19:15:30","guid":{"rendered":"https:\/\/13.com.ar\/index.php\/el-oscuro-pasado-del-arbitro-que-dirigira-river-vs-monterrey-por-el-mundial-de-clubes\/"},"modified":"2025-06-18T16:15:30","modified_gmt":"2025-06-18T19:15:30","slug":"el-oscuro-pasado-del-arbitro-que-dirigira-river-vs-monterrey-por-el-mundial-de-clubes","status":"publish","type":"post","link":"https:\/\/13.com.ar\/index.php\/el-oscuro-pasado-del-arbitro-que-dirigira-river-vs-monterrey-por-el-mundial-de-clubes\/","title":{"rendered":"el oscuro pasado del \u00e1rbitro que dirigir\u00e1 River vs Monterrey por el Mundial de Clubes"},"content":{"rendered":"<p> <br \/>\n<br \/><img decoding=\"async\" src=\"https:\/\/13.com.ar\/wp-content\/uploads\/2025\/06\/el-oscuro-pasado-del-arbitro-que-dirigira-River-vs-Monterrey.jpg\" \/><\/p>\n<div id=\"element-body-0\">\n<p>Ya est\u00e1 designado el \u00e1rbitro que dirigir\u00e1 el duelo clave que tendr\u00e1 <strong>River ante Rayados de Monterrey<\/strong> el s\u00e1bado a las 22 de Argentina (18 de Los \u00c1ngeles) en el estadio Rose Bowl, por la segunda fecha del <strong>Mundial de Clubes<\/strong>. Ser\u00e1 <strong>el esloveno Slavko Vin\u010di\u0107<\/strong>, quien estar\u00e1 acompa\u00f1ado por los dos asistentes compatriotas: Tomaz Klancnik y Andraz Kovacic. Mientras tanto, el uruguayo Gustavo Tejera ser\u00e1 el cuarto \u00e1rbitro.<\/p>\n<\/div>\n<div id=\"element-body-1\">\n<p>Pero detr\u00e1s de la informaci\u00f3n oficial y los datos de los colegiados, hay una <strong>pol\u00e9mica historia<\/strong> que se esconde detr\u00e1s del designado para impartir justicia: estuvo detenido tras encontrarse en el lugar incorrecto en el momento incorrecto.<\/p>\n<\/div>\n<div id=\"element-body-3\">\n<p>Todo ocurri\u00f3 en plena cuarentena por la pandemia de coronavirus en la localidad de Bijeljina, en Bosnia. Fue all\u00ed donde la Polic\u00eda encontr\u00f3 durante una redada en un local a<strong> nueve mujeres, varias armas entre las que figuraban 10 pistolas y muchos chalecos antibalas, 14 paquetes de coca\u00edna y 10.000 euros en efectivo<\/strong>. <\/p>\n<\/div>\n<div id=\"element-body-4\">\n<p>Los implicados fueron los 26 hombres que en ese momento se encontraban all\u00ed, entre los que estaba el \u00e1rbitro en cuesti\u00f3n.<\/p>\n<\/div>\n<div id=\"element-body-5\">\n<p>El hombre <strong>se declar\u00f3 inocente<\/strong> y fue defendido desde el principio por la Federaci\u00f3n Eslovena. El propio Vin\u010di\u0107 explic\u00f3 lo sucedido en un medio de comunicaci\u00f3n de su pa\u00eds, alegando que \u00e9l no ten\u00eda nada que ver con lo sucedido y que s\u00f3lo se encontraba en aquel lugar por casualidad.<\/p>\n<\/div>\n<div id=\"element-body-7\">\n<p>&#8220;Tengo mi propia empresa, estaba en Bosnia-Herzegovina para una reuni\u00f3n de negocios&#8221;, afirm\u00f3. Y agreg\u00f3: \u201c<strong>Fue un error, puesto que acept\u00e9 una invitaci\u00f3n a comer en el lugar equivocado sin saberlo<\/strong>. Lo lamento. Estaba sentado en una mesa con mi compa\u00f1\u00eda, de repente vino la Polic\u00eda y pas\u00f3 lo que pas\u00f3&#8221;, apunt\u00f3 Vin\u010di\u0107.<\/p>\n<\/div>\n<div id=\"element-body-8\">\n<p>Y remarc\u00f3 tras <strong>ser absuelto de cualquier delito<\/strong>: &#8220;No tengo nada que ver con el grupo que fue arrestado y detenido, ni con mis socios comerciales. Nos llev\u00f3 la Polic\u00eda, declaramos como testigos y, cuando result\u00f3 que ni siquiera los conoc\u00edamos, nos dejaron marchar&#8221;.<\/p>\n<\/div>\n<div id=\"element-body-9\">\n<p>El Comit\u00e9 de \u00c1rbitros de Eslovenia respald\u00f3 a su colegiado durante todo el proceso y nunca puso en duda su inocencia. De hecho, sali\u00f3 en su defensa antes de que se llegase a confirmar de manera oficial su inocencia: &#8220;Estaba en el lugar equivocado en el momento equivocado&#8221;. Finalmente, el \u00e1rbitro declar\u00f3 como un simple testigo de la redada y fue <strong>puesto en libertad sin cargos.<\/strong><\/p>\n<\/div>\n<div id=\"element-body-10\">\n<p>Slavko Vin\u010di\u0107, de 45 a\u00f1os, es <strong>considerado el mejor \u00e1rbitro del f\u00fatbol esloveno<\/strong>. Adquiri\u00f3 la categor\u00eda FIFA en 2010 y sum\u00f3 experiencia en diferentes partes del mundo, especialmente en Europa.<\/p>\n<\/div>\n<div id=\"element-body-11\">\n<p>Nacido el 25 de noviembre de 1979, tuvo su debut en un Mundial de mayores en Qatar 2022, despu\u00e9s de haber dirigido el de Sub-20 de 2019 y el Sub-17 de 2017. Tambi\u00e9n tuvo en 2022 en el repechaje entre Per\u00fa y Australia, que gan\u00f3 la selecci\u00f3n de Ocean\u00eda por penales.<\/p>\n<\/div>\n<div id=\"element-body-13\">\n<p>Hay un recuerdo vinculado al f\u00fatbol argentino. Es que su debut en un Mundial fue dirigiendo a la Scaloneta. S\u00ed<strong>, fue el \u00e1rbitro en la derrota 2-1 ante Arabia Saudita en el primer partido del Mundial de Qatar<\/strong>, en el que le cobr\u00f3 un penal a la Selecci\u00f3n, por un agarr\u00f3n a Leandro Paredes que Lionel Messi convirti\u00f3 en gol y despu\u00e9s hubo tres tantos anulados, dos a Lautaro Mart\u00ednez y otro a Messi, por posiciones adelantadas.<\/p>\n<\/div>\n<div id=\"element-body-14\">\n<p>El pol\u00e9mico \u00e1rbitro esloveno tendr\u00e1 una nueva historia con un equipo argentino. Ser\u00e1 con River, ante Rayados de Monterrey, el pr\u00f3ximo s\u00e1bado en Los \u00c1ngeles.<\/p>\n<\/div>\n<p><br \/>\n<br \/><a href=\"https:\/\/www.clarin.com\/deportes\/prostitucion-cocaina-armas-oscuro-pasado-arbitro-dirigira-river-vs-monterrey-mundial-clubes_0_fsrbxlLZue.html\">Fuente Clarin.com <\/a><\/p>\n","protected":false},"excerpt":{"rendered":"<p>Ya est\u00e1 designado el \u00e1rbitro que dirigir\u00e1 el duelo clave que tendr\u00e1 River ante Rayados de Monterrey el s\u00e1bado a las 22 de Argentina (18 de Los \u00c1ngeles) en el estadio Rose Bowl, por la segunda fecha del Mundial de Clubes. Ser\u00e1 el esloveno Slavko Vin\u010di\u0107, quien estar\u00e1 acompa\u00f1ado por los dos asistentes compatriotas: Tomaz [&hellip;]<\/p>\n","protected":false},"author":1,"featured_media":35046,"comment_status":"open","ping_status":"open","sticky":false,"template":"","format":"standard","meta":{"footnotes":""},"categories":[2],"tags":[2311,1613,100,3690,1610,1612,3387,3466,142,595],"class_list":["post-35045","post","type-post","status-publish","format-standard","has-post-thumbnail","hentry","category-ultimas-noticias","tag-arbitro","tag-clubes","tag-del","tag-dirigira","tag-monterrey","tag-mundial","tag-oscuro","tag-pasado","tag-por","tag-river"],"_links":{"self":[{"href":"https:\/\/13.com.ar\/index.php\/wp-json\/wp\/v2\/posts\/35045","targetHints":{"allow":["GET"]}}],"collection":[{"href":"https:\/\/13.com.ar\/index.php\/wp-json\/wp\/v2\/posts"}],"about":[{"href":"https:\/\/13.com.ar\/index.php\/wp-json\/wp\/v2\/types\/post"}],"author":[{"embeddable":true,"href":"https:\/\/13.com.ar\/index.php\/wp-json\/wp\/v2\/users\/1"}],"replies":[{"embeddable":true,"href":"https:\/\/13.com.ar\/index.php\/wp-json\/wp\/v2\/comments?post=35045"}],"version-history":[{"count":0,"href":"https:\/\/13.com.ar\/index.php\/wp-json\/wp\/v2\/posts\/35045\/revisions"}],"wp:featuredmedia":[{"embeddable":true,"href":"https:\/\/13.com.ar\/index.php\/wp-json\/wp\/v2\/media\/35046"}],"wp:attachment":[{"href":"https:\/\/13.com.ar\/index.php\/wp-json\/wp\/v2\/media?parent=35045"}],"wp:term":[{"taxonomy":"category","embeddable":true,"href":"https:\/\/13.com.ar\/index.php\/wp-json\/wp\/v2\/categories?post=35045"},{"taxonomy":"post_tag","embeddable":true,"href":"https:\/\/13.com.ar\/index.php\/wp-json\/wp\/v2\/tags?post=35045"}],"curies":[{"name":"wp","href":"https:\/\/api.w.org\/{rel}","templated":true}]}}