{"id":35041,"date":"2025-06-18T16:03:59","date_gmt":"2025-06-18T19:03:59","guid":{"rendered":"https:\/\/13.com.ar\/index.php\/cual-es-el-origen-del-conflicto-en-medio-oriente\/"},"modified":"2025-06-18T16:03:59","modified_gmt":"2025-06-18T19:03:59","slug":"cual-es-el-origen-del-conflicto-en-medio-oriente","status":"publish","type":"post","link":"https:\/\/13.com.ar\/index.php\/cual-es-el-origen-del-conflicto-en-medio-oriente\/","title":{"rendered":"cu\u00e1l es el origen del conflicto en Medio Oriente"},"content":{"rendered":"<p> <br \/>\n<br \/><img decoding=\"async\" src=\"https:\/\/13.com.ar\/wp-content\/uploads\/2025\/06\/cual-es-el-origen-del-conflicto-en-Medio-Oriente.jpg\" \/><\/p>\n<div id=\"element-body-0\">\n<p>El <strong>conflicto entre Israel e Ir\u00e1n<\/strong> alcanz\u00f3 en los \u00faltimos d\u00edas uno de sus puntos m\u00e1s cr\u00edticos en d\u00e9cadas. Israel lanz\u00f3 una ofensiva a\u00e9rea de gran escala, con el objetivo declarado de da\u00f1ar el programa nuclear iran\u00ed. Se trata de la <strong>mayor ola de bombardeos en a\u00f1os<\/strong>, que a su vez provoc\u00f3 una respuesta inmediata por parte de Ir\u00e1n, con misiles y drones contra territorio israel\u00ed.<\/p>\n<\/div>\n<div id=\"element-body-1\">\n<p>Desde entonces,<strong> ambos pa\u00edses mantienen un intercambio sostenido de ataques<\/strong> que dejaron muertos, heridos, da\u00f1os graves en edificios residenciales y en la infraestructura civil de Teher\u00e1n y hasta causaron la destrucci\u00f3n de instalaciones clave del programa nuclear iran\u00ed, seg\u00fan inform\u00f3 el Organismo Internacional de Energ\u00eda At\u00f3mica (OIEA).<\/p>\n<\/div>\n<div id=\"element-body-2\">\n<p>En este contexto, para comprender la escalada de este conflicto, es necesario revisar el <strong>trasfondo hist\u00f3rico<\/strong> que une, y separa, a ambos pa\u00edses.<\/p>\n<\/div>\n<div id=\"element-body-4\">\n<p>En 1947, la Organizaci\u00f3n de las Naciones Unidas (ONU) aprob\u00f3 un<strong> plan de partici\u00f3n del territorio palestino<\/strong> para crear dos Estados, uno jud\u00edo y otro \u00e1rabe. La propuesta fue impulsada por potencias occidentales como Reino Unido y Estados Unidos, en sinton\u00eda con la ideolog\u00eda sionista.<\/p>\n<\/div>\n<div id=\"element-body-5\">\n<p><strong>Ir\u00e1n, al igual que otros pa\u00edses de la regi\u00f3n, rechaz\u00f3 el plan<\/strong>. Desde un inicio defendi\u00f3 la creaci\u00f3n de un \u00fanico Estado federal donde se respetaran los derechos de todos los habitantes, sin distinciones religiosas. <\/p>\n<\/div>\n<div id=\"element-body-6\">\n<p>Sin embargo, durante la gesti\u00f3n del monarca shah Mohammad Reza Pahlavi, Ir\u00e1n mantuvo relaciones diplom\u00e1ticas y comerciales con Israel. De hecho, fue uno de sus principales proveedores de petr\u00f3leo.<\/p>\n<\/div>\n<div id=\"element-body-8\">\n<p>Todo cambi\u00f3 en 1979, cuando la <strong>Revoluci\u00f3n Isl\u00e1mica<\/strong> encabezada por el l\u00edder religioso chiita Ruhollah Jomeini derroc\u00f3 al shah, estableci\u00f3 una rep\u00fablica teocr\u00e1tica y el<strong> nuevo gobierno rompi\u00f3 relaciones con Israel.<\/strong><\/p>\n<\/div>\n<div id=\"element-body-9\">\n<p>Desde entonces, Ir\u00e1n adopt\u00f3 una postura abiertamente hostil hacia Israel, al que considera un r\u00e9gimen ileg\u00edtimo que oprime al pueblo palestino.<\/p>\n<\/div>\n<div id=\"element-body-10\">\n<p>Durante los a\u00f1os siguientes, la tensi\u00f3n fue en aumento. Con la llegada del presidente ultraconservador Mahmud Ahmadineyad en 2005, se retom\u00f3 la ret\u00f3rica de eliminar a Israel del mapa. Paralelamente, el desarrollo del programa nuclear iran\u00ed fue interpretado por Israel como una amenaza directa. <\/p>\n<\/div>\n<div id=\"element-body-12\">\n<p>A su vez, el Departamento de Estado de Estados Unidos confirma en su sitio oficial que <strong>Ir\u00e1n apoya a grupos armados como Hezbol\u00e1 <\/strong>en L\u00edbano, Ham\u00e1s en Gaza y los hut\u00edes en Yemen, todos enemigos declarados de Israel.<\/p>\n<\/div>\n<div id=\"element-body-13\">\n<p>La escalada m\u00e1s reciente en medio oriente se desat\u00f3 en octubre de 2023, cuando el grupo terrorista Ham\u00e1s ingres\u00f3 a territorio israel\u00ed para asesinar, violar y secuestrar miles de civiles. Desde entonces, la tensi\u00f3n no dej\u00f3 de aumentar. Los ataques cruzados entre Israel e Ir\u00e1n no solo reavivan una enemistad hist\u00f3rica, sino que amenazan con desestabilizar a toda la regi\u00f3n.<\/p>\n<\/div>\n<p><br \/>\n<br \/><a href=\"https:\/\/www.clarin.com\/informacion-general\/guerra-iran-israel-origen-conflicto-medio-oriente_0_wzPysZqpvw.html\">Fuente Clarin.com <\/a><\/p>\n","protected":false},"excerpt":{"rendered":"<p>El conflicto entre Israel e Ir\u00e1n alcanz\u00f3 en los \u00faltimos d\u00edas uno de sus puntos m\u00e1s cr\u00edticos en d\u00e9cadas. Israel lanz\u00f3 una ofensiva a\u00e9rea de gran escala, con el objetivo declarado de da\u00f1ar el programa nuclear iran\u00ed. Se trata de la mayor ola de bombardeos en a\u00f1os, que a su vez provoc\u00f3 una respuesta inmediata [&hellip;]<\/p>\n","protected":false},"author":1,"featured_media":35042,"comment_status":"open","ping_status":"open","sticky":false,"template":"","format":"standard","meta":{"footnotes":""},"categories":[2],"tags":[2687,373,100,1224,13288,5895],"class_list":["post-35041","post","type-post","status-publish","format-standard","has-post-thumbnail","hentry","category-ultimas-noticias","tag-conflicto","tag-cual","tag-del","tag-medio","tag-oriente","tag-origen"],"_links":{"self":[{"href":"https:\/\/13.com.ar\/index.php\/wp-json\/wp\/v2\/posts\/35041","targetHints":{"allow":["GET"]}}],"collection":[{"href":"https:\/\/13.com.ar\/index.php\/wp-json\/wp\/v2\/posts"}],"about":[{"href":"https:\/\/13.com.ar\/index.php\/wp-json\/wp\/v2\/types\/post"}],"author":[{"embeddable":true,"href":"https:\/\/13.com.ar\/index.php\/wp-json\/wp\/v2\/users\/1"}],"replies":[{"embeddable":true,"href":"https:\/\/13.com.ar\/index.php\/wp-json\/wp\/v2\/comments?post=35041"}],"version-history":[{"count":0,"href":"https:\/\/13.com.ar\/index.php\/wp-json\/wp\/v2\/posts\/35041\/revisions"}],"wp:featuredmedia":[{"embeddable":true,"href":"https:\/\/13.com.ar\/index.php\/wp-json\/wp\/v2\/media\/35042"}],"wp:attachment":[{"href":"https:\/\/13.com.ar\/index.php\/wp-json\/wp\/v2\/media?parent=35041"}],"wp:term":[{"taxonomy":"category","embeddable":true,"href":"https:\/\/13.com.ar\/index.php\/wp-json\/wp\/v2\/categories?post=35041"},{"taxonomy":"post_tag","embeddable":true,"href":"https:\/\/13.com.ar\/index.php\/wp-json\/wp\/v2\/tags?post=35041"}],"curies":[{"name":"wp","href":"https:\/\/api.w.org\/{rel}","templated":true}]}}