{"id":35039,"date":"2025-06-18T16:00:41","date_gmt":"2025-06-18T19:00:41","guid":{"rendered":"https:\/\/13.com.ar\/index.php\/cuando-sera-el-dia-mas-corto-del-ano-en-la-argentina\/"},"modified":"2025-06-18T16:00:41","modified_gmt":"2025-06-18T19:00:41","slug":"cuando-sera-el-dia-mas-corto-del-ano-en-la-argentina","status":"publish","type":"post","link":"https:\/\/13.com.ar\/index.php\/cuando-sera-el-dia-mas-corto-del-ano-en-la-argentina\/","title":{"rendered":"cu\u00e1ndo ser\u00e1 el d\u00eda m\u00e1s corto del a\u00f1o en la Argentina"},"content":{"rendered":"<p> <br \/>\n<\/p>\n<div id=\"cuerpo\">\n<div class=\"sc-45461e9c-0 eqiBeF container-text text-embed \" id=\"element-body-0\">\n<p>El <strong>solsticio de invierno<\/strong> es un <strong>fen\u00f3meno astron\u00f3mico<\/strong> que se produce cada a\u00f1o en el mes junio en Argentina y en todo el hemisferio sur del planeta Tierra.<\/p>\n<\/div>\n<div class=\"sc-45461e9c-0 eqiBeF container-text text-embed \" id=\"element-body-1\">\n<p><strong><em>Solsticio<\/em><\/strong> proviene del lat\u00edn sol (<em>&#8220;Sol&#8221;<\/em>) y sistere (&#8220;permanecer quieto&#8221;). En este sentido, este <strong>&#8220;Sol quieto&#8221;<\/strong> parece, durante un tiempo, como si se quedara estacionado en el firmamento.<\/p>\n<\/div>\n<div class=\"sc-45461e9c-0 eqiBeF container-text text-embed \" id=\"element-body-2\">\n<p>Como evento astron\u00f3mico destacado, el <strong>solsticio de junio<\/strong> define el inicio formal de la <strong>estaci\u00f3n m\u00e1s fr\u00eda del a\u00f1o <\/strong>y es, adem\u00e1s, el d\u00eda m\u00e1s corto del calendario anual y la noche m\u00e1s larga. <\/p>\n<\/div>\n<p><h2>Qu\u00e9 es el solsticio de invierno<\/h2>\n<\/p>\n<div class=\"sc-45461e9c-0 eqiBeF container-text text-embed \" id=\"element-body-4\">\n<p>Durante los <strong>solsticios<\/strong>, el Sol se encuentra en su punto m\u00e1s bajo o m\u00e1s alto del cielo -seg\u00fan el hemisferio- y luego volver\u00e1 a bajar o a subir en la posici\u00f3n respectivamente.<\/p>\n<\/div>\n<div class=\"sc-45461e9c-0 eqiBeF container-text text-embed \" id=\"element-body-5\">\n<p>El d\u00eda del <strong>solsticio<\/strong>, entonces, se convertir\u00e1 en la jornada con <strong>m\u00e1s o menos horas de luz del a\u00f1o<\/strong>.<\/p>\n<\/div>\n<div class=\"sc-45461e9c-0 eqiBeF container-text text-embed \" id=\"element-body-6\">\n<p>En este sentido, el <strong>solsticio de invierno<\/strong> corresponde al momento en el que la ubicaci\u00f3n del Sol en el cielo se encuentra a la <strong>mayor distancia angular negativa del ecuador <\/strong>celeste.<\/p>\n<\/div>\n<div class=\"sc-45461e9c-0 eqiBeF container-text text-embed \" id=\"element-body-7\">\n<p>El fen\u00f3meno marca, de este modo, el comienzo del<strong> invierno<\/strong> en el <strong>hemisferio sur<\/strong>. Al mismo tiempo que comienza, en el <strong>hemisferio norte<\/strong>, el <strong>verano<\/strong>.<\/p>\n<\/div>\n<div class=\"sc-45461e9c-0 eqiBeF container-text text-embed \" id=\"element-body-8\">\n<p>El motivo por el que ocurre el solsticio se debe a la <strong>inclinaci\u00f3n del eje de la Tierra<\/strong> respecto a su \u00f3rbita, lo que hace que diferentes cantidades de luz solar alcancen distintas regiones del planeta durante la \u00f3rbita del globo en torno al Sol.<\/p>\n<\/div>\n<div class=\"sc-98b114a2-0 bkqiHH image-embed  image-embed \" id=\"element-body-9\"><picture class=\"sc-98b114a2-1 jRUlDm\"><source media=\"(min-width: 975px)\" width=\"720\" height=\"480\" \/><img alt=\"El solsticio de invierno se produce por la inclinaci\u00f3n del eje de la Tierra. Foto: Observatorio astron\u00f3mico nacional\" loading=\"lazy\" width=\"720\" height=\"480\" decoding=\"async\" data-nimg=\"1\" style=\"color:transparent\" src=\"https:\/\/13.com.ar\/wp-content\/uploads\/2025\/06\/cuando-sera-el-dia-mas-corto-del-ano-en-la.jpg\"\/><span class=\"epigraphe\">El solsticio de invierno se produce por la inclinaci\u00f3n del eje de la Tierra. Foto: Observatorio astron\u00f3mico nacional<\/span><span class=\"picture-open\"><button class=\"open-image\" aria-label=\"Open Image\"\/><\/span><\/picture><\/div>\n<div class=\"sc-45461e9c-0 eqiBeF container-text text-embed \" id=\"element-body-10\">\n<p>Esto significa que durante el <strong>solsticio de junio<\/strong>, el hemisferio norte vive el d\u00eda m\u00e1s largo y la noche m\u00e1s corta del a\u00f1o. En el <strong>hemisferio sur<\/strong>, en cambio, ocurre lo opuesto: junio trae el <strong>solsticio de invierno<\/strong>, el <strong>d\u00eda m\u00e1s corto y la noche m\u00e1s larga<\/strong> del a\u00f1o.<\/p>\n<\/div>\n<p><h2>Cu\u00e1ndo es el solsticio de invierno 2025<\/h2>\n<\/p>\n<div class=\"sc-45461e9c-0 eqiBeF container-text text-embed \" id=\"element-body-12\">\n<p>Los <strong>solsticios<\/strong>, como dijimos, marcan el comienzo de las<strong> estaciones astron\u00f3micas invierno y verano<\/strong>. Es importante destacar, en este sentido, que las fechas no coinciden a\u00f1o tras a\u00f1o. <\/p>\n<\/div>\n<div class=\"sc-45461e9c-0 eqiBeF container-text text-embed \" id=\"element-body-13\">\n<p>Esto se debe a que el <strong>a\u00f1o tr\u00f3pico <\/strong>-intervalo de tiempo entre dos pasos sucesivos del Sol por el equinoccio vernal, igual a 365.2422 d\u00edas solares medios-, no es divisible con el <strong>a\u00f1o del calendario gregoriano<\/strong>, de 365.2425 d\u00edas solares medios, explican desde el Servicio de Hidrograf\u00eda Naval. <\/p>\n<\/div>\n<div class=\"sc-45461e9c-0 eqiBeF container-text text-embed \" id=\"element-body-14\">\n<p>Y aclaran que &#8220;s\u00f3lo despu\u00e9s de un<strong> ciclo de 400 a\u00f1os<\/strong> las estaciones vuelven a comenzar en los mismos d\u00edas, aproximadamente&#8221;.<\/p>\n<\/div>\n<div class=\"sc-45461e9c-0 eqiBeF container-text text-embed \" id=\"element-body-15\">\n<p>Cada a\u00f1o, la<strong> fecha del solsticio de invierno<\/strong> puede variar levemente, pero siempre es entre el 20 y el 22 de junio. <\/p>\n<\/div>\n<div class=\"sc-45461e9c-0 eqiBeF container-text text-embed \" id=\"element-body-16\">\n<p>De acuerdo a lo que informa el organismo citado, este 2025 el solsticio que da al comienzo al invierno ser\u00e1 el <strong>21 de junio a las 02:42 (UTC)<\/strong>; esto es: <\/p>\n<\/div>\n<div class=\"sc-45461e9c-0 eqiBeF container-text text-embed \" id=\"element-body-17\">\n<ul>\n<li>En Argentina, Paraguay y Uruguay, el<strong> <\/strong>20 de junio a las 23:42 <\/li>\n<li>En Chile, el 20 de junio a las 22:42<\/li>\n<li>En Per\u00fa, el 20 de junio a las 21:42<\/li>\n<\/ul>\n<\/div>\n<div class=\"sc-45461e9c-0 eqiBeF container-text text-embed \" id=\"element-body-18\">\n<p>A partir de ese momento -del 22 de junio m\u00e1s precisamente- cada jornada sumar\u00e1 <strong>un minuto m\u00e1s de luz<\/strong> hasta llegar al d\u00eda m\u00e1s largo del a\u00f1o, el del solsticio de verano, el pr\u00f3ximo 21 de diciembre; cuando suceder\u00e1 todo lo contrario en el hemisferio norte.<\/p>\n<\/div>\n<div class=\"sc-98b114a2-0 bkqiHH image-embed  image-embed \" id=\"element-body-19\"><picture class=\"sc-98b114a2-1 jRUlDm\"><source media=\"(min-width: 975px)\" width=\"2000\" height=\"1500\" \/><img alt=\"Este 2025, en Argentina, el invierno comenzar\u00e1 el 20 de junio a las 23:42. Foto: Shutterstock\" loading=\"lazy\" width=\"2000\" height=\"1500\" decoding=\"async\" data-nimg=\"1\" style=\"color:transparent\" src=\"https:\/\/13.com.ar\/wp-content\/uploads\/2025\/06\/cuando-sera-el-dia-mas-corto-del-ano-en-la.jpg#1750270935013.jpeg\"\/><span class=\"epigraphe\">Este 2025, en Argentina, el invierno comenzar\u00e1 el 20 de junio a las 23:42. Foto: Shutterstock<\/span><span class=\"picture-open\"><button class=\"open-image\" aria-label=\"Open Image\"\/><\/span><\/picture><\/div>\n<p><h2>Cu\u00e1l es el significado espiritual del solsticio de invierno<\/h2>\n<\/p>\n<div class=\"sc-45461e9c-0 eqiBeF container-text text-embed \" id=\"element-body-21\">\n<p>Para muchas culturas, el <strong>comienzo del invierno<\/strong> representa una \u00e9poca de <strong>renovaci\u00f3n y renacimiento<\/strong>, por lo que se desarrollan diversas celebraciones y rituales alrededor del mundo.<\/p>\n<\/div>\n<div class=\"sc-45461e9c-0 eqiBeF container-text text-embed \" id=\"element-body-22\">\n<p>&#8220;El solsticio marca el inicio del invierno astron\u00f3mico, cuya fecha y hora cambian anualmente, debido a que el periodo orbital de la Tierra es inexacto, pues tarda 365,2425 d\u00edas en dar una vuelta completa alrededor del Sol y se equilibra cada cuatro a\u00f1os con el a\u00f1o bisiesto&#8221;, detallan desde<em> diainternacionalde.com<\/em>.<\/p>\n<\/div>\n<div class=\"sc-45461e9c-0 eqiBeF container-text text-embed \" id=\"element-body-23\">\n<p>De acuerdo a la <strong>mitolog\u00eda griega<\/strong>, el invierno se produce por la <strong>tristeza de Dem\u00e9ter <\/strong>(diosa de la naturaleza)<strong> debido al rapto de su hija Pers\u00e9fone<\/strong>, lo que causa las bajas temperaturas y la ausencia de vida y flora en la tierra durante la \u00e9poca de invierno.<\/p>\n<\/div>\n<div class=\"sc-45461e9c-0 eqiBeF container-text text-embed \" id=\"element-body-24\">\n<p>En Argentina, los<strong> pueblos originarios <\/strong>celebran -con distintos nombres seg\u00fan la regi\u00f3n- el comienzo de este <strong>nuevo ciclo de vida de la madre tierra<\/strong>.<\/p>\n<\/div>\n<div class=\"sc-98b114a2-0 bkqiHH image-embed  image-embed \" id=\"element-body-25\"><picture class=\"sc-98b114a2-1 jRUlDm\"><source media=\"(min-width: 975px)\" width=\"2000\" height=\"1500\" \/><img alt=\"Para muchas culturas, el comienzo del invierno representa una \u00e9poca de renovaci\u00f3n y renacimiento. Foto: Shutterstock\" loading=\"lazy\" width=\"2000\" height=\"1500\" decoding=\"async\" data-nimg=\"1\" style=\"color:transparent\" src=\"https:\/\/13.com.ar\/wp-content\/uploads\/2025\/06\/cuando-sera-el-dia-mas-corto-del-ano-en-la.jpg#1750269375491.jpeg\"\/><span class=\"epigraphe\">Para muchas culturas, el comienzo del invierno representa una \u00e9poca de renovaci\u00f3n y renacimiento. Foto: Shutterstock<\/span><span class=\"picture-open\"><button class=\"open-image\" aria-label=\"Open Image\"\/><\/span><\/picture><\/div>\n<div class=\"sc-45461e9c-0 eqiBeF container-text text-embed \" id=\"element-body-26\">\n<p>En el norte de ese pa\u00eds y en el Cusco, por ejemplo, se celebra <strong>\u201cel Inti Raymi\u201d<\/strong> o la fiesta del Sol, es festejo de car\u00e1cter sagrado, ceremonial y c\u00edclico, donde reconocen el momento de renacer del tiempo y de retorno a uno mismo.<\/p>\n<\/div>\n<div class=\"sc-45461e9c-0 eqiBeF container-text text-embed \" id=\"element-body-27\">\n<p>Los <strong>mapuches <\/strong>celebran<strong> We Tripantu<\/strong>, el a\u00f1o nuevo o la noche m\u00e1s larga del a\u00f1o y lo honran por ser el momento en que el Sol recupera su fuerza y empuja a la tierra a renacer.<\/p>\n<\/div>\n<\/div>\n<p><br \/>\n<br \/><a href=\"https:\/\/www.clarin.com\/internacional\/solsticio-invierno-2025-dia-corto-ano-argentina_0_wRw9yCwao2.html\">Fuente Clarin.com <\/a><\/p>\n","protected":false},"excerpt":{"rendered":"<p>El solsticio de invierno es un fen\u00f3meno astron\u00f3mico que se produce cada a\u00f1o en el mes junio en Argentina y en todo el hemisferio sur del planeta Tierra. Solsticio proviene del lat\u00edn sol (&#8220;Sol&#8221;) y sistere (&#8220;permanecer quieto&#8221;). En este sentido, este &#8220;Sol quieto&#8221; parece, durante un tiempo, como si se quedara estacionado en el [&hellip;]<\/p>\n","protected":false},"author":1,"featured_media":35040,"comment_status":"open","ping_status":"open","sticky":false,"template":"","format":"standard","meta":{"footnotes":""},"categories":[2],"tags":[530,288,2777,677,100,1154,155,153],"class_list":["post-35039","post","type-post","status-publish","format-standard","has-post-thumbnail","hentry","category-ultimas-noticias","tag-ano","tag-argentina","tag-corto","tag-cuando","tag-del","tag-dia","tag-mas","tag-sera"],"_links":{"self":[{"href":"https:\/\/13.com.ar\/index.php\/wp-json\/wp\/v2\/posts\/35039","targetHints":{"allow":["GET"]}}],"collection":[{"href":"https:\/\/13.com.ar\/index.php\/wp-json\/wp\/v2\/posts"}],"about":[{"href":"https:\/\/13.com.ar\/index.php\/wp-json\/wp\/v2\/types\/post"}],"author":[{"embeddable":true,"href":"https:\/\/13.com.ar\/index.php\/wp-json\/wp\/v2\/users\/1"}],"replies":[{"embeddable":true,"href":"https:\/\/13.com.ar\/index.php\/wp-json\/wp\/v2\/comments?post=35039"}],"version-history":[{"count":0,"href":"https:\/\/13.com.ar\/index.php\/wp-json\/wp\/v2\/posts\/35039\/revisions"}],"wp:featuredmedia":[{"embeddable":true,"href":"https:\/\/13.com.ar\/index.php\/wp-json\/wp\/v2\/media\/35040"}],"wp:attachment":[{"href":"https:\/\/13.com.ar\/index.php\/wp-json\/wp\/v2\/media?parent=35039"}],"wp:term":[{"taxonomy":"category","embeddable":true,"href":"https:\/\/13.com.ar\/index.php\/wp-json\/wp\/v2\/categories?post=35039"},{"taxonomy":"post_tag","embeddable":true,"href":"https:\/\/13.com.ar\/index.php\/wp-json\/wp\/v2\/tags?post=35039"}],"curies":[{"name":"wp","href":"https:\/\/api.w.org\/{rel}","templated":true}]}}