{"id":35037,"date":"2025-06-18T15:57:38","date_gmt":"2025-06-18T18:57:38","guid":{"rendered":"https:\/\/13.com.ar\/index.php\/uno-por-uno-los-dirigentes-kirchneristas-que-fueron-a-plaza-de-mayo-para-repudiar-la-detencion-de-la-expresidenta-por-corrupcion\/"},"modified":"2025-06-18T15:57:38","modified_gmt":"2025-06-18T18:57:38","slug":"uno-por-uno-los-dirigentes-kirchneristas-que-fueron-a-plaza-de-mayo-para-repudiar-la-detencion-de-la-expresidenta-por-corrupcion","status":"publish","type":"post","link":"https:\/\/13.com.ar\/index.php\/uno-por-uno-los-dirigentes-kirchneristas-que-fueron-a-plaza-de-mayo-para-repudiar-la-detencion-de-la-expresidenta-por-corrupcion\/","title":{"rendered":"uno por uno, los dirigentes kirchneristas que fueron a Plaza de Mayo para repudiar la detenci\u00f3n de la expresidenta por corrupci\u00f3n"},"content":{"rendered":"<p> <br \/>\n<br \/><img decoding=\"async\" src=\"https:\/\/13.com.ar\/wp-content\/uploads\/2025\/06\/uno-por-uno-los-dirigentes-kirchneristas-que-fueron-a-Plaza.jpg\" \/><\/p>\n<div id=\"element-body-0\">\n<p>Los rostros m\u00e1s conocidos del kirchnerismo volvieron a encabezar una masiva marcha en la Plaza de Mayo despu\u00e9s de mucho tiempo, esta vez en repudio a la condena y prisi\u00f3n domiciliaria de Cristina Fern\u00e1ndez de Kirchner en el marco de la causa Vialidad. All\u00ed, en un escenario, se api\u00f1aron y dejaron de lado las diferencias -aunque sea por un rato- Axel Kicillof, M\u00e1ximo Kirchner, Sergio Massa, Juan Grabois junto a gobernadores, intendentes, diputados, senadores algunos sindicalistas y hasta el premio Nobel de la Paz, Adolfo P\u00e9rez Esquivel. <\/p>\n<\/div>\n<div id=\"element-body-1\">\n<p>Fue tambi\u00e9n el regreso a la calle de Sergio Massa, exministro de Econom\u00eda de Alberto Fern\u00e1ndez y excandidato presidencial kirchnerista, que fue derrotado por Javier Milei en el balotaje de 2023. Se lo vio sonriente, posando para fotos con militantes.<\/p>\n<\/div>\n<div id=\"element-body-4\">\n<p>El exgobernador de Chaco y exjefe de Gabinete de Cristina durante su \u00faltimo mandato en la presidencia, Jorge Capitanich, lleg\u00f3 desde Resistencia. El tambi\u00e9n exintendente fue puesto como ejemplo por Cristina d\u00edas atr\u00e1s al lanzar su frustrada candidatura a diputada por la tercera secci\u00f3n electoral en Provincia de Buenos Aires. <\/p>\n<\/div>\n<div id=\"element-body-6\">\n<p>El diputado nacional y jefe del sindicato de La Bancaria, Sergio Palazzo, fue uno de los representantes del sindicalismo que dijo presente. Tambi\u00e9n se vio Victor Santa Mar\u00eda, Secretario General del Sindicato \u00danico de Trabajadores de Edificios de Renta y Horizontal, y a Roberto Baradel del SUTEBA.<\/p>\n<\/div>\n<div id=\"element-body-10\">\n<p>El gobernador de La Rioja, Ricardo Quintela, abrazado con el senador tucumano Juan Manzur y la senadora riojana Mar\u00eda Florencia L\u00f3pez.<\/p>\n<\/div>\n<div id=\"element-body-11\">\n<p>Tambi\u00e9n apareci\u00f3 junto a los dem\u00e1s dirigentes Sergio Berni, exministro de Seguridad de la Provincia, que durante el gobierno de Cristina ofici\u00f3 de Secretario de esa cartera. <\/p>\n<\/div>\n<div id=\"element-body-14\">\n<p>A Juan Grabois, de la Uni\u00f3n de Trabajadores y Trabajadoras de la Econom\u00eda Popular y del Frente Patria Grande, se lo vio conversando con dos kirchneristas de paladar negro: An\u00edbal Fern\u00e1ndez, exfuncionario todoterreno del matrimonio K, y Carlos &#8220;Chino&#8221; Zannini, exprocurador del Tesoro y exsecretario Legal y T\u00e9cnico. <\/p>\n<\/div>\n<div id=\"element-body-17\">\n<p>Desde el Congreso llegaron el jefe del bloque de Diputados, Germ\u00e1n Mart\u00ednez, Leopoldo y Cecilia Moreau, padre e hija, uno de Uni\u00f3n por la Patria y otra del Frente Renovador; la santafesina Florencia Carignano, viral d\u00edas atr\u00e1s por su discurso a los gritos contra los &#8220;gatos&#8221; de la C\u00e1mara de Diputados, Carolina Gaillard y Eduardo Vald\u00e9s, entre otros. Tambi\u00e9n se vio al expresidente de la C\u00e1mara de Diputados, Juli\u00e1n Dom\u00ednguez. <\/p>\n<\/div>\n<div id=\"element-body-21\">\n<p>Victoria Tolosa Paz, hoy m\u00e1s cercana al sector de Axel Kicillof dentro del mapamundi peronista, dijo desde Plaza de Mayo: &#8220;Si vienen por ella, vienen por todos los que nos animamos a representar los intereses del pueblo\u201d, lanz\u00f3 abrazada a Carlos Bianco, mano derecha del gobernador bonaerense.<\/p>\n<\/div>\n<div id=\"element-body-24\">\n<p>Al ministro de Salud de la Provincia se lo divis\u00f3 como parte del operativo de emergencias m\u00e9dicas de la marcha con una pechera blanca y la cruz roja en el pecho.<\/p>\n<\/div>\n<div id=\"element-body-25\">\n<p>La C\u00e1mpora, a cargo de gran parte de la organizaci\u00f3n de la marcha, mostr\u00f3 a todas sus figuras: estuvo M\u00e1ximo Kirchner, Mayra Mendoza, Lucia C\u00e1mpora, Anabel Fern\u00e1ndez Sagasti, y Facundo Tignanelli, entre otros.<\/p>\n<\/div>\n<div id=\"element-body-26\">\n<p>La agrupaci\u00f3n de M\u00e1ximo Kirchner sostuvo que hubo m\u00e1s de 500 mil personas en la calle apoyando a la expresidenta, pero al concluir la movilizaci\u00f3n hablaron de un mill\u00f3n de personas. No hubo cifras oficiales de fuerzas de seguridad para contrastar las cifras del kirchnerismo.<\/p>\n<\/div>\n<div id=\"element-body-31\">\n<p>Agust\u00edn Rossi, exministro de Defensa, y Oscar Parrilli, actual senador y ex jefe de la Agencia Federal de Inteligencia, fueron otros rostros famosos del kirchnerismo que se mostraron en la movilizaci\u00f3n. <\/p>\n<\/div>\n<p><br \/>\n<br \/><a href=\"https:\/\/www.clarin.com\/politica\/cristina-presa-dirigentes-kirchneristas-plaza-mayo-repudiar-detencion-expresidenta-corrupcion_0_1bFzbCnKsV.html\">Fuente Clarin.com <\/a><\/p>\n","protected":false},"excerpt":{"rendered":"<p>Los rostros m\u00e1s conocidos del kirchnerismo volvieron a encabezar una masiva marcha en la Plaza de Mayo despu\u00e9s de mucho tiempo, esta vez en repudio a la condena y prisi\u00f3n domiciliaria de Cristina Fern\u00e1ndez de Kirchner en el marco de la causa Vialidad. All\u00ed, en un escenario, se api\u00f1aron y dejaron de lado las diferencias [&hellip;]<\/p>\n","protected":false},"author":1,"featured_media":35038,"comment_status":"open","ping_status":"open","sticky":false,"template":"","format":"standard","meta":{"footnotes":""},"categories":[2],"tags":[4433,1137,2370,9077,55,4601,28,9811,16,1627,142,20933,1013],"class_list":["post-35037","post","type-post","status-publish","format-standard","has-post-thumbnail","hentry","category-ultimas-noticias","tag-corrupcion","tag-detencion","tag-dirigentes","tag-expresidenta","tag-fueron","tag-kirchneristas","tag-los","tag-mayo","tag-para","tag-plaza","tag-por","tag-repudiar","tag-uno"],"_links":{"self":[{"href":"https:\/\/13.com.ar\/index.php\/wp-json\/wp\/v2\/posts\/35037","targetHints":{"allow":["GET"]}}],"collection":[{"href":"https:\/\/13.com.ar\/index.php\/wp-json\/wp\/v2\/posts"}],"about":[{"href":"https:\/\/13.com.ar\/index.php\/wp-json\/wp\/v2\/types\/post"}],"author":[{"embeddable":true,"href":"https:\/\/13.com.ar\/index.php\/wp-json\/wp\/v2\/users\/1"}],"replies":[{"embeddable":true,"href":"https:\/\/13.com.ar\/index.php\/wp-json\/wp\/v2\/comments?post=35037"}],"version-history":[{"count":0,"href":"https:\/\/13.com.ar\/index.php\/wp-json\/wp\/v2\/posts\/35037\/revisions"}],"wp:featuredmedia":[{"embeddable":true,"href":"https:\/\/13.com.ar\/index.php\/wp-json\/wp\/v2\/media\/35038"}],"wp:attachment":[{"href":"https:\/\/13.com.ar\/index.php\/wp-json\/wp\/v2\/media?parent=35037"}],"wp:term":[{"taxonomy":"category","embeddable":true,"href":"https:\/\/13.com.ar\/index.php\/wp-json\/wp\/v2\/categories?post=35037"},{"taxonomy":"post_tag","embeddable":true,"href":"https:\/\/13.com.ar\/index.php\/wp-json\/wp\/v2\/tags?post=35037"}],"curies":[{"name":"wp","href":"https:\/\/api.w.org\/{rel}","templated":true}]}}