{"id":35035,"date":"2025-06-18T15:54:30","date_gmt":"2025-06-18T18:54:30","guid":{"rendered":"https:\/\/13.com.ar\/index.php\/vamos-a-volver-y-estare-con-ustedes-desde-la-trinchera-que-sea\/"},"modified":"2025-06-18T15:54:30","modified_gmt":"2025-06-18T18:54:30","slug":"vamos-a-volver-y-estare-con-ustedes-desde-la-trinchera-que-sea","status":"publish","type":"post","link":"https:\/\/13.com.ar\/index.php\/vamos-a-volver-y-estare-con-ustedes-desde-la-trinchera-que-sea\/","title":{"rendered":"Vamos a volver y estar\u00e9 con ustedes desde la trinchera que sea"},"content":{"rendered":"<p> <br \/>\n<br \/><img decoding=\"async\" src=\"https:\/\/13.com.ar\/wp-content\/uploads\/2025\/06\/Vamos-a-volver-y-estare-con-ustedes-desde-la-trinchera.jpg\" \/><\/p>\n<div id=\"element-body-0\">\n<p>Desde su casa en Constituci\u00f3n, donde cumple prisi\u00f3n domiciliaria, Cristina Kirchner les mand\u00f3 un mensaje de audio a los militantes peronistas que hicieron una marcha a Plaza de Mayo para apoyarla. Tild\u00f3 de &#8220;cachivache&#8221; el fallo de la domiciliaria que no la deja salir al balc\u00f3n y pronostic\u00f3 que &#8220;el modelo se cae&#8221;. &#8220;Por eso me pusieron presa&#8221;, apunt\u00f3. Y areng\u00f3: &#8220;<strong>Vamos a volver<\/strong> y estar\u00e9 con ustedes <strong>desde la trinchera que sea&#8221;.<\/strong><\/p>\n<\/div>\n<div id=\"element-body-1\">\n<p>Comenz\u00f3 con un mensaje de audio grabado, agradeciendo las muestras de cari\u00f1o. &#8220;Los escuch\u00e9 cantar consignas, la marcha, el Himno. Pero lo que m\u00e1s me gust\u00f3 fue que cantaran &#8216;vamos a volver&#8217;, hac\u00eda mucho que no lo cant\u00e1bamos, demasiado tiempo tal vez&#8221;, expres\u00f3 la exvice en un mensaje dirigido a los militantes que se encontraban frente a la Casa Rosada, donde se manifestaron ocho d\u00edas despu\u00e9s de que la Corte dejara firme la condena a seis a\u00f1os de prisi\u00f3n e inhabilitaci\u00f3n a ejercer cargos p\u00fablicos y un d\u00eda m\u00e1s tarde de la notificaci\u00f3n de la domiciliaria con tobillera electr\u00f3nica.<\/p>\n<\/div>\n<div id=\"element-body-2\">\n<p>A trav\u00e9s de ese mensaje, que se reprodujo mediante un micr\u00f3fono, calific\u00f3 de &#8220;cachivache&#8221; que no la dejen salir al balc\u00f3n en su prisi\u00f3n domiciliaria. Asegur\u00f3 que <strong>&#8220;este modelo tiene fecha de vencimiento&#8221;<\/strong>. Y a\u00f1adi\u00f3: &#8220;El poder econ\u00f3mico lo sabe, sabe que se cae y <strong>por eso estoy presa&#8221;.<\/strong><\/p>\n<\/div>\n<div id=\"element-body-4\">\n<p>&#8220;<strong>No me dejan competir porque saben que pierden.<\/strong> Por eso en esta etapa es necesario organizarse para clarificar cu\u00e1l es el problema del pa\u00eds. Que no es m\u00e1s que el modelo econ\u00f3mico que enriquece a unos pocos, sostenido por un andamiaje judicial que al mismo tiempo que mantiene firme el decreto 70 me mete presa a m\u00ed&#8221;, indic\u00f3 Cristina.<\/p>\n<\/div>\n<div id=\"element-body-5\">\n<p>Dijo que el pueblo argentino, si lo expulsan, &#8220;sabe volver&#8221;. &#8220;Volvi\u00f3 con Per\u00f3n, volvi\u00f3 con N\u00e9stor. No s\u00e9 qu\u00e9 me depara el futuro inmediato&#8221;, acot\u00f3 al respecto. &#8220;Los pueblos finalmente siempre vuelven&#8221;, sigui\u00f3 el discurso grabado. <\/p>\n<\/div>\n<div id=\"element-body-6\">\n<p>&#8220;Vamos a volver y, adem\u00e1s, vamos a volver con m\u00e1s sabidur\u00eda, con m\u00e1s fuerza. Desde donde me toque estar, <strong>desde la trinchera que sea<\/strong>, <strong>voy a seguir haciendo todo lo que sea para seguir estando ah\u00ed junto a ustedes<\/strong>&#8220;, concluy\u00f3 su discurso grabado, antes de establecer una breve comunicaci\u00f3n en vivo desde su casa para reiterar los agradecimientos.<\/p>\n<\/div>\n<div id=\"element-body-7\">\n<p>La expresidenta fue la \u00fanica oradora del acto en Plaza de Mayo, en la convocatoria que en principio iba a ser hacia Comodoro Py pero que el martes cambi\u00f3 su destino luego de que la notificaci\u00f3n de la domiciliaria fuera enviada a la casa de Cristina Kirchner, lo que hizo innecesario la entrega en los tribunales federales.<\/p>\n<\/div>\n<div id=\"element-body-8\">\n<p>La intervenci\u00f3n de la expresidenta dur\u00f3 apenas 10 minutos. Estuvo antecedida por la entonaci\u00f3n de la marcha peronista y del Himno Nacional.<\/p>\n<\/div>\n<div id=\"element-body-9\">\n<p>M\u00e1s temprano, Cristina Kirchner hab\u00eda publicado un mensaje en su cuenta de X para reclamar que la Justicia precise si entre las actividades prohibidas por el fallo de la domiciliaria se encuentra salir al balc\u00f3n de su casa. <\/p>\n<\/div>\n<div id=\"element-body-10\">\n<p>&#8220;\u00bfPuedo salir o no al balc\u00f3n de mi casa? Parece joda, pero no\u2026&#8221;, escribi\u00f3 la expresidenta, que comparti\u00f3 el pedido de aclaratoria que presentaron sus abogados para conocer los alcances de las restricciones impuestas en la resoluci\u00f3n que se conoci\u00f3 el martes.<\/p>\n<\/div>\n<p><br \/>\n<br \/><a href=\"https:\/\/www.clarin.com\/politica\/casa-cristina-kirchner-hablo-militantes-plaza-mayo-vamos-volver-ustedes-trinchera_0_DGlXnQCBNw.html\">Fuente Clarin.com <\/a><\/p>\n","protected":false},"excerpt":{"rendered":"<p>Desde su casa en Constituci\u00f3n, donde cumple prisi\u00f3n domiciliaria, Cristina Kirchner les mand\u00f3 un mensaje de audio a los militantes peronistas que hicieron una marcha a Plaza de Mayo para apoyarla. Tild\u00f3 de &#8220;cachivache&#8221; el fallo de la domiciliaria que no la deja salir al balc\u00f3n y pronostic\u00f3 que &#8220;el modelo se cae&#8221;. &#8220;Por eso [&hellip;]<\/p>\n","protected":false},"author":1,"featured_media":35036,"comment_status":"open","ping_status":"open","sticky":false,"template":"","format":"standard","meta":{"footnotes":""},"categories":[2],"tags":[18,2184,17331,5664,21604,4603,5959,1928],"class_list":["post-35035","post","type-post","status-publish","format-standard","has-post-thumbnail","hentry","category-ultimas-noticias","tag-con","tag-desde","tag-estare","tag-sea","tag-trinchera","tag-ustedes","tag-vamos","tag-volver"],"_links":{"self":[{"href":"https:\/\/13.com.ar\/index.php\/wp-json\/wp\/v2\/posts\/35035","targetHints":{"allow":["GET"]}}],"collection":[{"href":"https:\/\/13.com.ar\/index.php\/wp-json\/wp\/v2\/posts"}],"about":[{"href":"https:\/\/13.com.ar\/index.php\/wp-json\/wp\/v2\/types\/post"}],"author":[{"embeddable":true,"href":"https:\/\/13.com.ar\/index.php\/wp-json\/wp\/v2\/users\/1"}],"replies":[{"embeddable":true,"href":"https:\/\/13.com.ar\/index.php\/wp-json\/wp\/v2\/comments?post=35035"}],"version-history":[{"count":0,"href":"https:\/\/13.com.ar\/index.php\/wp-json\/wp\/v2\/posts\/35035\/revisions"}],"wp:featuredmedia":[{"embeddable":true,"href":"https:\/\/13.com.ar\/index.php\/wp-json\/wp\/v2\/media\/35036"}],"wp:attachment":[{"href":"https:\/\/13.com.ar\/index.php\/wp-json\/wp\/v2\/media?parent=35035"}],"wp:term":[{"taxonomy":"category","embeddable":true,"href":"https:\/\/13.com.ar\/index.php\/wp-json\/wp\/v2\/categories?post=35035"},{"taxonomy":"post_tag","embeddable":true,"href":"https:\/\/13.com.ar\/index.php\/wp-json\/wp\/v2\/tags?post=35035"}],"curies":[{"name":"wp","href":"https:\/\/api.w.org\/{rel}","templated":true}]}}