{"id":35029,"date":"2025-06-18T15:39:35","date_gmt":"2025-06-18T18:39:35","guid":{"rendered":"https:\/\/13.com.ar\/index.php\/quien-seria-hoy-eliminado-segun-las-encuestas\/"},"modified":"2025-06-18T15:39:35","modified_gmt":"2025-06-18T18:39:35","slug":"quien-seria-hoy-eliminado-segun-las-encuestas","status":"publish","type":"post","link":"https:\/\/13.com.ar\/index.php\/quien-seria-hoy-eliminado-segun-las-encuestas\/","title":{"rendered":"qui\u00e9n ser\u00eda hoy eliminado, seg\u00fan las encuestas"},"content":{"rendered":"<p> <br \/>\n<br \/><img decoding=\"async\" src=\"https:\/\/13.com.ar\/wp-content\/uploads\/2025\/06\/quien-seria-hoy-eliminado-segun-las-encuestas.jpg\" \/><\/p>\n<div id=\"element-body-0\">\n<p>Tras la salida de Juan Pablo \u201cDevi\u201d De Vigili, la casa de <strong><em>Gran Hermano <\/em><\/strong>(Telefe) se prepara para conocer al gran ganador del reality que comenz\u00f3 el pasado 2 de diciembre de 2024. A pesar de que a\u00fan quedan cinco participantes en juego, esta noche <strong>uno m\u00e1s abandonar\u00e1 el certamen.<\/strong><\/p>\n<\/div>\n<div id=\"element-body-1\">\n<p>La \u00faltima semana del programa viene siendo completamente distinta a la de los \u00faltimos seis meses. Este lunes feriado, la placa negativa termin\u00f3 con Devi eliminado y, apenas dos d\u00edas despu\u00e9s, <strong>hoy mi\u00e9rcoles, pero con placa positiva, un nuevo jugador correr\u00e1 el mismo destino.<\/strong><\/p>\n<\/div>\n<div id=\"element-body-2\">\n<p>Esta noche, <strong>Luz Tito, Santiago &#8220;Tato&#8221; Algorta, Ulises Ap\u00f3stolo, Eugenia Ruiz y Selva P\u00e9rez<\/strong> se medir\u00e1n ante el voto del p\u00fablico, quien decidir\u00e1 qui\u00e9n es el menos querido de los que siguen en competencia.<\/p>\n<\/div>\n<div id=\"element-body-3\">\n<p>De cara a la segunda gala de eliminaci\u00f3n de la semana, las redes sociales comenzaron a especular <strong>qui\u00e9n abandonar\u00e1 la casa este mi\u00e9rcoles 18 de junio.<\/strong><\/p>\n<\/div>\n<div id=\"element-body-4\">\n<p>El panelista Fefe Bongiorno, como cada semana, public\u00f3 una encuesta de opini\u00f3n p\u00fablica en la que los seguidores de <em>Gran Hermano<\/em> pudieron votar para mostrar qu\u00e9 jugador tiene mejor imagen positiva y cu\u00e1l peor.<\/p>\n<\/div>\n<div id=\"element-body-6\">\n<p>En esa l\u00ednea,<strong> la lista la lidera Luz<\/strong>, quien acumula un 57,5% de los votos positivos &#8211; y 36,3% negativos -, mientras que <strong>en el otro extremo est\u00e1 Selva<\/strong>, quien recibi\u00f3 el 78,6% de los votos en contra y apenas un 14,2% a favor.<\/p>\n<\/div>\n<div id=\"element-body-7\">\n<p>En cuanto a las encuestas que public\u00f3 Fefe en su perfil de Instagram, el destino de Selva es el mismo pero <strong>en primer lugar est\u00e1 Tato.<\/strong><\/p>\n<\/div>\n<div id=\"element-body-8\">\n<p>De esa manera, seg\u00fan ambos relevos y teniendo en cuenta la placa positiva de esta noche, <strong>la nueva eliminada ser\u00eda Selva P\u00e9rez.<\/strong><\/p>\n<\/div>\n<div id=\"element-body-9\">\n<blockquote class=\"twitter-tweet\">\n<p lang=\"es\" dir=\"ltr\">\ud83d\udc41 Quedan 5 participantes en <a rel=\"nofollow\" target=\"_blank\" href=\"https:\/\/twitter.com\/hashtag\/GranHermano?src=hash&amp;ref_src=twsrc%5Etfw\">#GranHermano<\/a> y, como todas las semanas, les traigo encuestas de opini\u00f3n p\u00fablica sobre cada uno de ellos<\/p>\n<p>Votan y ven los resultados de la semana pasada en este hilo \ud83d\udc47 <a rel=\"nofollow\" target=\"_blank\" href=\"https:\/\/t.co\/KE31xwJPT4\">pic.twitter.com\/KE31xwJPT4<\/a><\/p>\n<p>\u2014 fefe (@fedeebongiorno) <a rel=\"nofollow\" target=\"_blank\" href=\"https:\/\/twitter.com\/fedeebongiorno\/status\/1935011849650458808?ref_src=twsrc%5Etfw\">June 17, 2025<\/a><\/p><\/blockquote>\n<\/div>\n<div id=\"element-body-12\">\n<p>Una vez que un participante abandone la casa, este jueves los cuatro semifinalistas deber\u00e1n recrear<strong> la famosa coreograf\u00eda del tema <em>Single Ladies<\/em>, de Beyonc\u00e9<\/strong>, en el marco de los desaf\u00edos art\u00edsticos de cada semana.<\/p>\n<\/div>\n<div id=\"element-body-13\">\n<p>La original cuenta con tres mujeres con poca ropa, pero Santiago del Moro ya les confirm\u00f3 que deber\u00e1n adaptarla para cuatro personas (al menos habr\u00e1 un var\u00f3n) y podr\u00e1n ponerse m\u00e1s prendas de vestir.<\/p>\n<\/div>\n<div id=\"element-body-14\">\n<p>Luego, el domingo,<strong> el conductor del programa ingresar\u00e1 a la casa para tener una cena \u00edntima<\/strong> con los cuatro, abrir\u00e1 la valija sorpresa que espera en el living desde hace meses y les ir\u00e1 contando, de a poco, cosas del &#8220;afuera&#8221;.<\/p>\n<\/div>\n<div id=\"element-body-16\">\n<p>Sin embargo, la final no ser\u00e1 con cuatro jugadores sino que <strong>el lunes 23 se ir\u00e1 el participante que, de los cuatro, menos votos haya recibido<\/strong> hasta el momento. De esa manera, cerca de la medianoche, se conocer\u00e1n los nombres de los tres integrantes del podio.<\/p>\n<\/div>\n<div id=\"element-body-17\">\n<p><strong>La gran final de <em>Gran Herman<\/em>o ser\u00e1 el martes 24 de junio<\/strong> que comenzar\u00e1 con el anuncio del menos votado, que ser\u00e1 el primero de los tres en dejar la casa.<\/p>\n<\/div>\n<div id=\"element-body-18\">\n<p>Finalmente, <strong>se sabr\u00e1 cu\u00e1l de los dos finalistas es el ganador<\/strong> de la edici\u00f3n 2024\/2025 y recibir\u00e1 los 70 millones originales de premio, m\u00e1s los interesas ganados por Mercado Pago, m\u00e1s una vivienda a estrenar.<\/p>\n<\/div>\n<div id=\"element-body-19\">\n<p>Por \u00faltimo,<strong> el jueves 26 habr\u00e1 un programa especial<\/strong> con la tradicional entrevista al ganador, que contar\u00e1 con la presencia de todos los participantes que ingresaron a la casa en esta edici\u00f3n y se realizar\u00e1 una entrega de premios.<\/p>\n<\/div>\n<p><script async src=\"\/\/platform.twitter.com\/widgets.js\" charset=\"utf-8\"><\/script><br \/>\n<br \/><br \/>\n<br \/><a href=\"https:\/\/www.clarin.com\/fama\/gran-hermano-hoy-eliminado-encuestas_0_B6ii1I6LOY.html\">Fuente Clarin.com <\/a><\/p>\n","protected":false},"excerpt":{"rendered":"<p>Tras la salida de Juan Pablo \u201cDevi\u201d De Vigili, la casa de Gran Hermano (Telefe) se prepara para conocer al gran ganador del reality que comenz\u00f3 el pasado 2 de diciembre de 2024. A pesar de que a\u00fan quedan cinco participantes en juego, esta noche uno m\u00e1s abandonar\u00e1 el certamen. La \u00faltima semana del programa [&hellip;]<\/p>\n","protected":false},"author":1,"featured_media":35030,"comment_status":"open","ping_status":"open","sticky":false,"template":"","format":"standard","meta":{"footnotes":""},"categories":[2],"tags":[1427,8083,147,48,3,227,6279],"class_list":["post-35029","post","type-post","status-publish","format-standard","has-post-thumbnail","hentry","category-ultimas-noticias","tag-eliminado","tag-encuestas","tag-hoy","tag-las","tag-quien","tag-segun","tag-seria"],"_links":{"self":[{"href":"https:\/\/13.com.ar\/index.php\/wp-json\/wp\/v2\/posts\/35029","targetHints":{"allow":["GET"]}}],"collection":[{"href":"https:\/\/13.com.ar\/index.php\/wp-json\/wp\/v2\/posts"}],"about":[{"href":"https:\/\/13.com.ar\/index.php\/wp-json\/wp\/v2\/types\/post"}],"author":[{"embeddable":true,"href":"https:\/\/13.com.ar\/index.php\/wp-json\/wp\/v2\/users\/1"}],"replies":[{"embeddable":true,"href":"https:\/\/13.com.ar\/index.php\/wp-json\/wp\/v2\/comments?post=35029"}],"version-history":[{"count":0,"href":"https:\/\/13.com.ar\/index.php\/wp-json\/wp\/v2\/posts\/35029\/revisions"}],"wp:featuredmedia":[{"embeddable":true,"href":"https:\/\/13.com.ar\/index.php\/wp-json\/wp\/v2\/media\/35030"}],"wp:attachment":[{"href":"https:\/\/13.com.ar\/index.php\/wp-json\/wp\/v2\/media?parent=35029"}],"wp:term":[{"taxonomy":"category","embeddable":true,"href":"https:\/\/13.com.ar\/index.php\/wp-json\/wp\/v2\/categories?post=35029"},{"taxonomy":"post_tag","embeddable":true,"href":"https:\/\/13.com.ar\/index.php\/wp-json\/wp\/v2\/tags?post=35029"}],"curies":[{"name":"wp","href":"https:\/\/api.w.org\/{rel}","templated":true}]}}