{"id":35027,"date":"2025-06-18T15:36:37","date_gmt":"2025-06-18T18:36:37","guid":{"rendered":"https:\/\/13.com.ar\/index.php\/un-refugio-con-mas-de-400-mascotas-necesita-ayuda-para-seguir-cuidandolas\/"},"modified":"2025-06-18T15:36:37","modified_gmt":"2025-06-18T18:36:37","slug":"un-refugio-con-mas-de-400-mascotas-necesita-ayuda-para-seguir-cuidandolas","status":"publish","type":"post","link":"https:\/\/13.com.ar\/index.php\/un-refugio-con-mas-de-400-mascotas-necesita-ayuda-para-seguir-cuidandolas\/","title":{"rendered":"Un refugio con m\u00e1s de 400 mascotas necesita ayuda para seguir cuid\u00e1ndolas"},"content":{"rendered":"<p> <br \/>\n<br \/><img decoding=\"async\" src=\"https:\/\/13.com.ar\/wp-content\/uploads\/2025\/06\/Un-refugio-con-mas-de-400-mascotas-necesita-ayuda-para.jpg\" \/><\/p>\n<div id=\"element-body-0\">\n<p>Las \u00faltimas grandes tormentas de mayo provocaron inundaciones en varios puntos de la provincia de Buenos Aires y, aunque algunas zonas lograron recuperarse, <strong>otras todav\u00eda sienten las consecuencias.<\/strong> En el sur del Conurbano bonaerense, uno de los espacios golpeados fue <strong>El Campito Refugio<\/strong>, una organizaci\u00f3n sin fines de lucro que cuida a cientos de perros en situaci\u00f3n de vulnerabilidad, ubicada en Esteban Echeverr\u00eda.<\/p>\n<\/div>\n<div id=\"element-body-1\">\n<p>El agua ingres\u00f3 a distintos sectores del predio, afectando tanto las instalaciones como la rutina diaria de cuidado de los animales. En medio de la emergencia, desde el refugio compartieron un mensaje que refleja la situaci\u00f3n cr\u00edtica que atravesaron: \u201c<strong>Pusimos la mayor cantidad posible de perros bajo techo<\/strong>, pero es imposible entrar a todos, sin correr el riesgo de peleas. Hasta en el ba\u00f1adero hay perros, en la oficina hay perros, en cada lugar est\u00e1n resguardados\u201d. Esta declaraci\u00f3n no solo da cuenta de la magnitud del problema, sino tambi\u00e9n el esfuerzo del equipo por proteger a cada uno de los animales.<\/p>\n<\/div>\n<div id=\"element-body-2\">\n<p>Es por eso que, El Campito lanz\u00f3 un pedido urgente a la comunidad para poder sostener las tareas de recuperaci\u00f3n del predio y garantizar condiciones m\u00ednimas de seguridad e higiene. A su vez, explicaron que hab\u00edan logrado desparasitar a todo el refugio tan solo veinte d\u00edas antes del temporal, pero que las lluvias y la acumulaci\u00f3n de agua dejaron atr\u00e1s todo el trabajo realizado.<\/p>\n<\/div>\n<div id=\"element-body-3\">\n<p>Para canalizar la ayuda y ofrecer una forma concreta de colaborar ya lanzaron el 7 de junio pasado un evento solidario en varios puntos del Conurbano. <\/p>\n<\/div>\n<div id=\"element-body-4\">\n<p>De todos modos, a\u00fan se se puede colaborar con lavandina, art\u00edculos de limpieza, bolsas de arena, tierra o conchilla. Y tambi\u00e9n con la compra de productos. Para m\u00e1s datos se puede escribir a donacionesalcampito@gmail.com.<\/p>\n<\/div>\n<div id=\"element-body-6\">\n<p>El Campito Refugio funciona desde hace a\u00f1os en Ruta 16, parcela 501, en Monte Grande. Actualmente, viven all\u00ed unos 400 perros, muchos de los cuales llegaron en estado cr\u00edtico, luego de haber sido abandonados, maltratados o v\u00edctimas de situaciones de descuido extremo. Su recuperaci\u00f3n no ser\u00eda posible sin el compromiso de un grupo de trabajadoras y trabajadores, veterinarios y personas voluntarias que se turnan para cuidar el predio y brindar atenci\u00f3n los 365 d\u00edas del a\u00f1o.<\/p>\n<\/div>\n<div id=\"element-body-8\">\n<p>Una de las caracter\u00edsticas m\u00e1s destacadas del Campito es su foco en la rehabilitaci\u00f3n: los animales no solo reciben alimento y refugio, sino que tambi\u00e9n atraviesan un proceso de acompa\u00f1amiento para superar el trauma y mejorar su salud f\u00edsica y emocional. Es un trabajo silencioso, constante y profundamente humano, que transforma las historias de quienes llegan all\u00ed, devolvi\u00e9ndoles la posibilidad de una vida digna y, en muchos casos, un hogar definitivo.<\/p>\n<\/div>\n<p><br \/>\n<br \/><a href=\"https:\/\/www.clarin.com\/zonales\/refugio-400-mascotas-necesita-ayuda-seguir-cuidandolas_0_SUCmB4PQDT.html\">Fuente Clarin.com <\/a><\/p>\n","protected":false},"excerpt":{"rendered":"<p>Las \u00faltimas grandes tormentas de mayo provocaron inundaciones en varios puntos de la provincia de Buenos Aires y, aunque algunas zonas lograron recuperarse, otras todav\u00eda sienten las consecuencias. En el sur del Conurbano bonaerense, uno de los espacios golpeados fue El Campito Refugio, una organizaci\u00f3n sin fines de lucro que cuida a cientos de perros [&hellip;]<\/p>\n","protected":false},"author":1,"featured_media":35028,"comment_status":"open","ping_status":"open","sticky":false,"template":"","format":"standard","meta":{"footnotes":""},"categories":[2],"tags":[117,18,21601,155,418,2012,16,7500,1308],"class_list":["post-35027","post","type-post","status-publish","format-standard","has-post-thumbnail","hentry","category-ultimas-noticias","tag-ayuda","tag-con","tag-cuidandolas","tag-mas","tag-mascotas","tag-necesita","tag-para","tag-refugio","tag-seguir"],"_links":{"self":[{"href":"https:\/\/13.com.ar\/index.php\/wp-json\/wp\/v2\/posts\/35027","targetHints":{"allow":["GET"]}}],"collection":[{"href":"https:\/\/13.com.ar\/index.php\/wp-json\/wp\/v2\/posts"}],"about":[{"href":"https:\/\/13.com.ar\/index.php\/wp-json\/wp\/v2\/types\/post"}],"author":[{"embeddable":true,"href":"https:\/\/13.com.ar\/index.php\/wp-json\/wp\/v2\/users\/1"}],"replies":[{"embeddable":true,"href":"https:\/\/13.com.ar\/index.php\/wp-json\/wp\/v2\/comments?post=35027"}],"version-history":[{"count":0,"href":"https:\/\/13.com.ar\/index.php\/wp-json\/wp\/v2\/posts\/35027\/revisions"}],"wp:featuredmedia":[{"embeddable":true,"href":"https:\/\/13.com.ar\/index.php\/wp-json\/wp\/v2\/media\/35028"}],"wp:attachment":[{"href":"https:\/\/13.com.ar\/index.php\/wp-json\/wp\/v2\/media?parent=35027"}],"wp:term":[{"taxonomy":"category","embeddable":true,"href":"https:\/\/13.com.ar\/index.php\/wp-json\/wp\/v2\/categories?post=35027"},{"taxonomy":"post_tag","embeddable":true,"href":"https:\/\/13.com.ar\/index.php\/wp-json\/wp\/v2\/tags?post=35027"}],"curies":[{"name":"wp","href":"https:\/\/api.w.org\/{rel}","templated":true}]}}