{"id":35023,"date":"2025-06-18T15:24:36","date_gmt":"2025-06-18T18:24:36","guid":{"rendered":"https:\/\/13.com.ar\/index.php\/cortes-de-calles-y-mapa-de-caba\/"},"modified":"2025-06-18T15:24:36","modified_gmt":"2025-06-18T18:24:36","slug":"cortes-de-calles-y-mapa-de-caba","status":"publish","type":"post","link":"https:\/\/13.com.ar\/index.php\/cortes-de-calles-y-mapa-de-caba\/","title":{"rendered":"cortes de calles y mapa de CABA"},"content":{"rendered":"<p> <br \/>\n<br \/><img decoding=\"async\" src=\"https:\/\/13.com.ar\/wp-content\/uploads\/2025\/06\/cortes-de-calles-y-mapa-de-CABA.jpg\" \/><\/p>\n<div id=\"element-body-0\">\n<p>Este mi\u00e9rcoles<strong> 18 de junio <\/strong>se realiza una<strong> marcha en apoyo a Cristina Fern\u00e1ndez de Kirchner<\/strong> en distintos puntos de la <strong>Ciudad de Buenos Aires<\/strong>. Se esperan m\u00e1s de 50 cuadras con cortes y una importante concentraci\u00f3n de manifestantes.<\/p>\n<\/div>\n<div id=\"element-body-1\">\n<p>Bajo el lema &#8220;Argentina con Cristina&#8221; y &#8220;Cristina libre&#8221;, cientos de manifestantes, convocados por el Partido Justicialista, avanzan desde las 10 horas desde el departamento de la expresidenta <strong>hasta Plaza de Mayo<\/strong> donde el peronismo convoc\u00f3 a un acto a las 14 horas frente a Casa Rosada.<\/p>\n<\/div>\n<div id=\"element-body-2\">\n<p>La jornada cuenta desde temprano con la presencia de diversas organizaciones sociales como <strong>La C\u00e1mpora<\/strong>, <strong>el Frente Renovador<\/strong> y <strong>Patria Grande<\/strong>, entre otros. Por su parte, los gremios que tambi\u00e9n acompa\u00f1an con banderas y carteles son <strong>ATE<\/strong>, <strong>CTERA<\/strong>, <strong>SUTEBA<\/strong>, <strong>SITRAJU, CTA Aut\u00f3noma. <\/strong>Adem\u00e1s de las agrupaciones organizadas, tambi\u00e9n se sumaron personas autoconvocadas que llegaron por cuenta propia para participar de la movilizaci\u00f3n.<\/p>\n<\/div>\n<div id=\"element-body-4\">\n<p>Aunque la movilizaci\u00f3n es masiva, <strong>no se trata de un paro general<\/strong>. Sindicatos como la <strong>UOM (Uni\u00f3n Obrera Metal\u00fargica), SMATA, UTA, la Asociaci\u00f3n Bancaria y los gremios del transporte<\/strong> manifestaron su apoyo y adhesi\u00f3n a la convocatoria, pero mantendr\u00e1n sus actividades con normalidad. Muchos de ellos, partir\u00e1n desde su sede central.<\/p>\n<\/div>\n<p><h2>Calles cortadas:  por d\u00f3nde se puede circular durante la marcha por Cristina Kirchner del 18 de junio<\/h2>\n<\/p>\n<div id=\"element-body-7\">\n<p>Desde las 10 de la ma\u00f1ana, los manifestantes se reunieron en distintos puntos de la ciudad de Buenos Aires. Aunque la mayor\u00eda parti\u00f3 desde la casa de Cristina Fern\u00e1ndez, ubicada en la intersecci\u00f3n de las calles <strong>San Jos\u00e9 y San Juan<\/strong>, hasta Plaza de Mayo. &#8220;Vamos y volvemos con ella&#8221;, es la consigna de la movilizaci\u00f3n.<\/p>\n<\/div>\n<div id=\"element-body-8\">\n<p>L<strong>a Asociaci\u00f3n de Trabajadores del Estado (ATE) <\/strong>confirm\u00f3 a <strong>Clar\u00edn <\/strong>que su recorrido parti\u00f3 desde <strong>Av. Huelgo y Piedras, transitando por Av. de Mayo hasta llegar a Plaza de Mayo.<\/strong> Desde la misma ubicaci\u00f3n sali\u00f3 Suteba y CTA.<\/p>\n<\/div>\n<div id=\"element-body-9\">\n<p>La mayor concentraci\u00f3n se encuentra en la zona de Constituci\u00f3n hacia Plaza de Mayo por la calle Lima.<\/p>\n<\/div>\n<p><br \/>\n<br \/><a href=\"https:\/\/www.clarin.com\/informacion-general\/marcha-cristina-kirchner-hoy-18-junio-cortes-calles-mapa-caba_0_Gd8ndYXROn.html\">Fuente Clarin.com <\/a><\/p>\n","protected":false},"excerpt":{"rendered":"<p>Este mi\u00e9rcoles 18 de junio se realiza una marcha en apoyo a Cristina Fern\u00e1ndez de Kirchner en distintos puntos de la Ciudad de Buenos Aires. Se esperan m\u00e1s de 50 cuadras con cortes y una importante concentraci\u00f3n de manifestantes. Bajo el lema &#8220;Argentina con Cristina&#8221; y &#8220;Cristina libre&#8221;, cientos de manifestantes, convocados por el Partido [&hellip;]<\/p>\n","protected":false},"author":1,"featured_media":35024,"comment_status":"open","ping_status":"open","sticky":false,"template":"","format":"standard","meta":{"footnotes":""},"categories":[2],"tags":[4054,2864,2269,7044],"class_list":["post-35023","post","type-post","status-publish","format-standard","has-post-thumbnail","hentry","category-ultimas-noticias","tag-caba","tag-calles","tag-cortes","tag-mapa"],"_links":{"self":[{"href":"https:\/\/13.com.ar\/index.php\/wp-json\/wp\/v2\/posts\/35023","targetHints":{"allow":["GET"]}}],"collection":[{"href":"https:\/\/13.com.ar\/index.php\/wp-json\/wp\/v2\/posts"}],"about":[{"href":"https:\/\/13.com.ar\/index.php\/wp-json\/wp\/v2\/types\/post"}],"author":[{"embeddable":true,"href":"https:\/\/13.com.ar\/index.php\/wp-json\/wp\/v2\/users\/1"}],"replies":[{"embeddable":true,"href":"https:\/\/13.com.ar\/index.php\/wp-json\/wp\/v2\/comments?post=35023"}],"version-history":[{"count":0,"href":"https:\/\/13.com.ar\/index.php\/wp-json\/wp\/v2\/posts\/35023\/revisions"}],"wp:featuredmedia":[{"embeddable":true,"href":"https:\/\/13.com.ar\/index.php\/wp-json\/wp\/v2\/media\/35024"}],"wp:attachment":[{"href":"https:\/\/13.com.ar\/index.php\/wp-json\/wp\/v2\/media?parent=35023"}],"wp:term":[{"taxonomy":"category","embeddable":true,"href":"https:\/\/13.com.ar\/index.php\/wp-json\/wp\/v2\/categories?post=35023"},{"taxonomy":"post_tag","embeddable":true,"href":"https:\/\/13.com.ar\/index.php\/wp-json\/wp\/v2\/tags?post=35023"}],"curies":[{"name":"wp","href":"https:\/\/api.w.org\/{rel}","templated":true}]}}