{"id":35020,"date":"2025-06-18T14:57:33","date_gmt":"2025-06-18T17:57:33","guid":{"rendered":"https:\/\/13.com.ar\/index.php\/se-levanto-el-paro-pero-podria-haber-complicaciones-tras-el-fin-de-semana-largo\/"},"modified":"2025-06-18T14:57:33","modified_gmt":"2025-06-18T17:57:33","slug":"se-levanto-el-paro-pero-podria-haber-complicaciones-tras-el-fin-de-semana-largo","status":"publish","type":"post","link":"https:\/\/13.com.ar\/index.php\/se-levanto-el-paro-pero-podria-haber-complicaciones-tras-el-fin-de-semana-largo\/","title":{"rendered":"se levant\u00f3 el paro, pero podr\u00eda haber complicaciones tras el fin de semana largo"},"content":{"rendered":"<p> <br \/>\n<br \/><img decoding=\"async\" src=\"https:\/\/13.com.ar\/wp-content\/uploads\/2025\/05\/la-salida-del-cepo-disparo-la-venta-de-paquetes-y.jpg\" \/><\/p>\n<div id=\"element-body-0\">\n<p><strong>Se levant\u00f3 el paro de gremios aeron\u00e1uticos que amenazaba con complicar los vuelos<\/strong> en la previa del fin de semana largo por el D\u00eda de la Bandera, con este viernes feriado. Pero<strong> se fij\u00f3 una reuni\u00f3n para el pr\u00f3ximo mi\u00e9rcoles y no descartan nuevas medidas de fuerza <\/strong>si no se llega a un acuerdo.<\/p>\n<\/div>\n<div id=\"element-body-1\">\n<p>La <strong>Asociaci\u00f3n de Trabajadores del Estado (ATE)<\/strong> que representa a parte del personal de la <strong>Administraci\u00f3n Nacional de Aviaci\u00f3n Civil (ANAC) ATE-ANAC <\/strong>\u2013encargada de la seguridad aeroportuaria\u2013<strong> hab\u00eda anunciado una medida de fuerza<\/strong> para este jueves, que se desarrollar\u00eda desde las 6 de la ma\u00f1ana hasta las 12 del mediod\u00eda, en principio.<\/p>\n<\/div>\n<div id=\"element-body-2\">\n<p><strong>Se ver\u00edan afectadas tareas de control terrestre<\/strong>, lo que iba a producir demoras en los principales aeropuertos del pa\u00eds. El sector estimaba un impacto en 20 terminales.<\/p>\n<\/div>\n<div id=\"element-body-3\">\n<p>El sindicato que dirige el gremialista <strong>Marcelo Belelli<\/strong> ahora <strong>buscar\u00e1 garantizar que la operatividad no se vea afectada. <\/strong><\/p>\n<\/div>\n<div id=\"element-body-4\">\n<p>Al respecto, explicaron que tomaron la decisi\u00f3n para \u201c<strong>no generar ninguna fricci\u00f3n que pueda romper las posibilidades de di\u00e1logo<\/strong> que se busca construir con el Gobierno\u201d.<\/p>\n<\/div>\n<div id=\"element-body-7\">\n<p>\u201c<strong>La seguridad no se negocia<\/strong>\u201d, hab\u00eda apuntado ATE-ANAC  en relaci\u00f3n a las versiones que trascendieron en el sector de la supuesta idea del ministro de Desregulaci\u00f3n y Transformaci\u00f3n del Estado, <strong>Federico Sturzenegger<\/strong>, de <strong>reducir a la mitad el personal de la ANAC<\/strong>.<\/p>\n<\/div>\n<div id=\"element-body-8\">\n<p>En ese contexto, <strong>la protesta es por los recientes despidos de 150 trabajadores<\/strong>, entre inspectores y personal administrativo, desvinculaciones que se suman a las 40 cesant\u00edas que se realizaron a fines de 2024. Seg\u00fan datos oficiales, desde la intervenci\u00f3n en julio del a\u00f1o pasado <strong>se habr\u00edan dado de baja alrededor de 100 contratos<\/strong>.<\/p>\n<\/div>\n<div id=\"element-body-9\">\n<p><strong>El conflicto se da en el marco del recambio de autoridades en la ANAC<\/strong>, que ahora est\u00e1 a cargo de <strong>\u00d3scar Villabona<\/strong>, tras la salida de <strong>Julia Cordero<\/strong>.<\/p>\n<\/div>\n<div id=\"element-body-10\">\n<p>En ese sentido, en un comunicado que emiti\u00f3, la entidad gremial cuestion\u00f3 <strong>el plan de achique que encara el organismo<\/strong>, ya que denunci\u00f3 que \u201cbusca prescindir de sus servicios de forma abrupta, sin considerar las consecuencias operativas ni el impacto sobre la seguridad a\u00e9rea\u201d. <\/p>\n<\/div>\n<div id=\"element-body-12\">\n<p>Apunt\u00f3 que esta orientaci\u00f3n <strong>contradice las recomendaciones de la Organizaci\u00f3n Internacional de Aviaci\u00f3n Civil (OACI)<\/strong>, que advirti\u00f3 sobre la falta de personal especializado en el mercado aerocomercial.<\/p>\n<\/div>\n<div id=\"element-body-13\">\n<p>\u201c<strong>Los despidos que se realizaron en la ANAC son contrarios a lo que viene planteando la OIAC<\/strong>, que dice que hay que tener personal id\u00f3neo con sueldo acordes a la industria para tener seguridad operacional\u201d, sostuvo Belelli al respecto. <\/p>\n<\/div>\n<div id=\"element-body-14\">\n<p>\u201c<strong>Menos personal de la ANAC es menos capacidad de control<\/strong>, y eso es poner en riesgo la seguridad a\u00e9rea\u201d, se\u00f1al\u00f3 el dirigente. \u201cEsto no solo da\u00f1a la imagen del pa\u00eds a nivel internacional, sino que adem\u00e1s <strong>compromete la seguridad operacional, que debe ser un tema prioritario e innegociable<\/strong>\u201d, reforz\u00f3. <\/p>\n<\/div>\n<div id=\"element-body-15\">\n<p>Y cerr\u00f3: \u201cLos responsables pol\u00edticos de esta decisi\u00f3n act\u00faan de manera perversa con trabajadores que han sostenido con compromiso y profesionalismo <strong>un sistema estrat\u00e9gico para el pa\u00eds<\/strong>\u201d.<\/p>\n<\/div>\n<p><br \/>\n<br \/><a href=\"https:\/\/www.clarin.com\/economia\/vuelos-levanto-paro-podria-complicaciones-fin-semana-largo_0_nHIQRemODM.html\">Fuente Clarin.com <\/a><\/p>\n","protected":false},"excerpt":{"rendered":"<p>Se levant\u00f3 el paro de gremios aeron\u00e1uticos que amenazaba con complicar los vuelos en la previa del fin de semana largo por el D\u00eda de la Bandera, con este viernes feriado. Pero se fij\u00f3 una reuni\u00f3n para el pr\u00f3ximo mi\u00e9rcoles y no descartan nuevas medidas de fuerza si no se llega a un acuerdo. La [&hellip;]<\/p>\n","protected":false},"author":1,"featured_media":24561,"comment_status":"open","ping_status":"open","sticky":false,"template":"","format":"standard","meta":{"footnotes":""},"categories":[2],"tags":[8124,981,1105,5254,19141,8177,265,1563,982,312],"class_list":["post-35020","post","type-post","status-publish","format-standard","has-post-thumbnail","hentry","category-ultimas-noticias","tag-complicaciones","tag-fin","tag-haber","tag-largo","tag-levanto","tag-paro","tag-pero","tag-podria","tag-semana","tag-tras"],"_links":{"self":[{"href":"https:\/\/13.com.ar\/index.php\/wp-json\/wp\/v2\/posts\/35020","targetHints":{"allow":["GET"]}}],"collection":[{"href":"https:\/\/13.com.ar\/index.php\/wp-json\/wp\/v2\/posts"}],"about":[{"href":"https:\/\/13.com.ar\/index.php\/wp-json\/wp\/v2\/types\/post"}],"author":[{"embeddable":true,"href":"https:\/\/13.com.ar\/index.php\/wp-json\/wp\/v2\/users\/1"}],"replies":[{"embeddable":true,"href":"https:\/\/13.com.ar\/index.php\/wp-json\/wp\/v2\/comments?post=35020"}],"version-history":[{"count":0,"href":"https:\/\/13.com.ar\/index.php\/wp-json\/wp\/v2\/posts\/35020\/revisions"}],"wp:featuredmedia":[{"embeddable":true,"href":"https:\/\/13.com.ar\/index.php\/wp-json\/wp\/v2\/media\/24561"}],"wp:attachment":[{"href":"https:\/\/13.com.ar\/index.php\/wp-json\/wp\/v2\/media?parent=35020"}],"wp:term":[{"taxonomy":"category","embeddable":true,"href":"https:\/\/13.com.ar\/index.php\/wp-json\/wp\/v2\/categories?post=35020"},{"taxonomy":"post_tag","embeddable":true,"href":"https:\/\/13.com.ar\/index.php\/wp-json\/wp\/v2\/tags?post=35020"}],"curies":[{"name":"wp","href":"https:\/\/api.w.org\/{rel}","templated":true}]}}