{"id":35015,"date":"2025-06-18T14:22:34","date_gmt":"2025-06-18T17:22:34","guid":{"rendered":"https:\/\/13.com.ar\/index.php\/imputan-a-una-mujer-que-agarro-a-trompadas-a-la-directora-y-docentes-de-un-colegio-de-neuquen-por-retar-a-su-hija\/"},"modified":"2025-06-18T14:22:34","modified_gmt":"2025-06-18T17:22:34","slug":"imputan-a-una-mujer-que-agarro-a-trompadas-a-la-directora-y-docentes-de-un-colegio-de-neuquen-por-retar-a-su-hija","status":"publish","type":"post","link":"https:\/\/13.com.ar\/index.php\/imputan-a-una-mujer-que-agarro-a-trompadas-a-la-directora-y-docentes-de-un-colegio-de-neuquen-por-retar-a-su-hija\/","title":{"rendered":"imputan a una mujer que agarr\u00f3 a trompadas a la directora y docentes de un colegio de Neuqu\u00e9n por retar a su hija"},"content":{"rendered":"<p> <br \/>\n<br \/><img decoding=\"async\" src=\"https:\/\/13.com.ar\/wp-content\/uploads\/2025\/06\/imputan-a-una-mujer-que-agarro-a-trompadas-a-la.jpg\" \/><\/p>\n<div id=\"element-body-0\">\n<p>El 22 de abril pasado se desat\u00f3 un verdadero esc\u00e1ndalo en una escuela primaria de Neuqu\u00e9n. Una mujer se agarr\u00f3 a trompadas con una de las regentes del establecimiento y con tres docentes por haber retado su hija que cursa 6to grado. Tal fue el ataque, que impulsan una nueva ley que crea un r\u00e9gimen integral de prevenci\u00f3n y sanci\u00f3n ante hechos de violencia. La Legislatura provincial discute dicho proyecto que sanciona con multas y hasta 30 d\u00edas de arresto a quienes cometan este tipo de actos. <\/p>\n<\/div>\n<div id=\"element-body-1\">\n<p>Ahora, tras el brutal ataque, la mujer qued\u00f3 imputada y deber\u00e1 respetar ciertas restricciones. <\/p>\n<\/div>\n<div id=\"element-body-2\">\n<p>El viernes se realiz\u00f3 la audiencia de formulaci\u00f3n de cargos, mientras en las \u00faltimas horas se difundi\u00f3 el video del ataque, registrado dentro del aula durante el horario escolar. Fue filmado por una alumna de la escuela con su celular.<\/p>\n<\/div>\n<div id=\"element-body-3\">\n<p>Las im\u00e1genes muestran a la mujer dentro de la Secretar\u00eda del Instituto de Formaci\u00f3n Docente N\u00b012 que funciona en el edificio del Colegio San Mart\u00edn, ubicado en la avenida Argentina, entre Ameghino y San Juan. Hay una discusi\u00f3n, tambi\u00e9n trompadas. El video ya viraliz\u00f3 las redes.<\/p>\n<\/div>\n<div id=\"element-body-4\">\n<p>Tras las presentaciones, la jueza Carina \u00c1lvarez dio luz verde a los cargos que se le imputan a la agresora: amenazas simples y lesiones leves. <\/p>\n<\/div>\n<div id=\"element-body-6\">\n<p>La causa penal se inici\u00f3 a partir de la denuncia de las docentes agredidas, quienes fueron representadas por abogados particulares. La jueza resolvi\u00f3 una serie de medidas cautelares por seis meses: la mujer denunciada contar\u00e1 con restricciones al establecimiento educativo. No podr\u00e1 acercarse a menos de 200 metros, ni contactar por ning\u00fan medio a las cuatro docentes del instituto a quienes agredi\u00f3. La idea es resguardar la integridad f\u00edsica de la directora y las tres trabajadoras que se vieron envueltas en el hecho.<\/p>\n<\/div>\n<div id=\"element-body-7\">\n<p>En cuanto al proyecto de Ley elevado por la Asociaci\u00f3n de Trabajadores de la Educaci\u00f3n del Neuqu\u00e9n (ATEN), la comisi\u00f3n de Trabajo de la Legislatura le dio despacho durante la semana pasada. Fue modificado por el oficialismo, por lo que se descarta que pr\u00f3ximamente ser\u00e1 sancionado, seg\u00fan public\u00f3 Diario R\u00edo Negro.<\/p>\n<\/div>\n<div id=\"element-body-8\">\n<p>As\u00ed, el C\u00f3digo de Faltas provincial ser\u00e1 reformado e incluir\u00e1 sanci\u00f3n contra una persona, que sin pertenecer al sistema educativo, ejerza violencia contra un trabajador de la educaci\u00f3n en ejercicio de sus funciones. <\/p>\n<\/div>\n<div id=\"element-body-9\">\n<p>La nueva Ley establece que la persona agresora podr\u00e1 ser multada econ\u00f3micamente con hasta 6 millones de pesos, trabajo comunitario de hasta 20 d\u00edas o arresto de hasta 30 d\u00edas.<\/p>\n<\/div>\n<div id=\"element-body-11\">\n<p>El primer acto de violencia de la mujer que result\u00f3 imputada tuvo lugar el lunes 21 de abril, cuando debi\u00f3 presentarse a la Secretar\u00eda del colegio por actos indisciplinarios de su hija de 12 a\u00f1os.<\/p>\n<\/div>\n<div id=\"element-body-12\">\n<p>En la reuni\u00f3n, particip\u00f3 la mujer, la docente de ingl\u00e9s, la regente, subregente y la maestra de grado, y la madre reaccion\u00f3 de forma agresiva ante las explicaciones de la profesora, insult\u00e1ndola y amenaz\u00e1ndola: &#8220;Vamos afuera, a ver si te anim\u00e1s conmigo&#8221;, amenaz\u00f3. Y agreg\u00f3: &#8220;Voy a averiguar donde viv\u00eds y te voy a ir a buscar&#8221;. <\/p>\n<\/div>\n<div id=\"element-body-13\">\n<p>La mujer fue retirada del colegio por personal de seguridad. Pero, al otro d\u00eda, martes 22, estall\u00f3 el esc\u00e1ndalo mayor. Fue antes de las 14, y en pleno horario escolar cuando la agresora lleg\u00f3 al lugar acompa\u00f1ada por otra mujer a la que no se identific\u00f3.<\/p>\n<\/div>\n<div id=\"element-body-14\">\n<p>Tras ingresar al colegio, se dirigi\u00f3 directamente hacia la zona de Secretar\u00eda y pregunt\u00f3 por la profesora de Ingl\u00e9s. Y ante la ausencia de la maestra, es que se desat\u00f3 la andanada de golpes contra la regente, a la que desfigur\u00f3 a trompadas; la subregente, otra docente y una auxiliar. Las cuatro fueron brutalmente agredidas por la mujer. <\/p>\n<\/div>\n<p><br \/>\n<br \/><a href=\"https:\/\/www.clarin.com\/policiales\/violencia-escolar-imputan-mujer-agarro-trompadas-directora-docentes-colegio-neuquen-retar-hija_0_rInc8ik8H1.html\">Fuente Clarin.com <\/a><\/p>\n","protected":false},"excerpt":{"rendered":"<p>El 22 de abril pasado se desat\u00f3 un verdadero esc\u00e1ndalo en una escuela primaria de Neuqu\u00e9n. Una mujer se agarr\u00f3 a trompadas con una de las regentes del establecimiento y con tres docentes por haber retado su hija que cursa 6to grado. Tal fue el ataque, que impulsan una nueva ley que crea un r\u00e9gimen [&hellip;]<\/p>\n","protected":false},"author":1,"featured_media":35016,"comment_status":"open","ping_status":"open","sticky":false,"template":"","format":"standard","meta":{"footnotes":""},"categories":[2],"tags":[11036,829,11231,1214,192,6614,138,7760,142,21598,6426,73],"class_list":["post-35015","post","type-post","status-publish","format-standard","has-post-thumbnail","hentry","category-ultimas-noticias","tag-agarro","tag-colegio","tag-directora","tag-docentes","tag-hija","tag-imputan","tag-mujer","tag-neuquen","tag-por","tag-retar","tag-trompadas","tag-una"],"_links":{"self":[{"href":"https:\/\/13.com.ar\/index.php\/wp-json\/wp\/v2\/posts\/35015","targetHints":{"allow":["GET"]}}],"collection":[{"href":"https:\/\/13.com.ar\/index.php\/wp-json\/wp\/v2\/posts"}],"about":[{"href":"https:\/\/13.com.ar\/index.php\/wp-json\/wp\/v2\/types\/post"}],"author":[{"embeddable":true,"href":"https:\/\/13.com.ar\/index.php\/wp-json\/wp\/v2\/users\/1"}],"replies":[{"embeddable":true,"href":"https:\/\/13.com.ar\/index.php\/wp-json\/wp\/v2\/comments?post=35015"}],"version-history":[{"count":0,"href":"https:\/\/13.com.ar\/index.php\/wp-json\/wp\/v2\/posts\/35015\/revisions"}],"wp:featuredmedia":[{"embeddable":true,"href":"https:\/\/13.com.ar\/index.php\/wp-json\/wp\/v2\/media\/35016"}],"wp:attachment":[{"href":"https:\/\/13.com.ar\/index.php\/wp-json\/wp\/v2\/media?parent=35015"}],"wp:term":[{"taxonomy":"category","embeddable":true,"href":"https:\/\/13.com.ar\/index.php\/wp-json\/wp\/v2\/categories?post=35015"},{"taxonomy":"post_tag","embeddable":true,"href":"https:\/\/13.com.ar\/index.php\/wp-json\/wp\/v2\/tags?post=35015"}],"curies":[{"name":"wp","href":"https:\/\/api.w.org\/{rel}","templated":true}]}}