{"id":35013,"date":"2025-06-18T14:19:46","date_gmt":"2025-06-18T17:19:46","guid":{"rendered":"https:\/\/13.com.ar\/index.php\/la-planta-que-florece-rapido-resiste-el-frio-y-llena-el-jardin-de-color-en-primavera\/"},"modified":"2025-06-18T14:19:46","modified_gmt":"2025-06-18T17:19:46","slug":"la-planta-que-florece-rapido-resiste-el-frio-y-llena-el-jardin-de-color-en-primavera","status":"publish","type":"post","link":"https:\/\/13.com.ar\/index.php\/la-planta-que-florece-rapido-resiste-el-frio-y-llena-el-jardin-de-color-en-primavera\/","title":{"rendered":"la planta que florece r\u00e1pido, resiste el fr\u00edo y llena el jard\u00edn de color en primavera"},"content":{"rendered":"<p> <br \/>\n<br \/><img decoding=\"async\" src=\"https:\/\/13.com.ar\/wp-content\/uploads\/2025\/06\/la-planta-que-florece-rapido-resiste-el-frio-y-llena.jpg\" \/><\/p>\n<div id=\"element-body-0\">\n<p><strong>Junio no tiene por qu\u00e9 ser un mes de pausa para la jardiner\u00eda<\/strong>. Aunque muchos asocian el invierno con una tierra dormida, hay especies que aprovechan esta \u00e9poca para echar ra\u00edces y florecer con fuerza, apenas llega la primavera. Hay una <strong>planta <\/strong>en particular que, sembrada ahora,<strong> transforma cualquier rinc\u00f3n en un espacio lleno de color y vida en cuesti\u00f3n de semanas<\/strong>.<\/p>\n<\/div>\n<div id=\"element-body-1\">\n<p>R\u00fastica, agradecida y de crecimiento veloz, <strong>la cal\u00e9ndula no le teme al fr\u00edo<\/strong> y se lleva bien tanto con los jardines como con las macetas de balc\u00f3n. Adem\u00e1s de ser visualmente hermosa, <strong>esta flor tiene beneficios para la huerta, para la piel y hasta para la cocina<\/strong>. Lo mejor de todo: no hace falta tener experiencia previa para cultivarla con \u00e9xito.<\/p>\n<\/div>\n<div id=\"element-body-3\">\n<p>Se trata de<strong> la cal\u00e9ndula <\/strong>(<em>Calendula officinalis<\/em>), una <strong>flor de tonos anaranjados y amarillos intensos <\/strong>que no solo alegra el jard\u00edn, sino que adem\u00e1s es funcional. Germina r\u00e1pidamente (entre 7 y 14 d\u00edas),<strong> florece en poco m\u00e1s de un mes y no requiere cuidados exigentes<\/strong>.<\/p>\n<\/div>\n<div id=\"element-body-4\">\n<p>Adem\u00e1s de<strong> resistir el fr\u00edo, la cal\u00e9ndula act\u00faa como un repelente natural en la huerta<\/strong>: aleja pulgones, moscas blancas y nematodos, al mismo tiempo que atrae insectos aliados como las mariquitas y abejas. <\/p>\n<\/div>\n<div id=\"element-body-5\">\n<p>Tambi\u00e9n mejora la salud del suelo gracias a sus ra\u00edces que airean la tierra y a las flores, que <strong>pueden utilizarse en compost o como cobertura vegetal<\/strong>. Es una excelente opci\u00f3n para quienes dan sus primeros pasos en el mundo de la jardiner\u00eda.<\/p>\n<\/div>\n<div id=\"element-body-8\">\n<p><strong>La cal\u00e9ndula <\/strong>es mucho m\u00e1s que una flor decorativa.<strong> Es una planta muy apreciada en fitoterapia<\/strong>, la medicina natural basada en hierbas. Sus flores contienen aceites esenciales, flavonoides y muc\u00edlagos que le confieren <strong>propiedades antiinflamatorias, antis\u00e9pticas y cicatrizantes<\/strong>.<\/p>\n<\/div>\n<div id=\"element-body-9\">\n<p>En el \u00e1mbito dom\u00e9stico, <strong>sus p\u00e9talos pueden usarse para preparar infusiones que ayudan a aliviar malestares digestivos leves o dolores menstruales<\/strong>.<strong> <\/strong>Tambi\u00e9n es com\u00fan su uso externo, en forma de cremas, ung\u00fcentos o aceites, para tratar quemaduras leves, irritaciones de la piel, picaduras o incluso labios agrietados.<\/p>\n<\/div>\n<div id=\"element-body-10\">\n<p>Su<strong> efecto calmante sobre la piel la hace \u00fatil tambi\u00e9n en la cosm\u00e9tica natural<\/strong>: muchas personas elaboran b\u00e1lsamos o t\u00f3nicos caseros con sus p\u00e9talos secos, ideales para pieles sensibles o reactivas. Sumado a esto, su aspecto colorido permite combinar salud y est\u00e9tica en un mismo cultivo.<\/p>\n<\/div>\n<div id=\"element-body-18\">\n<p><strong>Sembrar cal\u00e9ndula en junio <\/strong>es asegurarse una primavera radiante, llena de color, aromas y beneficios, sin complicarse demasiado.<\/p>\n<\/div>\n<p><br \/>\n<br \/><a href=\"https:\/\/www.clarin.com\/informacion-general\/sembrar-junio-planta-florece-rapido-resiste-frio-llena-jardin-color-primavera_0_ZAHEhsEOUf.html\">Fuente Clarin.com <\/a><\/p>\n","protected":false},"excerpt":{"rendered":"<p>Junio no tiene por qu\u00e9 ser un mes de pausa para la jardiner\u00eda. Aunque muchos asocian el invierno con una tierra dormida, hay especies que aprovechan esta \u00e9poca para echar ra\u00edces y florecer con fuerza, apenas llega la primavera. Hay una planta en particular que, sembrada ahora, transforma cualquier rinc\u00f3n en un espacio lleno de [&hellip;]<\/p>\n","protected":false},"author":1,"featured_media":35014,"comment_status":"open","ping_status":"open","sticky":false,"template":"","format":"standard","meta":{"footnotes":""},"categories":[2],"tags":[4651,17039,1438,2210,4161,1889,15670,1160,893],"class_list":["post-35013","post","type-post","status-publish","format-standard","has-post-thumbnail","hentry","category-ultimas-noticias","tag-color","tag-florece","tag-frio","tag-jardin","tag-llena","tag-planta","tag-primavera","tag-rapido","tag-resiste"],"_links":{"self":[{"href":"https:\/\/13.com.ar\/index.php\/wp-json\/wp\/v2\/posts\/35013","targetHints":{"allow":["GET"]}}],"collection":[{"href":"https:\/\/13.com.ar\/index.php\/wp-json\/wp\/v2\/posts"}],"about":[{"href":"https:\/\/13.com.ar\/index.php\/wp-json\/wp\/v2\/types\/post"}],"author":[{"embeddable":true,"href":"https:\/\/13.com.ar\/index.php\/wp-json\/wp\/v2\/users\/1"}],"replies":[{"embeddable":true,"href":"https:\/\/13.com.ar\/index.php\/wp-json\/wp\/v2\/comments?post=35013"}],"version-history":[{"count":0,"href":"https:\/\/13.com.ar\/index.php\/wp-json\/wp\/v2\/posts\/35013\/revisions"}],"wp:featuredmedia":[{"embeddable":true,"href":"https:\/\/13.com.ar\/index.php\/wp-json\/wp\/v2\/media\/35014"}],"wp:attachment":[{"href":"https:\/\/13.com.ar\/index.php\/wp-json\/wp\/v2\/media?parent=35013"}],"wp:term":[{"taxonomy":"category","embeddable":true,"href":"https:\/\/13.com.ar\/index.php\/wp-json\/wp\/v2\/categories?post=35013"},{"taxonomy":"post_tag","embeddable":true,"href":"https:\/\/13.com.ar\/index.php\/wp-json\/wp\/v2\/tags?post=35013"}],"curies":[{"name":"wp","href":"https:\/\/api.w.org\/{rel}","templated":true}]}}