{"id":35009,"date":"2025-06-18T14:13:30","date_gmt":"2025-06-18T17:13:30","guid":{"rendered":"https:\/\/13.com.ar\/index.php\/me-encantaria-trabajar-con-cris-morena-era-fan-de-casi-angeles\/"},"modified":"2025-06-18T14:13:30","modified_gmt":"2025-06-18T17:13:30","slug":"me-encantaria-trabajar-con-cris-morena-era-fan-de-casi-angeles","status":"publish","type":"post","link":"https:\/\/13.com.ar\/index.php\/me-encantaria-trabajar-con-cris-morena-era-fan-de-casi-angeles\/","title":{"rendered":"Me encantar\u00eda trabajar con Cris Morena, era fan de Casi \u00e1ngeles"},"content":{"rendered":"<p> <br \/>\n<\/p>\n<div id=\"cuerpo\">\n<div class=\"sc-45461e9c-0 eqiBeF container-text text-embed \" id=\"element-body-0\">\n<p>Tiene 38 a\u00f1os, <strong>es arquitecto<\/strong>, en las primeras semanas de juego pas\u00f3 algo inadvertido entre los veintipico de participantes, pero <strong>con el correr del reality supo reinventarse<\/strong>. Y, a los pocos meses de haber entrado -integraba el grupo original de 24 jugadores-, de ser el personaje al que no le sal\u00eda una bien se convirti\u00f3 en<strong> el looser m\u00e1s querido de este Gran hermano<\/strong> (a las 22.15, por Telefe). Y cuando muchos lo ve\u00edan con un pie en la final -de acuerdo al pulso de las redes- <strong>el lunes Juan Pablo De Vigili qued\u00f3 afuera con el 61,3 por ciento de los votos<\/strong>.<\/p>\n<\/div>\n<div class=\"sc-45461e9c-0 eqiBeF container-text text-embed \" id=\"element-body-1\">\n<p>Esa noche <strong>se fue enojado, frustrado, pero sin abandonar nunca el don de gente<\/strong>: desanduvo el camino rumbo a la puerta junto a sus dos mascotas -Jaime y Bartolo- y <strong>volvi\u00f3 a la veredita de la casa para saludar a Eugenia y Selva<\/strong>, con quienes integraba el grupo de <em>&#8220;Los hongos&#8221;<\/em>, pero una seguidilla de <strong>discusiones en los \u00faltimos d\u00edas los termin\u00f3 separando<\/strong>. Ellas se quedaron, y \u00e9l se fue tras perder en el versus con Selva, precisamente.<\/p>\n<\/div>\n<div class=\"sc-45461e9c-0 eqiBeF container-text text-embed \" id=\"element-body-2\">\n<p>A menos de 48 horas de su salida, este mi\u00e9rcoles al mediod\u00eda charla con <strong>Clar\u00edn<\/strong> sobre c\u00f3mo lo modific\u00f3 la casa, sus sue\u00f1os, sus valores, su p\u00e1lpito.<\/p>\n<\/div>\n<div class=\"sc-98b114a2-0 bkqiHH image-embed  image-embed \" id=\"element-body-3\"><picture class=\"sc-98b114a2-1 jRUlDm\"><source media=\"(min-width: 975px)\" width=\"720\" height=\"480\" \/><img alt=\"El correntino es arquitecto, estudi\u00f3 teatro y tuvo su propia banda de m\u00fasica. Se afeit\u00f3 el bigote adentro de la casa.\" loading=\"lazy\" width=\"720\" height=\"480\" decoding=\"async\" data-nimg=\"1\" style=\"color:transparent\" src=\"https:\/\/13.com.ar\/wp-content\/uploads\/2025\/06\/Me-encantaria-trabajar-con-Cris-Morena-era-fan-de-Casi.jpg\"\/><span class=\"epigraphe\">El correntino es arquitecto, estudi\u00f3 teatro y tuvo su propia banda de m\u00fasica. Se afeit\u00f3 el bigote adentro de la casa.<\/span><span class=\"picture-open\"><button class=\"open-image\" aria-label=\"Open Image\"\/><\/span><\/picture><\/div>\n<div class=\"sc-45461e9c-0 eqiBeF container-text text-embed \" id=\"element-body-4\">\n<p><strong>-\u00bfSegu\u00eds con el mismo estado emocional del lunes a la noche?<\/strong><\/p>\n<\/div>\n<div class=\"sc-45461e9c-0 eqiBeF container-text text-embed \" id=\"element-body-5\">\n<p>-No, ya me afloj\u00f3 un poco todo eso. <strong>Con las horas se me fueron acomodando las emociones<\/strong>, pero te confieso que <strong>me dio mucha bronca quedarme afuera a una semana de la final<\/strong>. Y tampoco me gust\u00f3 irme as\u00ed. Cuando pensaba en el d\u00eda que me tocara dejar el juego <strong>me ve\u00eda m\u00e1s amoroso, agradecido, abrazando a todos<\/strong>. Te juro que estoy feliz, pero sigo enredado en la manera en la que me fui.<\/p>\n<\/div>\n<div class=\"sc-45461e9c-0 eqiBeF container-text text-embed \" id=\"element-body-6\">\n<p><strong>-Pero, de acuerdo a tu discurso sobre los valores y la dignidad, si te hubieras ido ri\u00e9ndote, como si todo estuviera bien, nadie te habr\u00eda cre\u00eddo.<\/strong><\/p>\n<\/div>\n<div class=\"sc-45461e9c-0 eqiBeF container-text text-embed \" id=\"element-body-7\">\n<p>-Ojal\u00e1 se haya visto as\u00ed. Yo me fui fastidioso porque <strong>no me gusta pelear y los \u00faltimos d\u00edas fueron tremendos con Selva y un poco con Euge, de la que hab\u00eda esperado una palmadita en la espalda <\/strong>mientras se daba el versus y nunca lleg\u00f3. Y <strong>no me va el estado de enojo, no lo s\u00e9 llevar. Yo soy m\u00e1s de hablar<\/strong>, de tratar de entendernos por las buenas. Y lleg\u00f3 el final y se dio de una forma que no me gust\u00f3.<\/p>\n<\/div>\n<div class=\"sc-98b114a2-0 bkqiHH image-embed  image-embed \" id=\"element-body-8\"><picture class=\"sc-98b114a2-1 jRUlDm\"><source media=\"(min-width: 975px)\" width=\"720\" height=\"480\" \/><img alt=\"Juan Pablo se fue de la casa y se llev\u00f3 a sus dos mascotas, Jaime y Bartolo.\" loading=\"lazy\" width=\"720\" height=\"480\" decoding=\"async\" data-nimg=\"1\" style=\"color:transparent\" src=\"https:\/\/13.com.ar\/wp-content\/uploads\/2025\/06\/1750266810_542_Me-encantaria-trabajar-con-Cris-Morena-era-fan-de-Casi.jpg\"\/><span class=\"epigraphe\">Juan Pablo se fue de la casa y se llev\u00f3 a sus dos mascotas, Jaime y Bartolo.<\/span><span class=\"picture-open\"><button class=\"open-image\" aria-label=\"Open Image\"\/><\/span><\/picture><\/div>\n<div class=\"sc-45461e9c-0 eqiBeF container-text text-embed \" id=\"element-body-9\">\n<p><strong>-En alg\u00fan momento de esta \u00faltima placa negativa, con cinco nominados, o en el duelo con Selva \u00bfte ve\u00edas afuera?<\/strong><\/p>\n<\/div>\n<div class=\"sc-45461e9c-0 eqiBeF container-text text-embed \" id=\"element-body-10\">\n<p>-No, la verdad es que no. <strong>Me sent\u00eda fuerte e imaginaba que ella se llevaba m\u00e1s votos, pero me equivoqu\u00e9<\/strong>. Y apenas sal\u00ed me com\u00ed la cabeza pensando c\u00f3mo pod\u00eda ser que yo hubiera acumulado tanto <em>hater<\/em>. Pero despu\u00e9s entend\u00ed que se unieron varios <em>fandom <\/em>para ir despejando el camino de sus favoritos. Y eso me tranquiliz\u00f3 un poco. Siempre supe que es un juego, pero <strong>con tanto tiempo de encierro -casi siete meses para \u00e9l- te confund\u00eds un poco lo que es estrategia y conveniencia de lo que es juego real<\/strong>.<\/p>\n<\/div>\n<p><h2>La casa de los amigos<\/h2>\n<\/p>\n<div class=\"sc-45461e9c-0 eqiBeF container-text text-embed \" id=\"element-body-12\">\n<p>El correntino que teji\u00f3 muy buenos v\u00ednculos con <strong>Papucho<\/strong> (Claudio, que sali\u00f3 para ser operado de apendicitis y luego reingres\u00f3 con un <em>Golden Ticket<\/em>) y<strong> Eugenia<\/strong>, tambi\u00e9n nombra a <strong>Sopa<\/strong> (Sof\u00eda) como los afectos importante que se lleva del reality.<\/p>\n<\/div>\n<div class=\"sc-45461e9c-0 eqiBeF container-text text-embed \" id=\"element-body-13\">\n<p><strong>-Pero Sopa estuvo unas poquitas semanas&#8230;<\/strong><\/p>\n<\/div>\n<div class=\"sc-45461e9c-0 eqiBeF container-text text-embed \" id=\"element-body-14\">\n<p>-Lo que es pasa es que hay un momento en el que <strong>sent\u00eds que un d\u00eda vale como un a\u00f1o: siempre las mismas caras, los mismos espacios, no ten\u00e9s distracciones, no ten\u00e9s celular<\/strong>. Y eso hace que el tiempo sea eterno. Igual, hubiera elegido seguir ah\u00ed. Fue <strong>una experiencia tremenda para m\u00ed, que ven\u00eda golpeado<\/strong>.<\/p>\n<\/div>\n<div class=\"sc-98b114a2-0 bkqiHH image-embed  image-embed \" id=\"element-body-15\"><picture class=\"sc-98b114a2-1 jRUlDm\"><source media=\"(min-width: 975px)\" width=\"720\" height=\"480\" \/><img alt=\"&quot;Me sent\u00eda fuerte e imaginaba que Selva se llevaba m\u00e1s votos, pero me equivoqu\u00e9&quot;, reconoce Juan Pablo a menos de 48 horas de haber perdido.\" loading=\"lazy\" width=\"720\" height=\"480\" decoding=\"async\" data-nimg=\"1\" style=\"color:transparent\" src=\"https:\/\/13.com.ar\/wp-content\/uploads\/2025\/06\/1750266810_506_Me-encantaria-trabajar-con-Cris-Morena-era-fan-de-Casi.jpg\"\/><span class=\"epigraphe\">&#8220;Me sent\u00eda fuerte e imaginaba que Selva se llevaba m\u00e1s votos, pero me equivoqu\u00e9&#8221;, reconoce Juan Pablo a menos de 48 horas de haber perdido.<\/span><span class=\"picture-open\"><button class=\"open-image\" aria-label=\"Open Image\"\/><\/span><\/picture><\/div>\n<div class=\"sc-45461e9c-0 eqiBeF container-text text-embed \" id=\"element-body-16\">\n<p>Juan Pablo, alias <strong>Devi<\/strong> (por deformaci\u00f3n de su apellido), traspas\u00f3 el umbral 2 de diciembre del 2024 diciendo que estaba de novio y luego coment\u00f3 que <strong>hab\u00eda sido v\u00edctima de una estafa que lo hab\u00eda destrozado. Se lo ve\u00eda vulnerable<\/strong>, pero con ganas de rearmarse. M\u00e1s adelante, en la secci\u00f3n de <em>Congelados <\/em>(entran familiares o amigos y los participantes deben quedarse quietos y mudos), recibi\u00f3 <strong>un video de su &#8220;pareja&#8221;, quien claramente le dec\u00eda que ya no segu\u00eda la relaci\u00f3n. \u00c9l no supo interpretar la indirecta (bastante directa, por cierto)<\/strong> y eso empez\u00f3 a generar empat\u00eda en el afuera.<\/p>\n<\/div>\n<div class=\"sc-45461e9c-0 eqiBeF container-text text-embed \" id=\"element-body-17\">\n<p>Otro d\u00eda, para que asumiera su situaci\u00f3n,<strong> su familia le mand\u00f3 un mensaje con la palabra &#8220;soltero&#8221; <\/strong>(en una instancia en la pod\u00eda llegar un par de palabras por escrito). Y ah\u00ed empez\u00f3 a entender: &#8220;Por ahora <strong>ese tema lo tengo encapsulado, ojal\u00e1 alg\u00fan d\u00eda pueda hablar con ella como para saber bien qu\u00e9 pas\u00f3. Es buena persona y la quiero<\/strong>, pero ahora prefiero ir bajando de a poco en esta nueva realidad. Y disfrutar&#8221;.<\/p>\n<\/div>\n<div class=\"sc-45461e9c-0 eqiBeF container-text text-embed \" id=\"element-body-18\">\n<p>Cuenta que hace un ratito se cruz\u00f3 con <strong>Sandra<\/strong> -sali\u00f3 hace dos semanas- &#8220;y dije &#8216;<em>guau&#8217;,<\/em> est\u00e1 toda lookeada, divina. <strong>Se ve que est\u00e1 bueno tambi\u00e9n estar afuera<\/strong>. La producci\u00f3n te va llevando muy bien y yo me estoy sintiendo feliz, la casa me ayud\u00f3 un mont\u00f3n a crecer, a tenerme m\u00e1s confianza&#8221;.<\/p>\n<\/div>\n<div class=\"sc-45461e9c-0 eqiBeF container-text text-embed \" id=\"element-body-19\">\n<p><strong>-Como le pasa a la mayor\u00eda, \u00bfvos tambi\u00e9n quer\u00e9s ser panelista?<\/strong><\/p>\n<\/div>\n<div class=\"sc-45461e9c-0 eqiBeF container-text text-embed \" id=\"element-body-20\">\n<p>-No, porque <strong>no me gusta tanto ese tipo de exposici\u00f3n. Y aparte me cargan porque no s\u00e9 redondear<\/strong>. Me gustar\u00eda retomar la actuaci\u00f3n y la m\u00fasica. En Corrientes hac\u00edamos obras de teatro y tambi\u00e9n t<strong>uve una banda en mi provincia que se llamaba Blonda<\/strong>, pero no pudimos patentar el t\u00edtulo.<\/p>\n<\/div>\n<div class=\"sc-c2c2a3c6-0 ecgiEX border-video video-embed horizontal border-video video-embed horizontal\" id=\"element-body-21\">\n<div class=\"sc-c2c2a3c6-1 kQhBlc videoText videoText\">\n<h2>Video<\/h2>\n<p>Juan Pablo de Vigili, de Gran Hermano, con su banda<\/p>\n<\/div>\n<\/div>\n<div class=\"sc-45461e9c-0 eqiBeF container-text text-embed \" id=\"element-body-22\">\n<p><strong>-\u00bfY cu\u00e1l ser\u00eda tu sue\u00f1o como actor?<\/strong><\/p>\n<\/div>\n<div class=\"sc-45461e9c-0 eqiBeF container-text text-embed \" id=\"element-body-23\">\n<p>-Me<strong> encantar\u00eda trabajar con Cris Morena, yo era fan de Casi \u00e1ngeles<\/strong>. Me muero si me sale una oportunidad en una tira producida por ella. Es m\u00e1s, una vez <strong>mand\u00e9 material m\u00edo para un casting, pero no me eligieron<\/strong>.<\/p>\n<\/div>\n<div class=\"sc-45461e9c-0 eqiBeF container-text text-embed \" id=\"element-body-24\">\n<p>Esta \u00faltima an\u00e9cdota <strong>podr\u00eda formar parte del derrotero<\/strong> bautizado<em> &#8220;Los no me salieron bien&#8221;<\/em> de Devi. Pero ahora puede re\u00edrse de eso y avanza. Con la mira puesta en la final del martes que viene, imagina que al podio llegar\u00e1n &#8220;<strong>Ulises, Luz y Tato<\/strong>, tal vez en ese orden. Pero la verdad es que <strong>me gustar\u00eda que gane Eugenia. Yo no abandono a mis amigos<\/strong>&#8220;.<\/p>\n<\/div>\n<\/div>\n<p><br \/>\n<br \/><a href=\"https:\/\/www.clarin.com\/espectaculos\/juan-pablo-looser-gran-hermano-conquisto-publico-confiesa-encantaria-trabajar-cris-morena-fan-angeles_0_5XTqGmjI6u.html\">Fuente Clarin.com <\/a><\/p>\n","protected":false},"excerpt":{"rendered":"<p>Tiene 38 a\u00f1os, es arquitecto, en las primeras semanas de juego pas\u00f3 algo inadvertido entre los veintipico de participantes, pero con el correr del reality supo reinventarse. Y, a los pocos meses de haber entrado -integraba el grupo original de 24 jugadores-, de ser el personaje al que no le sal\u00eda una bien se convirti\u00f3 [&hellip;]<\/p>\n","protected":false},"author":1,"featured_media":35010,"comment_status":"open","ping_status":"open","sticky":false,"template":"","format":"standard","meta":{"footnotes":""},"categories":[2],"tags":[2423,483,18,3501,15476,762,5268,878,3681],"class_list":["post-35009","post","type-post","status-publish","format-standard","has-post-thumbnail","hentry","category-ultimas-noticias","tag-angeles","tag-casi","tag-con","tag-cris","tag-encantaria","tag-era","tag-fan","tag-morena","tag-trabajar"],"_links":{"self":[{"href":"https:\/\/13.com.ar\/index.php\/wp-json\/wp\/v2\/posts\/35009","targetHints":{"allow":["GET"]}}],"collection":[{"href":"https:\/\/13.com.ar\/index.php\/wp-json\/wp\/v2\/posts"}],"about":[{"href":"https:\/\/13.com.ar\/index.php\/wp-json\/wp\/v2\/types\/post"}],"author":[{"embeddable":true,"href":"https:\/\/13.com.ar\/index.php\/wp-json\/wp\/v2\/users\/1"}],"replies":[{"embeddable":true,"href":"https:\/\/13.com.ar\/index.php\/wp-json\/wp\/v2\/comments?post=35009"}],"version-history":[{"count":0,"href":"https:\/\/13.com.ar\/index.php\/wp-json\/wp\/v2\/posts\/35009\/revisions"}],"wp:featuredmedia":[{"embeddable":true,"href":"https:\/\/13.com.ar\/index.php\/wp-json\/wp\/v2\/media\/35010"}],"wp:attachment":[{"href":"https:\/\/13.com.ar\/index.php\/wp-json\/wp\/v2\/media?parent=35009"}],"wp:term":[{"taxonomy":"category","embeddable":true,"href":"https:\/\/13.com.ar\/index.php\/wp-json\/wp\/v2\/categories?post=35009"},{"taxonomy":"post_tag","embeddable":true,"href":"https:\/\/13.com.ar\/index.php\/wp-json\/wp\/v2\/tags?post=35009"}],"curies":[{"name":"wp","href":"https:\/\/api.w.org\/{rel}","templated":true}]}}