{"id":3498,"date":"2025-02-10T10:44:35","date_gmt":"2025-02-10T13:44:35","guid":{"rendered":"https:\/\/13.com.ar\/index.php\/la-justicia-revelo-como-el-polo-obrero-se-beneficiaba-con-el-dinero-de-los-planes-sociales-y-sus-lideres-cobraban-sueldos\/"},"modified":"2025-02-10T10:44:35","modified_gmt":"2025-02-10T13:44:35","slug":"la-justicia-revelo-como-el-polo-obrero-se-beneficiaba-con-el-dinero-de-los-planes-sociales-y-sus-lideres-cobraban-sueldos","status":"publish","type":"post","link":"https:\/\/13.com.ar\/index.php\/la-justicia-revelo-como-el-polo-obrero-se-beneficiaba-con-el-dinero-de-los-planes-sociales-y-sus-lideres-cobraban-sueldos\/","title":{"rendered":"La justicia revel\u00f3 c\u00f3mo el Polo Obrero se beneficiaba con el dinero de los planes sociales y sus l\u00edderes cobraban &#8220;sueldos&#8221;"},"content":{"rendered":"<p> <br \/>\n<\/p>\n<div id=\"cuerpo\">\n<div class=\"sc-80531b6b-0 chRIGJ container-text text-embed\">\n<p>La justicia sostuvo que el Polo Obrero dio origen a una \u201corganizaci\u00f3n criminal\u201d, de car\u00e1cter \u201cestable y permanente\u201d, montada en base a una divisi\u00f3n de roles y con alcance nacional, la que fue sostenida al menos <strong>desde junio de 2020 hasta marzo de 2024. <\/strong>En ese lapso hubo<strong> un desv\u00edo de m\u00e1s de 300 millones de pesos<\/strong> que correspond\u00edan al plan <strong>Potenciar Trabajo.<\/strong> En su pedido de elevaci\u00f3n a juicio de varios referentes de la agrupaci\u00f3n por <strong>extorsiones, coacci\u00f3n y fraude al Estado<\/strong>, el fiscal Gerardo Pollicita explic\u00f3 c\u00f3mo los dirigentes sociales<strong> usaron para beneficio personal el dinero p\u00fablico.<\/strong><\/p>\n<\/div>\n<div class=\"sc-80531b6b-0 chRIGJ container-text text-embed\">\n<p>\u201cEsta organizaci\u00f3n ten\u00eda como finalidad cometer m\u00faltiples delitos en perjuicio de las personas en situaci\u00f3n de alta vulnerabilidad socioecon\u00f3mica y del Estado Nacional, con el fin de obtener un lucro indebido y el poder intr\u00ednseco derivado del manejo de miles de individuos\u201d, escribi\u00f3 en un extenso dictamen el fiscal Pollicita.<\/p>\n<\/div>\n<div class=\"sc-80531b6b-0 chRIGJ container-text text-embed\">\n<p>A la cabeza de dicha estructura criminal se encuentra <strong>Eduardo Belliboni<\/strong>, como organizador junto a referentes nacionales como<strong> Jerem\u00edas Cantero, Gianna Puppo y Elizabeth del Carmen Palma<\/strong>. Despu\u00e9s, como miembros en el \u00e1mbito territorial de esta ciudad, se acus\u00f3 a los referente<strong>s Mar\u00eda Isolda Dotti, Iv\u00e1n Ezequiel Candotti y Gustavo V\u00e1squez.<\/strong><\/p>\n<\/div>\n<div class=\"sc-80531b6b-0 chRIGJ container-text text-embed\">\n<p>Esta organizaci\u00f3n implement\u00f3 un esquema de \u201cextorsiones y amenazas coactivas con el fin de controlar y manejar \u2014en lo que p\u00fablicamente se ha denominado \u201cgerenciamiento\u201d\u2014 a miles de personas a lo largo y ancho del pa\u00eds\u201d.<\/p>\n<\/div>\n<div class=\"sc-80531b6b-0 chRIGJ container-text text-embed\">\n<p>La maniobra garantizaba, remarc\u00f3 Pollicita, \u201cel poder de <strong>dirigirlas a su voluntad y sustraerles una parte del dinero <\/strong>que aquellos recib\u00edan del Estado como ayuda social, para lo cual corrompieron las facultades que le hab\u00edan sido asignadas por el ex Ministerio de Desarrollo Social de la Naci\u00f3n en el marco del Plan Potenciar Trabajo\u201d.<\/p>\n<\/div>\n<div class=\"sc-198be8ec-0 cynXbu image-embed  image-embed \"><picture class=\"sc-198be8ec-1 kOjRiQ\"><source media=\"(min-width: 975px)\" width=\"720\" height=\"480\" \/><img alt=\"Las planillas que para la fiscal\u00eda, exponen el lucro indebido del Polo Obrero.\" loading=\"lazy\" width=\"720\" height=\"480\" decoding=\"async\" data-nimg=\"1\" style=\"color:transparent\" src=\"https:\/\/13.com.ar\/wp-content\/uploads\/2025\/02\/La-justicia-revelo-como-el-Polo-Obrero-se-beneficiaba-con.jpg\"\/><span class=\"epigraphe\">Las planillas que para la fiscal\u00eda, exponen el lucro indebido del Polo Obrero.<\/span><span class=\"bkg\"\/><span class=\"picture-open\"><button class=\"open-image\" aria-label=\"Open Image\"\/><\/span><\/picture><\/div>\n<div class=\"sc-80531b6b-0 chRIGJ container-text text-embed\">\n<p>Se trata de una n\u00f3mina de <strong>83.530 personas <\/strong>y los documentos incorporados al expediente,\u201crevelaron que a todos ellos les sustra\u00edan parte del plan, lo que les permiti\u00f3 obtener importantes sumas de dinero\u201d.<\/p>\n<\/div>\n<div class=\"sc-80531b6b-0 chRIGJ container-text text-embed\">\n<p>La recaudaci\u00f3n esperada solamente entre agosto de 2023 y febrero de 2024 era mayor a<strong> 313 millones de pesos.<\/strong><\/p>\n<\/div>\n<p><h2>\u00bfQu\u00e9 suced\u00eda con esos fondos?<\/h2>\n<\/p>\n<div class=\"sc-80531b6b-0 chRIGJ container-text text-embed\">\n<p>La investigaci\u00f3n a cargo del juzgado de Sebasti\u00e1n Casanello y el fiscal Pollicita, expuso un esquema de sustracci\u00f3n de fondos a trav\u00e9s de lo que el Polo Obrero llamaba las \u201cc\u00e1pitas\u201d. Es uno de los eslabones del fraude ocasionado al Estado Nacional \u201cmediante la <strong>facturaci\u00f3n ap\u00f3crifa<\/strong>\u201d.<\/p>\n<\/div>\n<div class=\"sc-80531b6b-0 chRIGJ container-text text-embed\">\n<p>En simult\u00e1neo, el Ministerio P\u00fablico Fiscal describi\u00f3, un mecanismo mediante el cual \u201c<strong>obligaron a miles de personas en todo el pa\u00eds a movilizarse en las actividades a las que convocaban<\/strong>, lo que se erigi\u00f3 como la principal fuente de poder para los acusados\u201d.<\/p>\n<\/div>\n<div class=\"sc-80531b6b-0 chRIGJ container-text text-embed\">\n<p>El Polo Obrero -sostiene el dictamen- firm\u00f3 tres acuerdos en junio de 2020, 2021 y 2022 y los subsidios se concretaron en cuatro pagos a trav\u00e9s de transferencias bancarias. La primera fue de 75 millones de pesos, la segunda de 37,5 millones de pesos, le sigui\u00f3 otra -ya en 2022- de 36,2 millones y en enero de 2023, un \u00faltimo pago de 37,5 millones de pesos.<\/p>\n<\/div>\n<div class=\"sc-80531b6b-0 chRIGJ container-text text-embed\">\n<p>La Cooperativa de Trabajo El Resplandor firm\u00f3 dos acuerdos en junio de 2021 y diciembre de 2022. Fueron tres los desembolsos que se hicieron a favor de dicha organizaci\u00f3n: dos de 37,5 millones de pesos y el \u00faltimo en enero de 2023, por 99.900.000 pesos.<\/p>\n<\/div>\n<div class=\"sc-80531b6b-0 chRIGJ container-text text-embed\">\n<p>Hay m\u00e1s n\u00fameros. Cuando proces\u00f3 a Belliboni y los dem\u00e1s acusados, el juzgado se\u00f1al\u00f3 que entre junio de 2020 y diciembre de 2022 el Polo Obrero y la Cooperativa El Resplandor <strong>manejaron 361 millones de pesos en concepto de subsidio institucional.<\/strong><\/p>\n<\/div>\n<div class=\"sc-80531b6b-0 chRIGJ container-text text-embed\">\n<p>El juez federal determin\u00f3 que <strong>el dinero que no respond\u00eda a los gastos volcados en las facturas \u201ctruchas\u201d, se habr\u00eda utilizado para sostener y financiar la actividad partidaria del Polo Obrero.<\/strong><\/p>\n<\/div>\n<p><h2>Lucro indebido<\/h2>\n<\/p>\n<div class=\"sc-80531b6b-0 chRIGJ container-text text-embed\">\n<p>La fiscal\u00eda de Pollicita sostuvo que se empleaban facturas truchas y se simulaban gastos no concretados \u2013al menos a trav\u00e9s de las firmas Ediciones e Impresiones Rumbos SRL y Coxtex SA-, &#8220;para disfrazar el verdadero uso de una parte importante de los fondos\u201d.<\/p>\n<\/div>\n<div class=\"sc-80531b6b-0 chRIGJ container-text text-embed\">\n<p>Se determin\u00f3 que Cotex no ten\u00eda sede comercial y ni actividad real. La AFIP la defini\u00f3 como una \u201cusina de facturas ap\u00f3crifas\u201d. En el marco del expediente que tramita en el juzgado de Casanello, se detectaron dos <strong>facturas por 5,1 millones de pesos.<\/strong><\/p>\n<\/div>\n<div class=\"sc-198be8ec-0 cynXbu image-embed  image-embed \"><picture class=\"sc-198be8ec-1 kOjRiQ\"><source media=\"(min-width: 975px)\" width=\"720\" height=\"480\" \/><img alt=\"Las planillas que para la fiscal\u00eda, exponen el lucro indebido del Polo Obrero.\" loading=\"lazy\" width=\"720\" height=\"480\" decoding=\"async\" data-nimg=\"1\" style=\"color:transparent\" src=\"https:\/\/13.com.ar\/wp-content\/uploads\/2025\/02\/1739195075_463_La-justicia-revelo-como-el-Polo-Obrero-se-beneficiaba-con.jpg\"\/><span class=\"epigraphe\">Las planillas que para la fiscal\u00eda, exponen el lucro indebido del Polo Obrero.<\/span><span class=\"bkg\"\/><span class=\"picture-open\"><button class=\"open-image\" aria-label=\"Open Image\"\/><\/span><\/picture><\/div>\n<div class=\"sc-80531b6b-0 chRIGJ container-text text-embed\">\n<p>En cuanto a la imprenta Rumbos, sin sede comercial, se detectaron <strong>179 facturas por 31 millones de pesos.<\/strong><\/p>\n<\/div>\n<div class=\"sc-80531b6b-0 chRIGJ container-text text-embed\">\n<p>La ruta de esos fondos no acababa all\u00ed. \u201cEl fin por el cual actuaron los imputados fue destinar el lucro indebido obtenido a trav\u00e9s de las fuentes il\u00edcitas al beneficio particular, tanto en provecho propio de los integrantes de la organizaci\u00f3n como en el financiamiento de su actividad pol\u00edtico-partidaria\u201d, explic\u00f3 la fiscal\u00eda en su dictamen.<\/p>\n<\/div>\n<div class=\"sc-80531b6b-0 chRIGJ container-text text-embed\">\n<p>Los registros secuestrados en la sede del Polo Obrero y otros elementos de prueba recabados permitieron a los investigadores acreditar que <strong>los acusados \u201cutilizaban los fondos il\u00edcitos obtenidos para solventar gastos personales, cobrarse una suma fija de dinero mensual <\/strong>(que era registrado como \u201csueldo\u201d o \u201crenta\u201d), percibir ingresos extraordinarios (bajo el concepto de \u201cbono\u201d y\/o \u201caguinaldo\u201d).<\/p>\n<\/div>\n<div class=\"sc-80531b6b-0 chRIGJ container-text text-embed\">\n<p>Junto a todo ello, la fiscal\u00eda tambi\u00e9n determin\u00f3 que en algunos casos, <strong>los dirigentes sociales, \u201cse apropiaron de alimentos o fondos de la asamblea\u201d.<\/strong><\/p>\n<\/div>\n<p><h2>El circuito para quedarse con el dinero<\/h2>\n<\/p>\n<div class=\"sc-80531b6b-0 chRIGJ container-text text-embed\">\n<p>Con esas pruebas, Pollicita concluy\u00f3 que <strong>Eduardo Belliboni \u201cutilizaba el dinero il\u00edcito para su propio beneficio\u201d.<\/strong><\/p>\n<\/div>\n<div class=\"sc-80531b6b-0 chRIGJ container-text text-embed\">\n<p>A modo de ejemplo, se mostraron documentos que dan cuenta de una <strong>contabilidad paralela<\/strong>, \u201cde las que se desprenden gastos como <strong>\u201cnafta Chiquito\u201d, \u201cVISA Chiquito\u201d, \u201cestacionamiento y peaje Chiquito\u201d, \u201cvi\u00e1ticos Chiquito\u201d, \u201cfarmacia Chiquito\u201d<\/strong>; entre otros. <strong>&#8220;Chiquito&#8221; es el apodo de Belliboni.<\/strong><\/p>\n<\/div>\n<div class=\"sc-80531b6b-0 chRIGJ container-text text-embed\">\n<p>El fiscal tambi\u00e9n estableci\u00f3 que el dirigente &#8220;dispon\u00eda de un autom\u00f3vil del Polo Obrero para su uso personal\u201d.<\/p>\n<\/div>\n<div class=\"sc-198be8ec-0 cynXbu image-embed  image-embed \"><picture class=\"sc-198be8ec-1 kOjRiQ\"><source media=\"(min-width: 975px)\" width=\"720\" height=\"480\" \/><img alt=\"Las planillas que para la fiscal\u00eda, exponen el lucro indebido del Polo Obrero.\" loading=\"lazy\" width=\"720\" height=\"480\" decoding=\"async\" data-nimg=\"1\" style=\"color:transparent\" src=\"https:\/\/13.com.ar\/wp-content\/uploads\/2025\/02\/1739195075_444_La-justicia-revelo-como-el-Polo-Obrero-se-beneficiaba-con.jpg\"\/><span class=\"epigraphe\">Las planillas que para la fiscal\u00eda, exponen el lucro indebido del Polo Obrero.<\/span><span class=\"bkg\"\/><span class=\"picture-open\"><button class=\"open-image\" aria-label=\"Open Image\"\/><\/span><\/picture><\/div>\n<div class=\"sc-80531b6b-0 chRIGJ container-text text-embed\">\n<p>A su vez, \u201cl<strong>a organizaci\u00f3n instaur\u00f3 una especie de &#8216;salario&#8217; o &#8216;contraprestaci\u00f3n&#8217; para beneficio de los propios imputados,<\/strong> que se nutr\u00eda tanto de las \u201cc\u00e1pitas\u201d extra\u00eddas extorsivamente a las v\u00edctimas como de fondos del Estado Nacional y hasta del Gobierno de la Ciudad de Buenos Aires\u201d.<\/p>\n<\/div>\n<div class=\"sc-80531b6b-0 chRIGJ container-text text-embed\">\n<p>Entre los elementos de prueba citados que dan sustento a dicha acusaci\u00f3n, se cit\u00f3 un mensaje del celular de Gianna Puppo enviado por ella el 26 de diciembre de 2023, titulado \u201cliquidaci\u00f3n de sueldos CABA septiembre\u201d que muestra que<strong> varios de los acusados cobraban fondos mensuales de Potenciar Trabajo<\/strong>: \u2014\u201cNexo doble\u201d\u2014, de \u201cVeredas\u201d \u2014en clara alusi\u00f3n al programa Veredas Limpias\u2014 y de \u201cCaja CABA\u201d \u2014lo que, como hemos visto, obedece a la recaudaci\u00f3n de c\u00e1pitas de la \u201cregional CABA\u201d\u2014.<\/p>\n<\/div>\n<div class=\"sc-80531b6b-0 chRIGJ container-text text-embed\">\n<p>Para justificar esos desv\u00edos tambi\u00e9n se usaban las &#8220;usinas de facturas truchas&#8221; como Ediciones e Impresiones Rumbos. En los allanamientos se dio con un listado de nombres, un n\u00famero de CBU, el monto \u201ca cobrar\u201d por cada uno de ellos y, al final de todo, una columna que reza \u201ca pagar por Rumbos\u201d.<\/p>\n<\/div>\n<div class=\"sc-80531b6b-0 chRIGJ container-text text-embed\">\n<p>Estas sumas de dinero se asignaban los integrantes del Polo Obrero, de car\u00e1cter mensual, y que seg\u00fan la documentaci\u00f3n a veces, eran calificados como \u201crenta\u201d y, <strong>en el caso de Eduardo Belliboni \u201cera de 522.500 pesos en marzo de 2024<\/strong> \u2014equivalentes a USD 585, a la cotizaci\u00f3n oficial de entonces (892)\u201d, se detall\u00f3.<\/p>\n<\/div>\n<div class=\"sc-80531b6b-0 chRIGJ container-text text-embed\">\n<p>El sistema tambi\u00e9n preve\u00eda la asignaci\u00f3n de pagos extraordinarios, como \u201cbonos\u201d y \u201caguinaldos\u201d &#8220;a Belliboni, Cantero y Palma\u201d, revel\u00f3 la fiscal\u00eda.<\/p>\n<\/div>\n<div class=\"sc-80531b6b-0 chRIGJ container-text text-embed\">\n<p>Algo similar ocurr\u00eda con parte del dinero del Programa Veredas Limpias porte\u00f1o, que el Polo Obrero cobraba a trav\u00e9s de la Cooperativa de Trabajo El Resplandor. Ese dato explica, a criterio del Ministerio P\u00fablico Fiscal, la \u201cinclusi\u00f3n del concepto de &#8216;veredas&#8217; dentro de las diversas fuentes de ingreso de cada uno de los acusados, en la \u201cliquidaci\u00f3n de sueldos\u201d.<\/p>\n<\/div>\n<\/div>\n<p><br \/>\n<br \/><a href=\"https:\/\/www.clarin.com\/politica\/justicia-revelo-polo-obrero-beneficiaba-dinero-planes-sociales-lideres-cobraban-sueldos_0_k8BT9pddDa.html\">Fuente Clarin.com <\/a><\/p>\n","protected":false},"excerpt":{"rendered":"<p>La justicia sostuvo que el Polo Obrero dio origen a una \u201corganizaci\u00f3n criminal\u201d, de car\u00e1cter \u201cestable y permanente\u201d, montada en base a una divisi\u00f3n de roles y con alcance nacional, la que fue sostenida al menos desde junio de 2020 hasta marzo de 2024. En ese lapso hubo un desv\u00edo de m\u00e1s de 300 millones [&hellip;]<\/p>\n","protected":false},"author":1,"featured_media":3499,"comment_status":"open","ping_status":"open","sticky":false,"template":"","format":"standard","meta":{"footnotes":""},"categories":[2],"tags":[5526,5527,66,18,446,964,5507,28,5525,4343,4471,241,1034,4554,40],"class_list":["post-3498","post","type-post","status-publish","format-standard","has-post-thumbnail","hentry","category-ultimas-noticias","tag-beneficiaba","tag-cobraban","tag-como","tag-con","tag-dinero","tag-justicia","tag-lideres","tag-los","tag-obrero","tag-planes","tag-polo","tag-revelo","tag-sociales","tag-sueldos","tag-sus"],"_links":{"self":[{"href":"https:\/\/13.com.ar\/index.php\/wp-json\/wp\/v2\/posts\/3498","targetHints":{"allow":["GET"]}}],"collection":[{"href":"https:\/\/13.com.ar\/index.php\/wp-json\/wp\/v2\/posts"}],"about":[{"href":"https:\/\/13.com.ar\/index.php\/wp-json\/wp\/v2\/types\/post"}],"author":[{"embeddable":true,"href":"https:\/\/13.com.ar\/index.php\/wp-json\/wp\/v2\/users\/1"}],"replies":[{"embeddable":true,"href":"https:\/\/13.com.ar\/index.php\/wp-json\/wp\/v2\/comments?post=3498"}],"version-history":[{"count":0,"href":"https:\/\/13.com.ar\/index.php\/wp-json\/wp\/v2\/posts\/3498\/revisions"}],"wp:featuredmedia":[{"embeddable":true,"href":"https:\/\/13.com.ar\/index.php\/wp-json\/wp\/v2\/media\/3499"}],"wp:attachment":[{"href":"https:\/\/13.com.ar\/index.php\/wp-json\/wp\/v2\/media?parent=3498"}],"wp:term":[{"taxonomy":"category","embeddable":true,"href":"https:\/\/13.com.ar\/index.php\/wp-json\/wp\/v2\/categories?post=3498"},{"taxonomy":"post_tag","embeddable":true,"href":"https:\/\/13.com.ar\/index.php\/wp-json\/wp\/v2\/tags?post=3498"}],"curies":[{"name":"wp","href":"https:\/\/api.w.org\/{rel}","templated":true}]}}