{"id":3496,"date":"2025-02-10T10:41:12","date_gmt":"2025-02-10T13:41:12","guid":{"rendered":"https:\/\/13.com.ar\/index.php\/hay-algunos-que-prefieren-priorizar-sus-negocios-locales\/"},"modified":"2025-02-10T10:41:12","modified_gmt":"2025-02-10T13:41:12","slug":"hay-algunos-que-prefieren-priorizar-sus-negocios-locales","status":"publish","type":"post","link":"https:\/\/13.com.ar\/index.php\/hay-algunos-que-prefieren-priorizar-sus-negocios-locales\/","title":{"rendered":"Hay algunos que prefieren priorizar sus negocios locales"},"content":{"rendered":"<p> <br \/>\n<br \/><img decoding=\"async\" src=\"https:\/\/13.com.ar\/wp-content\/uploads\/2025\/02\/Hay-algunos-que-prefieren-priorizar-sus-negocios-locales.jpg\" \/><\/p>\n<div>\n<p><strong>Javier Milei <\/strong>dio varias definiciones pol\u00edticas este lunes en las que habl\u00f3 de la influencia de su hermana Karina en las decisiones pol\u00edticas, la expulsi\u00f3n de <strong>Ramiro Marra<\/strong> de La Libertad Avanza y la figura de <strong>Jos\u00e9 Luis Espert<\/strong>, como nuevo afiliado para competirle la provincia de Buenos Aires a Axel Kicillof. Tambi\u00e9n, dej\u00f3 un mensaje dirigido a <strong>Jorge Macri<\/strong> al apuntar que &#8220;algunos prefieren priorizar sus negocios locales en lugar de la causa de terminar con el populismo&#8221;.<\/p>\n<\/div>\n<div>\n<p>En una entrevista en A24, que tambi\u00e9n tuvo la presencia en el piso de Espert, el Presidente dijo que luego se iban a ir a la Casa Rosada para afiliar al diputado a La Libertad Avanza. <\/p>\n<\/div>\n<div>\n<p>&#8220;Se suma a la batalla electoral que viene para la Provincia. Es uno de los m\u00e1ximos exponentes de la libertad. Estoy orgulloso de que se meta en el barro de la Provincia <strong>a pelearle cara a cara a un impresentable, incompetente, in\u00fatil y bruto como Kicillof<\/strong>&#8220;, lanz\u00f3 el mandatario.<\/p>\n<\/div>\n<div>\n<p>Al hablar de las decisiones pol\u00edticas que lleva adelante el Gobierno, enalteci\u00f3 la figura de su hermana, Karina Milei. &#8220;Dicen que tiene una guillotina. Bueno, s\u00ed. <strong>Tiene una guillotina<\/strong>. Usted hace algo en contra de los par\u00e1metros que nosotros defendemos&#8230; guillotina&#8221;.<\/p>\n<\/div>\n<div>\n<p>En ese sentido, se refiri\u00f3 a la salida de Ramiro Marra: &#8220;Estuvo sistem\u00e1ticamente desconectado de lo que hizo La Libertad Avanza en la Ciudad. Y cuando vot\u00f3 a favor de un presupuesto que implicaba aumento de impuestos, que es en contra de la filosof\u00eda que nosotros postulamos,<strong> lo ejecutaron<\/strong>. Porque nosotros no podemos avalar una suba de impuestos de ninguna manera&#8221;.<\/p>\n<\/div>\n<div>\n<p>&#8220;El tema de Ramiro es una cuesti\u00f3n distrital. Yo me ocupo de la gesti\u00f3n y de la batalla cultural. Y en la gesti\u00f3n me ocupo de temas nacionales, no me meto con las provincias o con la Ciudad Aut\u00f3noma de Buenos Aires. La cuesti\u00f3n pol\u00edtica la maneja mi hermana&#8221;, agreg\u00f3.<\/p>\n<\/div>\n<div>\n<p>En otra parte del reportaje, Milei fue consultado sobre su relaci\u00f3n con <strong>Mauricio Macri<\/strong>, a quien -dijo- le escribi\u00f3 el s\u00e1bado para desearle feliz cumplea\u00f1os, y neg\u00f3 tener esa afinidad con el jefe de Gobierno porte\u00f1o, <strong>Jorge Macri.<\/strong> Incluso, dej\u00f3 un mensaje que pareci\u00f3 dirigido al alcalde porte\u00f1o: &#8220;Hay algunos que prefieren priorizar sus negocios locales en lugar de la causa de terminar con el populismo. Yo no me voy a cansar de dar esta pelea, pero requiere grandeza y pensar en Argentina y no en la caja&#8221;.<\/p>\n<\/div>\n<div>\n<p> La frase la dijo a la hora de hablar de la pobreza en la Argentina: &#8220;Sacamos a casi 10 millones de personas de la pobreza. En ese contexto, donde sigue bajando la inflaci\u00f3n, donde siguen subiendo los salarios y las jubilaciones, donde a la gente le va much\u00edsimo mejor, no por nada hoy estamos en niveles de popularidad r\u00e9cord y tenemos intenci\u00f3n de voto del orden de entre 45 y 50%&#8221;<\/p>\n<\/div>\n<div>\n<p>&#8220;Si estuvi\u00e9ramos todos juntos los que defendemos las ideas de la libertad estamos para hacer una elecci\u00f3n hoy de 55%. Ser\u00eda ponerle el \u00faltimo clavo al ata\u00fad del kirchnerismo. Hay algunos que prefieren priorizar sus negocios locales en lugar de la causa de terminar con el populismo. Yo no me voy a cansar de dar esta pelea, pero requiere grandeza y pensar en Argentina y no en la caja&#8221;, agreg\u00f3.<\/p>\n<\/div>\n<p><br \/>\n<br \/><a href=\"https:\/\/www.clarin.com\/politica\/milei-dijo-hermana-guillotina-hablo-marra-ejecutado-dejo-mensaje-dirigido-jorge-macri-prefieren-priorizar-negocios-locales_0_3lo39YMAG8.html\">Fuente Clarin.com <\/a><\/p>\n","protected":false},"excerpt":{"rendered":"<p>Javier Milei dio varias definiciones pol\u00edticas este lunes en las que habl\u00f3 de la influencia de su hermana Karina en las decisiones pol\u00edticas, la expulsi\u00f3n de Ramiro Marra de La Libertad Avanza y la figura de Jos\u00e9 Luis Espert, como nuevo afiliado para competirle la provincia de Buenos Aires a Axel Kicillof. Tambi\u00e9n, dej\u00f3 un [&hellip;]<\/p>\n","protected":false},"author":1,"featured_media":3497,"comment_status":"open","ping_status":"open","sticky":false,"template":"","format":"standard","meta":{"footnotes":""},"categories":[2],"tags":[5521,942,5524,37,5522,5523,40],"class_list":["post-3496","post","type-post","status-publish","format-standard","has-post-thumbnail","hentry","category-ultimas-noticias","tag-algunos","tag-hay","tag-locales","tag-negocios","tag-prefieren","tag-priorizar","tag-sus"],"_links":{"self":[{"href":"https:\/\/13.com.ar\/index.php\/wp-json\/wp\/v2\/posts\/3496","targetHints":{"allow":["GET"]}}],"collection":[{"href":"https:\/\/13.com.ar\/index.php\/wp-json\/wp\/v2\/posts"}],"about":[{"href":"https:\/\/13.com.ar\/index.php\/wp-json\/wp\/v2\/types\/post"}],"author":[{"embeddable":true,"href":"https:\/\/13.com.ar\/index.php\/wp-json\/wp\/v2\/users\/1"}],"replies":[{"embeddable":true,"href":"https:\/\/13.com.ar\/index.php\/wp-json\/wp\/v2\/comments?post=3496"}],"version-history":[{"count":0,"href":"https:\/\/13.com.ar\/index.php\/wp-json\/wp\/v2\/posts\/3496\/revisions"}],"wp:featuredmedia":[{"embeddable":true,"href":"https:\/\/13.com.ar\/index.php\/wp-json\/wp\/v2\/media\/3497"}],"wp:attachment":[{"href":"https:\/\/13.com.ar\/index.php\/wp-json\/wp\/v2\/media?parent=3496"}],"wp:term":[{"taxonomy":"category","embeddable":true,"href":"https:\/\/13.com.ar\/index.php\/wp-json\/wp\/v2\/categories?post=3496"},{"taxonomy":"post_tag","embeddable":true,"href":"https:\/\/13.com.ar\/index.php\/wp-json\/wp\/v2\/tags?post=3496"}],"curies":[{"name":"wp","href":"https:\/\/api.w.org\/{rel}","templated":true}]}}