{"id":3490,"date":"2025-02-10T10:21:24","date_gmt":"2025-02-10T13:21:24","guid":{"rendered":"https:\/\/13.com.ar\/index.php\/los-lideres-extranjeros-utilizan-el-arte-de-la-adulacion-para-cortejar-a-trump\/"},"modified":"2025-02-10T10:21:24","modified_gmt":"2025-02-10T13:21:24","slug":"los-lideres-extranjeros-utilizan-el-arte-de-la-adulacion-para-cortejar-a-trump","status":"publish","type":"post","link":"https:\/\/13.com.ar\/index.php\/los-lideres-extranjeros-utilizan-el-arte-de-la-adulacion-para-cortejar-a-trump\/","title":{"rendered":"Los l\u00edderes extranjeros utilizan el arte de la adulaci\u00f3n para cortejar a Trump"},"content":{"rendered":"<p> <br \/>\n<\/p>\n<div id=\"cuerpo\">\n<div class=\"sc-80531b6b-0 chRIGJ container-text text-embed\">\n<p>WASHINGTON \u2014 Poco despu\u00e9s de que el presidente <strong>Donald Trump <\/strong>reflexionara el viernes sobre la imposici\u00f3n de aranceles a<strong> Jap\u00f3n<\/strong> mientras estaba sentado junto al primer ministro del pa\u00eds,<strong> Shigeru Ishiba<\/strong>, un periodista le pidi\u00f3 al l\u00edder japon\u00e9s que reflexionara sobre su primera reuni\u00f3n con Trump. <\/p>\n<\/div>\n<div class=\"sc-80531b6b-0 chRIGJ container-text text-embed\">\n<p>Fue una oportunidad privilegiada para responder a la amenaza econ\u00f3mica de Trump.<\/p>\n<\/div>\n<div class=\"sc-80531b6b-0 chRIGJ container-text text-embed\">\n<p>En lugar de eso, Ishiba adopt\u00f3 una postura diferente: <\/p>\n<\/div>\n<div class=\"sc-80531b6b-0 chRIGJ container-text text-embed\">\n<p>se convirti\u00f3 en el \u00faltimo l\u00edder extranjero en <strong>adular<\/strong>, en lugar de burlarse, del presidente estadounidense.<\/p>\n<\/div>\n<div class=\"sc-80531b6b-0 chRIGJ container-text text-embed\">\n<p>\u201cMe emocion\u00e9 mucho al ver a una celebridad as\u00ed en la televisi\u00f3n\u201d, dijo Ishiba, lo que provoc\u00f3 que Trump se girara hacia \u00e9l y sonriera de oreja a oreja. <\/p>\n<\/div>\n<div class=\"sc-198be8ec-0 cynXbu image-embed  image-embed \"><picture class=\"sc-198be8ec-1 kOjRiQ\"><source media=\"(min-width: 975px)\" width=\"720\" height=\"480\" \/><img alt=\"El presidente Donald Trump habla durante una rueda de prensa conjunta con el primer ministro japon\u00e9s Shigeru Ishiba en la Casa Blanca el viernes 7 de febrero de 2025. Ishiba es la \u00faltima figura en ofrecer amplios elogios a un presidente conocido por su enfoque transaccional, cuando no impredecible, de la pol\u00edtica exterior. (Cheriss May\/The New York Times)\" loading=\"lazy\" width=\"720\" height=\"480\" decoding=\"async\" data-nimg=\"1\" style=\"color:transparent\" src=\"https:\/\/13.com.ar\/wp-content\/uploads\/2025\/02\/Los-lideres-extranjeros-utilizan-el-arte-de-la-adulacion-para.jpg\"\/><span class=\"epigraphe\">El presidente Donald Trump habla durante una rueda de prensa conjunta con el primer ministro japon\u00e9s Shigeru Ishiba en la Casa Blanca el viernes 7 de febrero de 2025. Ishiba es la \u00faltima figura en ofrecer amplios elogios a un presidente conocido por su enfoque transaccional, cuando no impredecible, de la pol\u00edtica exterior. (Cheriss May\/The New York Times)<\/span><span class=\"bkg\"\/><span class=\"picture-open\"><button class=\"open-image\" aria-label=\"Open Image\"\/><\/span><\/picture><\/div>\n<div class=\"sc-80531b6b-0 chRIGJ container-text text-embed\">\n<p>\u201cEn televisi\u00f3n da miedo y tiene una personalidad muy fuerte, pero cuando lo conoc\u00ed, en realidad era muy sincero y muy poderoso, y con una fuerte voluntad por Estados Unidos\u201d.<\/p>\n<\/div>\n<div class=\"sc-80531b6b-0 chRIGJ container-text text-embed\">\n<p>Ishiba asegur\u00f3 a los periodistas y funcionarios de la Casa Blanca all\u00ed reunidos que sus elogios a Trump no eran un intento de \u201c<strong>adularlo<\/strong>\u201d, sino m\u00e1s bien parte de un esfuerzo por garantizar la \u201cpaz mundial\u201d y la \u201cestabilidad regional\u201d.<\/p>\n<\/div>\n<div class=\"sc-80531b6b-0 chRIGJ container-text text-embed\">\n<p>Ishiba es el \u00faltimo emisario extranjero que emplea el <strong>arte de la adulaci\u00f3n<\/strong> con un presidente conocido por su enfoque transaccional, si no impredecible, en pol\u00edtica exterior. <\/p>\n<\/div>\n<div class=\"sc-80531b6b-0 chRIGJ container-text text-embed\">\n<p>El predecesor de Trump, <strong>Joe Biden<\/strong>, dijo a menudo que los l\u00edderes extranjeros le expresaban en privado su preocupaci\u00f3n por la perspectiva del regreso de Trump a la Casa Blanca. <\/p>\n<\/div>\n<div class=\"sc-80531b6b-0 chRIGJ container-text text-embed\">\n<p>Ahora que est\u00e1 de regreso, todas las preocupaciones parecen haber quedado a un lado, al menos en p\u00fablico.<\/p>\n<\/div>\n<div class=\"sc-80531b6b-0 chRIGJ container-text text-embed\">\n<p>D\u00edas antes de que Ishiba elogiara la presencia de Trump en televisi\u00f3n, el primer ministro <strong>Benjamin Netanyahu <\/strong>llam\u00f3 a Trump \u201cel mejor amigo que Israel haya tenido en la Casa Blanca\u201d, a\u00f1adiendo que tiene \u201cun enorme respeto\u201d entre los israel\u00edes. <\/p>\n<\/div>\n<div class=\"sc-80531b6b-0 chRIGJ container-text text-embed\">\n<p>Elogi\u00f3 la capacidad de Trump de \u201cir directo al grano\u201d. <\/p>\n<\/div>\n<div class=\"sc-80531b6b-0 chRIGJ container-text text-embed\">\n<p>El presidente de El Salvador, <strong>Nayib Bukele<\/strong>, hizo un gesto inusual al proponer que Trump encarcele a los inmigrantes que se encuentran ilegalmente en el pa\u00eds \u2014e incluso a los ciudadanos estadounidenses condenados\u2014 en el famoso complejo penitenciario de la naci\u00f3n centroamericana.<\/p>\n<\/div>\n<div class=\"sc-80531b6b-0 chRIGJ container-text text-embed\">\n<p>\u201cLa gente parece pensar que los halagos van a funcionar para lo que necesitan, que les har\u00e1n ganar puntos\u201d, dijo Elizabeth Shackelford, ex diplom\u00e1tica que trabaj\u00f3 en Polonia, Sud\u00e1n del Sur y Somalia antes de renunciar en protesta por la primera presidencia de Trump. <\/p>\n<\/div>\n<div class=\"sc-80531b6b-0 chRIGJ container-text text-embed\">\n<p>\u201cTal vez piensan que al ser amables con \u00e9l tendr\u00e1n menos probabilidades de ser ellos quienes se enojen con \u00e9l cuando arremete contra ellos\u201d.<\/p>\n<\/div>\n<div class=\"sc-80531b6b-0 chRIGJ container-text text-embed\">\n<p>No es una estrategia nueva. <\/p>\n<\/div>\n<div class=\"sc-80531b6b-0 chRIGJ container-text text-embed\">\n<p>Durante el primer gobierno de Trump, el presidente franc\u00e9s, <strong>Emmanuel Macron<\/strong>, elogi\u00f3 a Trump en la Casa Blanca y le dijo que esperaba que su \u201camistad\u201d y \u201cparentesco\u201d siguieran creciendo. <\/p>\n<\/div>\n<div class=\"sc-80531b6b-0 chRIGJ container-text text-embed\">\n<p><strong>Polonia<\/strong> propuso cambiar el nombre de la base militar estadounidense a Fort Trump. <\/p>\n<\/div>\n<div class=\"sc-80531b6b-0 chRIGJ container-text text-embed\">\n<p><strong>Netanyahu<\/strong> propuso que un asentamiento israel\u00ed en los Altos del Gol\u00e1n pase a llamarse Trump Heights. <\/p>\n<\/div>\n<div class=\"sc-80531b6b-0 chRIGJ container-text text-embed\">\n<p>El primer ministro de Canad\u00e1, <strong>Justin Trudeau<\/strong>, lanz\u00f3 una ofensiva de encanto al invitar a la hija de Trump, Ivanka, a participar en una reuni\u00f3n de mujeres l\u00edderes empresarias.<\/p>\n<\/div>\n<div class=\"sc-80531b6b-0 chRIGJ container-text text-embed\">\n<p>Los halagos no siempre funcionaron. <\/p>\n<\/div>\n<div class=\"sc-80531b6b-0 chRIGJ container-text text-embed\">\n<p>En 2018, Trump impuso aranceles a Canad\u00e1 y llam\u00f3 a Trudeau \u201cdeshonesto y d\u00e9bil\u201d en las redes sociales. <\/p>\n<\/div>\n<div class=\"sc-80531b6b-0 chRIGJ container-text text-embed\">\n<p>El romance entre Trump y Macron se transform\u00f3 en una disputa p\u00fablica sobre la direcci\u00f3n de la OTAN. <\/p>\n<\/div>\n<div class=\"sc-80531b6b-0 chRIGJ container-text text-embed\">\n<p>M\u00e1s tarde, Trump estall\u00f3 en ira contra Netanyahu cuando felicit\u00f3 a Biden por su victoria en las elecciones de 2020. <\/p>\n<\/div>\n<div class=\"sc-80531b6b-0 chRIGJ container-text text-embed\">\n<p>Public\u00f3 libros de mesa de caf\u00e9 con cr\u00edticas a varios l\u00edderes extranjeros, incluidos Trudeau y<strong> Angela Merkel<\/strong>, la ex canciller alemana, que no dud\u00f3 en desafiar a Trump.<\/p>\n<\/div>\n<div class=\"sc-80531b6b-0 chRIGJ container-text text-embed\">\n<p>Su libro de 2024 incluy\u00f3 10 p\u00e1ginas de fotograf\u00edas con Trump y<strong> Kim Jong Un<\/strong>, el dictador norcoreano. <\/p>\n<\/div>\n<div class=\"sc-80531b6b-0 chRIGJ container-text text-embed\">\n<p>Trump se jact\u00f3 de sus \u201ccartas de amor\u201d del l\u00edder norcoreano, misivas que valoraba tanto que las llev\u00f3 a Mar-a-Lago despu\u00e9s de terminar su mandato. <\/p>\n<\/div>\n<div class=\"sc-80531b6b-0 chRIGJ container-text text-embed\">\n<p>Posteriormente, los <strong>Archivos Nacionales<\/strong> intentaron recuperarlos junto con otros documentos que Trump conservaba, lo que finalmente condujo a una investigaci\u00f3n y un procesamiento federal.<\/p>\n<\/div>\n<div class=\"sc-80531b6b-0 chRIGJ container-text text-embed\">\n<p>Shackelford calific\u00f3 el intento de utilizar la adulaci\u00f3n como medio para ganarse el favor de Trump como una<strong> \u201cmisi\u00f3n in\u00fatil\u201d<\/strong>.<\/p>\n<\/div>\n<div class=\"sc-80531b6b-0 chRIGJ container-text text-embed\">\n<p>&#8220;No creo que nadie vaya a conseguir lo que quiere de Trump&#8221;, dijo Shackelford. <\/p>\n<\/div>\n<div class=\"sc-80531b6b-0 chRIGJ container-text text-embed\">\n<p>\u201cLos usar\u00e1 mientras le convenga. Pero no tiene ning\u00fan problema en cortar el contacto con la gente. No ganas puntos con Trump porque \u00e9l no te da cr\u00e9dito por eso despu\u00e9s\u201d.<\/p>\n<\/div>\n<div class=\"sc-80531b6b-0 chRIGJ container-text text-embed\">\n<p>\u201cCuando le conviene, simplemente finge que nunca ocurri\u00f3\u201d, a\u00f1adi\u00f3.<\/p>\n<\/div>\n<p><h2>Estrategia<\/h2>\n<\/p>\n<div class=\"sc-80531b6b-0 chRIGJ container-text text-embed\">\n<p>Pero eso no ha impedido que los l\u00edderes lo intenten. <\/p>\n<\/div>\n<div class=\"sc-80531b6b-0 chRIGJ container-text text-embed\">\n<p>Los presidentes y primeros ministros acudieron en masa a Mar-a-Lago incluso antes de que Trump asumiera el cargo. <\/p>\n<\/div>\n<div class=\"sc-80531b6b-0 chRIGJ container-text text-embed\">\n<p>Una delegaci\u00f3n de Canad\u00e1 ha realizado m\u00faltiples visitas a Washington desde la elecci\u00f3n de Trump, con la esperanza de convencer a Trump de que el pa\u00eds estaba haciendo lo suficiente en seguridad fronteriza en un esfuerzo por evitar aranceles. <\/p>\n<\/div>\n<div class=\"sc-80531b6b-0 chRIGJ container-text text-embed\">\n<p>Las reuniones incluso impresionaron a algunos de los asesores de Trump.<\/p>\n<\/div>\n<div class=\"sc-80531b6b-0 chRIGJ container-text text-embed\">\n<p>Trump todav\u00eda amenaz\u00f3 con afectar su econom\u00eda con aranceles la semana pasada, antes de retrasar las sanciones por 30 d\u00edas.<\/p>\n<\/div>\n<div class=\"sc-80531b6b-0 chRIGJ container-text text-embed\">\n<p>No todos los l\u00edderes han tenido reparos en reprender a Trump. <\/p>\n<\/div>\n<div class=\"sc-80531b6b-0 chRIGJ container-text text-embed\">\n<p>El presidente de Panam\u00e1,<strong> Jos\u00e9 Ra\u00fal Mulino,<\/strong> dijo esta semana que la administraci\u00f3n Trump estaba difundiendo \u201cmentiras y falsedades\u201d despu\u00e9s de que el Departamento de Estado afirmara que los barcos estadounidenses podr\u00edan pasar por el <strong>Canal de Panam\u00e1<\/strong> sin pagar. <\/p>\n<\/div>\n<div class=\"sc-80531b6b-0 chRIGJ container-text text-embed\">\n<p>El gobierno paname\u00f1o tambi\u00e9n ha rechazado las declaraciones de Trump sobre retomar la propiedad del Canal de Panam\u00e1.<\/p>\n<\/div>\n<div class=\"sc-80531b6b-0 chRIGJ container-text text-embed\">\n<p>Pero la mayor\u00eda de los l\u00edderes han optado por confiar en la adulaci\u00f3n, incluidos los diplom\u00e1ticos, que son expertos en ese arte. <\/p>\n<\/div>\n<div class=\"sc-80531b6b-0 chRIGJ container-text text-embed\">\n<p><strong>Peter Mandelson<\/strong>, un veterano pol\u00edtico brit\u00e1nico conocido alguna vez como el \u201cPr\u00edncipe de las Tinieblas\u201d, hace a\u00f1os hab\u00eda llamado a Trump \u201cnacionalista blanco\u201d y dijo que era \u201cun peligro para el mundo\u201d.<\/p>\n<\/div>\n<div class=\"sc-80531b6b-0 chRIGJ container-text text-embed\">\n<p>Su elecci\u00f3n como nuevo embajador brit\u00e1nico en Estados Unidos desencaden\u00f3 una ola de intensa oposici\u00f3n entre algunos de los aliados de Trump, incluido <strong>Steve Bannon<\/strong>, su antiguo estratega jefe.<\/p>\n<\/div>\n<div class=\"sc-80531b6b-0 chRIGJ container-text text-embed\">\n<p>El resultado fue un notable ejemplo de adulaci\u00f3n pol\u00edtica. <\/p>\n<\/div>\n<div class=\"sc-80531b6b-0 chRIGJ container-text text-embed\">\n<p>Mandelson apareci\u00f3 en Fox News a finales de enero para decir que hab\u00eda cambiado completamente de opini\u00f3n sobre el presidente.<\/p>\n<\/div>\n<div class=\"sc-80531b6b-0 chRIGJ container-text text-embed\">\n<p>Mandelson dijo que sus comentarios anteriores hab\u00edan sido \u201cdesatinados y err\u00f3neos\u201d y que estaba \u201cimpresionado no s\u00f3lo por el extraordinario segundo mandato que recibi\u00f3 del pueblo estadounidense, sino por el dinamismo y la energ\u00eda con que abord\u00f3 no s\u00f3lo la campa\u00f1a, sino tambi\u00e9n el gobierno\u201d.<\/p>\n<\/div>\n<div class=\"sc-80531b6b-0 chRIGJ container-text text-embed\">\n<p>Continu\u00f3 diciendo que \u201cse ha ganado un nuevo respeto, ciertamente de mi parte\u201d y predijo que Trump \u201cpodr\u00eda convertirse en uno de los presidentes estadounidenses m\u00e1s importantes que he conocido en mi vida adulta\u201d.<\/p>\n<\/div>\n<div class=\"sc-80531b6b-0 chRIGJ container-text text-embed\">\n<p>Hablando apenas una semana despu\u00e9s de la toma de posesi\u00f3n de Trump, Mandelson se\u00f1al\u00f3 que el enfoque del presidente hacia el gobierno hab\u00eda sido &#8220;mucho m\u00e1s organizado, es mucho m\u00e1s coherente, parece ser mucho m\u00e1s claro en lo que quiere hacer&#8221;. <\/p>\n<\/div>\n<div class=\"sc-80531b6b-0 chRIGJ container-text text-embed\">\n<p>En los d\u00edas que siguieron a la disculpa, el nombramiento de Mandelson pareci\u00f3 <strong>volver a encaminarse.<\/strong><\/p>\n<\/div>\n<p><h2>Retribuci\u00f3n<\/h2>\n<\/p>\n<div class=\"sc-80531b6b-0 chRIGJ container-text text-embed\">\n<p>Ishida parece esperar una respuesta similar de Trump. <\/p>\n<\/div>\n<div class=\"sc-80531b6b-0 chRIGJ container-text text-embed\">\n<p>Cuando se le pregunt\u00f3 el viernes si estaba dispuesto a imponer aranceles de represalia contra Trump, Ishida dijo: <\/p>\n<\/div>\n<div class=\"sc-80531b6b-0 chRIGJ container-text text-embed\">\n<p>&#8220;No puedo responder a una pregunta te\u00f3rica&#8221;.<\/p>\n<\/div>\n<div class=\"sc-80531b6b-0 chRIGJ container-text text-embed\">\n<p>\u201cEsa es una muy buena respuesta\u201d, dijo Trump mientras la multitud en la Casa Blanca se re\u00eda.<\/p>\n<\/div>\n<div class=\"sc-80531b6b-0 chRIGJ container-text text-embed\">\n<p> \u201cMuy buena respuesta, wow. Eso es muy bueno.<\/p>\n<\/div>\n<div class=\"sc-80531b6b-0 chRIGJ container-text text-embed\">\n<p> \u201c\u00c9l sabe lo que hace.\u201d<\/p>\n<\/div>\n<div class=\"sc-80531b6b-0 chRIGJ container-text text-embed\">\n<p><strong>c.2025 The New York Times Company<\/strong><\/p>\n<\/div>\n<\/div>\n<p><br \/>\n<br \/><a href=\"https:\/\/www.clarin.com\/new-york-times-international-weekly\/lideres-extranjeros-utilizan-arte-adulacion-cortejar-trump_0_TgD6xCKdfs.html\">Fuente Clarin.com <\/a><\/p>\n","protected":false},"excerpt":{"rendered":"<p>WASHINGTON \u2014 Poco despu\u00e9s de que el presidente Donald Trump reflexionara el viernes sobre la imposici\u00f3n de aranceles a Jap\u00f3n mientras estaba sentado junto al primer ministro del pa\u00eds, Shigeru Ishiba, un periodista le pidi\u00f3 al l\u00edder japon\u00e9s que reflexionara sobre su primera reuni\u00f3n con Trump. Fue una oportunidad privilegiada para responder a la amenaza [&hellip;]<\/p>\n","protected":false},"author":1,"featured_media":3491,"comment_status":"open","ping_status":"open","sticky":false,"template":"","format":"standard","meta":{"footnotes":""},"categories":[2],"tags":[5509,1116,5510,1540,5507,28,16,179,5508],"class_list":["post-3490","post","type-post","status-publish","format-standard","has-post-thumbnail","hentry","category-ultimas-noticias","tag-adulacion","tag-arte","tag-cortejar","tag-extranjeros","tag-lideres","tag-los","tag-para","tag-trump","tag-utilizan"],"_links":{"self":[{"href":"https:\/\/13.com.ar\/index.php\/wp-json\/wp\/v2\/posts\/3490","targetHints":{"allow":["GET"]}}],"collection":[{"href":"https:\/\/13.com.ar\/index.php\/wp-json\/wp\/v2\/posts"}],"about":[{"href":"https:\/\/13.com.ar\/index.php\/wp-json\/wp\/v2\/types\/post"}],"author":[{"embeddable":true,"href":"https:\/\/13.com.ar\/index.php\/wp-json\/wp\/v2\/users\/1"}],"replies":[{"embeddable":true,"href":"https:\/\/13.com.ar\/index.php\/wp-json\/wp\/v2\/comments?post=3490"}],"version-history":[{"count":0,"href":"https:\/\/13.com.ar\/index.php\/wp-json\/wp\/v2\/posts\/3490\/revisions"}],"wp:featuredmedia":[{"embeddable":true,"href":"https:\/\/13.com.ar\/index.php\/wp-json\/wp\/v2\/media\/3491"}],"wp:attachment":[{"href":"https:\/\/13.com.ar\/index.php\/wp-json\/wp\/v2\/media?parent=3490"}],"wp:term":[{"taxonomy":"category","embeddable":true,"href":"https:\/\/13.com.ar\/index.php\/wp-json\/wp\/v2\/categories?post=3490"},{"taxonomy":"post_tag","embeddable":true,"href":"https:\/\/13.com.ar\/index.php\/wp-json\/wp\/v2\/tags?post=3490"}],"curies":[{"name":"wp","href":"https:\/\/api.w.org\/{rel}","templated":true}]}}