{"id":3468,"date":"2025-02-10T09:25:40","date_gmt":"2025-02-10T12:25:40","guid":{"rendered":"https:\/\/13.com.ar\/index.php\/de-que-forma-se-podran-inscribir-los-autos-0-km-y-a-partir-de-cuando-rige-la-medida\/"},"modified":"2025-02-10T09:25:40","modified_gmt":"2025-02-10T12:25:40","slug":"de-que-forma-se-podran-inscribir-los-autos-0-km-y-a-partir-de-cuando-rige-la-medida","status":"publish","type":"post","link":"https:\/\/13.com.ar\/index.php\/de-que-forma-se-podran-inscribir-los-autos-0-km-y-a-partir-de-cuando-rige-la-medida\/","title":{"rendered":"de qu\u00e9 forma se podr\u00e1n inscribir los autos 0 km y a partir de cu\u00e1ndo rige la medida"},"content":{"rendered":"<p> <br \/>\n<br \/><img decoding=\"async\" src=\"https:\/\/13.com.ar\/wp-content\/uploads\/2025\/02\/de-que-forma-se-podran-inscribir-los-autos-0-km.jpg\" \/><\/p>\n<div>\n<p>El Gobierno avanza en la<strong> digitalizaci\u00f3n del registro automotor <\/strong>y<strong> elimina la obligaci\u00f3n de acudir a las oficinas tradicionales<\/strong>. Desde ahora, los compradores podr\u00e1n obtener la c\u00e9dula y el t\u00edtulo de su veh\u00edculo sin salir de la concesionaria.<\/p>\n<\/div>\n<div>\n<p>El cambio es un nuevo paso en el camino hacia la <strong>modernizaci\u00f3n y simplificaci\u00f3n de tr\u00e1mites<\/strong>.<strong> <\/strong>Fue<strong> <\/strong>el ministro de Justicia, <strong>Mariano C\u00faneo Libarona<\/strong>, quien anunci\u00f3 la implementaci\u00f3n de la inscripci\u00f3n 100% digital para los autos 0 km.<\/p>\n<\/div>\n<div>\n<p>\u201cHac\u00e9s la compra en la concesionaria y, de manera autom\u00e1tica, ten\u00e9s la c\u00e9dula y el t\u00edtulo en la <strong>aplicaci\u00f3n Mi Argentina<\/strong>, sin necesidad de ir a un Registro Automotor\u201d, explic\u00f3 el funcionario en su cuenta de la red social X.<\/p>\n<\/div>\n<div>\n<p>A partir de los pr\u00f3ximos d\u00edas, los compradores de veh\u00edculos nuevos ya no tendr\u00e1n que acudir a una oficina del <strong>Registro de la Propiedad Automotor<\/strong> para obtener su documentaci\u00f3n. En su lugar,<strong> el tr\u00e1mite se har\u00e1 de manera completamente digital <\/strong>a trav\u00e9s del flamante<strong> Registro \u00danico Nacional Automotor<\/strong> (RUNA), un sistema que busca centralizar y agilizar la <strong>inscripci\u00f3n de autom\u00f3viles, motocicletas y maquinaria agr\u00edcola<\/strong>.<\/p>\n<\/div>\n<div>\n<p>Por el momento, el <strong>RUNA <\/strong>solo estar\u00e1 habilitado para autos cero kil\u00f3metro, pero en el futuro se prev\u00e9 que tambi\u00e9n abarque la transferencia de veh\u00edculos usados.<\/p>\n<\/div>\n<div>\n<p>De esta manera, <strong>el comprador sale de la concesionaria con su auto 0 km completamente legalizado<\/strong>, con chapas patente colocadas y la documentaci\u00f3n en formato digital.<\/p>\n<\/div>\n<div>\n<p>En esta primera etapa, el nuevo sistema solo estar\u00e1 disponible para los denominados &#8220;<strong>comerciantes habitualistas<\/strong>&#8220;. Entre ellos se incluyen:<\/p>\n<\/div>\n<div>\n<p>Por el momento, los comerciantes dedicados a la compra y venta de veh\u00edculos usados quedar\u00e1n fuera del sistema, aunque se prev\u00e9 su incorporaci\u00f3n en una segunda fase de implementaci\u00f3n.<\/p>\n<\/div>\n<div>\n<p>Con esta medida, el Gobierno busca reducir la burocracia, agilizar los tr\u00e1mites y minimizar los costos asociados a la inscripci\u00f3n de veh\u00edculos, dando un paso m\u00e1s hacia la digitalizaci\u00f3n total del <strong>Registro Automotor<\/strong>.<\/p>\n<\/div>\n<p><br \/>\n<br \/><a href=\"https:\/\/www.clarin.com\/informacion-general\/chau-registro-automotor-forma-podran-inscribir-autos-0-km-partir-rige-medida_0_oV7ro4S6Ku.html\">Fuente Clarin.com <\/a><\/p>\n","protected":false},"excerpt":{"rendered":"<p>El Gobierno avanza en la digitalizaci\u00f3n del registro automotor y elimina la obligaci\u00f3n de acudir a las oficinas tradicionales. Desde ahora, los compradores podr\u00e1n obtener la c\u00e9dula y el t\u00edtulo de su veh\u00edculo sin salir de la concesionaria. El cambio es un nuevo paso en el camino hacia la modernizaci\u00f3n y simplificaci\u00f3n de tr\u00e1mites. Fue [&hellip;]<\/p>\n","protected":false},"author":1,"featured_media":3469,"comment_status":"open","ping_status":"open","sticky":false,"template":"","format":"standard","meta":{"footnotes":""},"categories":[2],"tags":[2320,677,1846,5487,28,250,4768,4966,286,2664],"class_list":["post-3468","post","type-post","status-publish","format-standard","has-post-thumbnail","hentry","category-ultimas-noticias","tag-autos","tag-cuando","tag-forma","tag-inscribir","tag-los","tag-medida","tag-partir","tag-podran","tag-que","tag-rige"],"_links":{"self":[{"href":"https:\/\/13.com.ar\/index.php\/wp-json\/wp\/v2\/posts\/3468","targetHints":{"allow":["GET"]}}],"collection":[{"href":"https:\/\/13.com.ar\/index.php\/wp-json\/wp\/v2\/posts"}],"about":[{"href":"https:\/\/13.com.ar\/index.php\/wp-json\/wp\/v2\/types\/post"}],"author":[{"embeddable":true,"href":"https:\/\/13.com.ar\/index.php\/wp-json\/wp\/v2\/users\/1"}],"replies":[{"embeddable":true,"href":"https:\/\/13.com.ar\/index.php\/wp-json\/wp\/v2\/comments?post=3468"}],"version-history":[{"count":0,"href":"https:\/\/13.com.ar\/index.php\/wp-json\/wp\/v2\/posts\/3468\/revisions"}],"wp:featuredmedia":[{"embeddable":true,"href":"https:\/\/13.com.ar\/index.php\/wp-json\/wp\/v2\/media\/3469"}],"wp:attachment":[{"href":"https:\/\/13.com.ar\/index.php\/wp-json\/wp\/v2\/media?parent=3468"}],"wp:term":[{"taxonomy":"category","embeddable":true,"href":"https:\/\/13.com.ar\/index.php\/wp-json\/wp\/v2\/categories?post=3468"},{"taxonomy":"post_tag","embeddable":true,"href":"https:\/\/13.com.ar\/index.php\/wp-json\/wp\/v2\/tags?post=3468"}],"curies":[{"name":"wp","href":"https:\/\/api.w.org\/{rel}","templated":true}]}}