{"id":3464,"date":"2025-02-10T09:19:05","date_gmt":"2025-02-10T12:19:05","guid":{"rendered":"https:\/\/13.com.ar\/index.php\/senti-algo-extrano-en-mis-labios\/"},"modified":"2025-02-10T09:19:05","modified_gmt":"2025-02-10T12:19:05","slug":"senti-algo-extrano-en-mis-labios","status":"publish","type":"post","link":"https:\/\/13.com.ar\/index.php\/senti-algo-extrano-en-mis-labios\/","title":{"rendered":"\u201csent\u00ed algo extra\u00f1o en mis labios\u201d"},"content":{"rendered":"<p> <br \/>\n<br \/><img decoding=\"async\" src=\"https:\/\/13.com.ar\/wp-content\/uploads\/2025\/02\/senti-algo-extrano-en-mis-labios.jpg\" \/><\/p>\n<div>\n<p>Daniel es un padre de familia nacido en Bristol (Reino Unido) que <strong>vivi\u00f3 una desagradable sorpresa <\/strong>despu\u00e9s de morder una tableta de chocolate que hab\u00eda comprado en el supermercado.<\/p>\n<\/div>\n<div>\n<p>Despu\u00e9s del primer mordisco se dio cuenta de que <strong>algo raro estaba sucediendo<\/strong>: \u201cSent\u00ed algo extra\u00f1o en mis labios\u201d, relat\u00f3 en unas declaraciones para <em>Newsweek<\/em>. Despu\u00e9s de notar un sabor y una textura inusuales decidi\u00f3 inspeccionar bien la tableta. Dentro <strong>encontr\u00f3 un fragmento de pl\u00e1stico que estaba incrustado en el chocolate.<\/strong><\/p>\n<\/div>\n<div>\n<p>La primera reacci\u00f3n de Daniel fue publicar lo sucedido en las redes sociales. R\u00e1pidamente se gener\u00f3 una sensaci\u00f3n de preocupaci\u00f3n entre los consumidores, que alertaron sobre la gravedad de lo que estaba ocurriendo. El siguiente paso fue <strong>contactar con la marca de chocolates<\/strong> para informarles de lo sucedido.<\/p>\n<\/div>\n<div>\n<p><strong>La empresa se disculp\u00f3 desde el primer momento<\/strong> y dijo que investigar\u00eda lo sucedido: \u201cLa seguridad y la calidad de nuestros productos es de suma importancia para nosotros y lamentamos esta experiencia. Agradecer\u00edamos la oportunidad de investigar este asunto directamente y le pedir\u00edamos a la persona en cuesti\u00f3n que se comunique con nuestro equipo de atenci\u00f3n al consumidor para obtener ayuda\u201d, escribieron en las redes sociales.<\/p>\n<\/div>\n<div>\n<p>Daniel celebr\u00f3 no haber sufrido ning\u00fan da\u00f1o pero mostr\u00f3 preocupaci\u00f3n por lo que podr\u00eda haber pasado: \u201cNo me ha pasado nada pero un ni\u00f1o podr\u00eda haber resultado herido\u201d, coment\u00f3. El accidente aliment\u00f3 el debate sobre los est\u00e1ndares de seguridad dentro de la industria alimentaria. Los expertos recomiendan encarecidamente a los consumidores que revisen cuidadosamente los productos antes de consumirlos, especialmente los que est\u00e1n envasados.<\/p>\n<\/div>\n<div>\n<p>Finalmente todo qued\u00f3 en un susto sin consecuencias mayores, pero nos recuerda la obligaci\u00f3n de estar alerta antes de consumir alimentos para nosotros mismos o para los miembros de nuestra familia.<\/p>\n<\/div>\n<p><br \/>\n<br \/><a href=\"https:\/\/www.clarin.com\/viste\/compro-chocolate-desagradable-sorpresa-senti-extrano-labios_0_4pCT731dvl.html\">Fuente Clarin.com <\/a><\/p>\n","protected":false},"excerpt":{"rendered":"<p>Daniel es un padre de familia nacido en Bristol (Reino Unido) que vivi\u00f3 una desagradable sorpresa despu\u00e9s de morder una tableta de chocolate que hab\u00eda comprado en el supermercado. Despu\u00e9s del primer mordisco se dio cuenta de que algo raro estaba sucediendo: \u201cSent\u00ed algo extra\u00f1o en mis labios\u201d, relat\u00f3 en unas declaraciones para Newsweek. Despu\u00e9s [&hellip;]<\/p>\n","protected":false},"author":1,"featured_media":3465,"comment_status":"open","ping_status":"open","sticky":false,"template":"","format":"standard","meta":{"footnotes":""},"categories":[2],"tags":[5483,1630,5484,1133,3873],"class_list":["post-3464","post","type-post","status-publish","format-standard","has-post-thumbnail","hentry","category-ultimas-noticias","tag-algo","tag-extrano","tag-labios","tag-mis","tag-senti"],"_links":{"self":[{"href":"https:\/\/13.com.ar\/index.php\/wp-json\/wp\/v2\/posts\/3464","targetHints":{"allow":["GET"]}}],"collection":[{"href":"https:\/\/13.com.ar\/index.php\/wp-json\/wp\/v2\/posts"}],"about":[{"href":"https:\/\/13.com.ar\/index.php\/wp-json\/wp\/v2\/types\/post"}],"author":[{"embeddable":true,"href":"https:\/\/13.com.ar\/index.php\/wp-json\/wp\/v2\/users\/1"}],"replies":[{"embeddable":true,"href":"https:\/\/13.com.ar\/index.php\/wp-json\/wp\/v2\/comments?post=3464"}],"version-history":[{"count":0,"href":"https:\/\/13.com.ar\/index.php\/wp-json\/wp\/v2\/posts\/3464\/revisions"}],"wp:featuredmedia":[{"embeddable":true,"href":"https:\/\/13.com.ar\/index.php\/wp-json\/wp\/v2\/media\/3465"}],"wp:attachment":[{"href":"https:\/\/13.com.ar\/index.php\/wp-json\/wp\/v2\/media?parent=3464"}],"wp:term":[{"taxonomy":"category","embeddable":true,"href":"https:\/\/13.com.ar\/index.php\/wp-json\/wp\/v2\/categories?post=3464"},{"taxonomy":"post_tag","embeddable":true,"href":"https:\/\/13.com.ar\/index.php\/wp-json\/wp\/v2\/tags?post=3464"}],"curies":[{"name":"wp","href":"https:\/\/api.w.org\/{rel}","templated":true}]}}