{"id":3460,"date":"2025-02-10T08:31:24","date_gmt":"2025-02-10T11:31:24","guid":{"rendered":"https:\/\/13.com.ar\/index.php\/el-presidente-del-adana-demirspor-renuncio-despues-de-que-su-equipo-abandonara-la-cancha-en-el-partido-contra-galatasaray\/"},"modified":"2025-02-10T08:31:24","modified_gmt":"2025-02-10T11:31:24","slug":"el-presidente-del-adana-demirspor-renuncio-despues-de-que-su-equipo-abandonara-la-cancha-en-el-partido-contra-galatasaray","status":"publish","type":"post","link":"https:\/\/13.com.ar\/index.php\/el-presidente-del-adana-demirspor-renuncio-despues-de-que-su-equipo-abandonara-la-cancha-en-el-partido-contra-galatasaray\/","title":{"rendered":"el presidente del Adana Demirspor renunci\u00f3 despu\u00e9s de que su equipo abandonara la cancha en el partido contra Galatasaray"},"content":{"rendered":"<p> <br \/>\n<br \/><img decoding=\"async\" src=\"https:\/\/13.com.ar\/wp-content\/uploads\/2025\/02\/al-Galatasaray-de-Mauro-Icardi-le-cobraron-un-penal-inexistente.jpg\" \/><\/p>\n<div>\n<p>Adana Demirspor, el \u00faltimo en la tabla con cinco puntos, se enfrentaba al l\u00edder del campeonato, Galatasaray, que suma 57 puntos. En el minuto 12, el \u00e1rbitro sancion\u00f3 un penal a favor del equipo de Estambul, que fue convertido por su reciente incorporaci\u00f3n, el internacional espa\u00f1ol <strong>\u00c1lvaro Morata<\/strong>.<\/p>\n<\/div>\n<div>\n<p>El primer tanto de Morata en el campeonato turco lleg\u00f3 despu\u00e9s de una infracci\u00f3n que sufri\u00f3 el belga <strong>Dries Mertens<\/strong>, que, aparentemente, simul\u00f3 una zancadilla del defensa <strong>Semih G\u00fcler<\/strong>.<\/p>\n<\/div>\n<div>\n<p>Tras numerosas protestas al considerar que el penal no existi\u00f3, <strong>los jugadores del Adana Demirspor decidieron retirarse del encuentro en el minuto 34.<\/strong><\/p>\n<\/div>\n<div>\n<p>El abandono del partido reaviv\u00f3 el debate en Turqu\u00eda sobre la actuaci\u00f3n de los \u00e1rbitros. <strong>Fenerbah\u00e7e<\/strong>, principal rival de Galatasaray en la lucha por el t\u00edtulo y segundo en la tabla con 54 puntos, denunci\u00f3 en redes sociales que este incidente es otro ejemplo de un supuesto trato de favor al equipo de Mauro Icardi durante la temporada.<\/p>\n<\/div>\n<div>\n<p><strong>La renuncia de Burak fue anunciada esta ma\u00f1ana a trav\u00e9s de un mensaje en X<\/strong>, donde explic\u00f3 que, pese a todos sus esfuerzos, la situaci\u00f3n se hab\u00eda vuelto insostenible. &#8220;Lamento ver que hemos llegado a un punto sin salida. Por el bien de mi club, mi familia, mis seres queridos y mi salud, comunico a todos nuestros seguidores que dejo mi cargo como presidente&#8221;, dijo.<\/p>\n<\/div>\n<div>\n<p>Este episodio se produce en un contexto de una gran tensi\u00f3n en el f\u00fatbol turco, donde el t\u00e9cnico de Fenerbah\u00e7e, <strong>Jos\u00e9 Mourinho<\/strong>, critic\u00f3 abiertamente a los \u00e1rbitros, y los clubes m\u00e1s grandes del pa\u00eds se acusan mutuamente de irregularidades.<\/p>\n<\/div>\n<div>\n<p>Se espera que en los pr\u00f3ximos d\u00edas la Federaci\u00f3n Turca de F\u00fatbol (TFF) tome una decisi\u00f3n oficial sobre el abandono del terreno de juego, con la posibilidad de dar por perdido el partido al Adana Demirspor por 3-0 y sancionar al equipo con la p\u00e9rdida de tres puntos.<\/p>\n<\/div>\n<p><br \/>\n<br \/><a href=\"https:\/\/www.clarin.com\/deportes\/escandalo-futbol-turco-presidente-adana-demirspor-renuncio-despues-equipo-abandonara-cancha-partido-galatasaray_0_eJGhFxdZXU.html\">Fuente Clarin.com <\/a><\/p>\n","protected":false},"excerpt":{"rendered":"<p>Adana Demirspor, el \u00faltimo en la tabla con cinco puntos, se enfrentaba al l\u00edder del campeonato, Galatasaray, que suma 57 puntos. En el minuto 12, el \u00e1rbitro sancion\u00f3 un penal a favor del equipo de Estambul, que fue convertido por su reciente incorporaci\u00f3n, el internacional espa\u00f1ol \u00c1lvaro Morata. El primer tanto de Morata en el [&hellip;]<\/p>\n","protected":false},"author":1,"featured_media":3323,"comment_status":"open","ping_status":"open","sticky":false,"template":"","format":"standard","meta":{"footnotes":""},"categories":[2],"tags":[5479,5477,5078,835,100,5478,1514,1782,5336,1899,135,637],"class_list":["post-3460","post","type-post","status-publish","format-standard","has-post-thumbnail","hentry","category-ultimas-noticias","tag-abandonara","tag-adana","tag-cancha","tag-contra","tag-del","tag-demirspor","tag-despues","tag-equipo","tag-galatasaray","tag-partido","tag-presidente","tag-renuncio"],"_links":{"self":[{"href":"https:\/\/13.com.ar\/index.php\/wp-json\/wp\/v2\/posts\/3460","targetHints":{"allow":["GET"]}}],"collection":[{"href":"https:\/\/13.com.ar\/index.php\/wp-json\/wp\/v2\/posts"}],"about":[{"href":"https:\/\/13.com.ar\/index.php\/wp-json\/wp\/v2\/types\/post"}],"author":[{"embeddable":true,"href":"https:\/\/13.com.ar\/index.php\/wp-json\/wp\/v2\/users\/1"}],"replies":[{"embeddable":true,"href":"https:\/\/13.com.ar\/index.php\/wp-json\/wp\/v2\/comments?post=3460"}],"version-history":[{"count":0,"href":"https:\/\/13.com.ar\/index.php\/wp-json\/wp\/v2\/posts\/3460\/revisions"}],"wp:featuredmedia":[{"embeddable":true,"href":"https:\/\/13.com.ar\/index.php\/wp-json\/wp\/v2\/media\/3323"}],"wp:attachment":[{"href":"https:\/\/13.com.ar\/index.php\/wp-json\/wp\/v2\/media?parent=3460"}],"wp:term":[{"taxonomy":"category","embeddable":true,"href":"https:\/\/13.com.ar\/index.php\/wp-json\/wp\/v2\/categories?post=3460"},{"taxonomy":"post_tag","embeddable":true,"href":"https:\/\/13.com.ar\/index.php\/wp-json\/wp\/v2\/tags?post=3460"}],"curies":[{"name":"wp","href":"https:\/\/api.w.org\/{rel}","templated":true}]}}