{"id":3458,"date":"2025-02-10T08:27:41","date_gmt":"2025-02-10T11:27:41","guid":{"rendered":"https:\/\/13.com.ar\/index.php\/otra-jornada-de-calor-en-buenos-aires-y-casi-medio-pais-bajo-alerta-con-temperaturas-por-arriba-de-los-40o\/"},"modified":"2025-02-10T08:27:41","modified_gmt":"2025-02-10T11:27:41","slug":"otra-jornada-de-calor-en-buenos-aires-y-casi-medio-pais-bajo-alerta-con-temperaturas-por-arriba-de-los-40o","status":"publish","type":"post","link":"https:\/\/13.com.ar\/index.php\/otra-jornada-de-calor-en-buenos-aires-y-casi-medio-pais-bajo-alerta-con-temperaturas-por-arriba-de-los-40o\/","title":{"rendered":"Otra jornada de calor en Buenos Aires y casi medio pa\u00eds bajo alerta, con temperaturas por arriba de los 40\u00ba"},"content":{"rendered":"<p> <br \/>\n<\/p>\n<div id=\"cuerpo\">\n<div class=\"sc-80531b6b-0 chRIGJ container-text text-embed\">\n<p>Caminar este lunes por la calle no ser\u00e1 una tarea sencilla. La sombra y una botella de agua ser\u00e1n fundamental para hacerle frente a la <strong>ola de calor extremo<\/strong> que se espera para toda la jornada en la Ciudad, el Gran Buenos Aires y casi todo el norte y centro del pa\u00eds.<\/p>\n<\/div>\n<div class=\"sc-80531b6b-0 chRIGJ container-text text-embed\">\n<p>La semana en el \u00c1rea Metropolitana de Buenos Aires comenz\u00f3 con cielo despejado y una temperatura de 24 grados que ir\u00e1 subiendo con el correr de las horas. El Servicio Meteorol\u00f3gico pronostica <strong>una m\u00e1xima de 38\u00ba<\/strong>, mientras que la sensaci\u00f3n t\u00e9rmica podr\u00eda tocar los 40 durante el mediod\u00eda.<\/p>\n<\/div>\n<div class=\"sc-80531b6b-0 chRIGJ container-text text-embed\">\n<p>Hasta aqu\u00ed, desde que se tiene registro,<strong> la temperatura r\u00e9cord de febrero en Buenos Aires es de 38,7\u00ba<\/strong>. El 12 de diciembre de 2003 se acerc\u00f3 bastante y toc\u00f3 los 38,1\u00ba. Y hoy podr\u00eda quedar tambi\u00e9n al borde de romper esa barrera.<\/p>\n<\/div>\n<div class=\"sc-80531b6b-0 chRIGJ container-text text-embed\">\n<p>El organismo, adem\u00e1s, emiti\u00f3 un <strong>alerta amarilla por calor extremo<\/strong> <strong>para una regi\u00f3n del interior bonaerense<\/strong>, que incluye a las ciudades de Saladillo, Las Flores, General Alvear, Roque P\u00e9rez, General Belgrano, Lobos y San Miguel del Monte.<\/p>\n<\/div>\n<div class=\"sc-80531b6b-0 chRIGJ container-text text-embed\">\n<p>Como siempre ante estos panoramas, el organismo oficial recomienda hidratarse constantemente, no exponerse al sol y evitar la actividad f\u00edsica, adem\u00e1s de prestar atenci\u00f3n a los beb\u00e9s, ni\u00f1os y personas mayores.<\/p>\n<\/div>\n<div class=\"sc-80531b6b-0 chRIGJ container-text text-embed\">\n<p>En tanto, <strong>las lluvias<\/strong> que golpearon durante la madrugada del domingo en el AMBA <strong>volver\u00e1n este martes<\/strong>, donde se esperan tormentas aisladas desde temprano y a lo largo de todo el d\u00eda. \u00bfLa temperatura? El SMN pronostica 21\u00ba de m\u00ednima y 26\u00ba de m\u00e1xima.<\/p>\n<\/div>\n<p><h2>Alerta roja por calor en medio pa\u00eds<\/h2>\n<\/p>\n<div class=\"sc-198be8ec-0 cynXbu image-embed  image-embed \"><picture class=\"sc-198be8ec-1 kOjRiQ\"><source media=\"(min-width: 975px)\" width=\"720\" height=\"480\" \/><img alt=\"Mapa de calor de este lunes 10 de febrero..\" loading=\"lazy\" width=\"720\" height=\"480\" decoding=\"async\" data-nimg=\"1\" style=\"color:transparent\" src=\"https:\/\/13.com.ar\/wp-content\/uploads\/2025\/02\/Otra-jornada-de-calor-en-Buenos-Aires-y-casi-medio.jpg\"\/><span class=\"epigraphe\">Mapa de calor de este lunes 10 de febrero..<\/span><span class=\"bkg\"\/><span class=\"picture-open\"><button class=\"open-image\" aria-label=\"Open Image\"\/><\/span><\/picture><\/div>\n<div class=\"sc-80531b6b-0 chRIGJ container-text text-embed\">\n<p>Varias provincias del norte y centro del pa\u00eds est\u00e1n hoy bajo alerta roja por calor extremo, donde las consecuencias &#8220;pueden afectar a todas las personas, incluso a las saludables&#8221;, advierte el SMN. En varias regiones<strong> las temperaturas superar\u00e1n los 40 grados.<\/strong><\/p>\n<\/div>\n<div class=\"sc-80531b6b-0 chRIGJ container-text text-embed\">\n<p>En Santiago del Estero est\u00e1 pronosticada una m\u00e1xima de 43\u00ba, mientras que en Tucum\u00e1n, Catamarca, La Rioja, San Juan, C\u00f3rdoba, Mendoza, San Luis y Neuqu\u00e9n los valores variar\u00e1n entre los 41\u00ba y 44\u00ba.<\/p>\n<\/div>\n<div class=\"sc-80531b6b-0 chRIGJ container-text text-embed\">\n<p>En el norte del pa\u00eds, en tanto, Formosa, Corrientes y Chaco est\u00e1n bajo el mismo nivel de alerta. <\/p>\n<\/div>\n<div class=\"sc-80531b6b-0 chRIGJ container-text text-embed\">\n<p>Adem\u00e1s, el SMN emiti\u00f3 un<strong> alerta naranja<\/strong> para C\u00f3rdoba, Santa Fe, algunas localidades de Santiago del Estero, el este de San Luis, y el centro de Mendoza.<\/p>\n<\/div>\n<div class=\"sc-80531b6b-0 chRIGJ container-text text-embed\">\n<p>El <strong>alerta amarilla<\/strong>, adem\u00e1s de la regi\u00f3n del interior bonaerense ya mencionada, incluye a Salta, Jujuy; y el norte de Formosa, Chaco y Misiones. Tambi\u00e9n al centro de Entre R\u00edos y la zona lim\u00edtrofe entre La Pampa, Neuqu\u00e9n y R\u00edo Negro.<\/p>\n<\/div>\n<\/div>\n<p><br \/>\n<br \/><a href=\"https:\/\/www.clarin.com\/ciudades\/jornada-calor-buenos-aires-medio-pais-alerta-temperaturas-arriba-40_0_wwAUi4D1fp.html\">Fuente Clarin.com <\/a><\/p>\n","protected":false},"excerpt":{"rendered":"<p>Caminar este lunes por la calle no ser\u00e1 una tarea sencilla. La sombra y una botella de agua ser\u00e1n fundamental para hacerle frente a la ola de calor extremo que se espera para toda la jornada en la Ciudad, el Gran Buenos Aires y casi todo el norte y centro del pa\u00eds. La semana en [&hellip;]<\/p>\n","protected":false},"author":1,"featured_media":3459,"comment_status":"open","ping_status":"open","sticky":false,"template":"","format":"standard","meta":{"footnotes":""},"categories":[2],"tags":[5476,328,985,2949,1063,327,1204,483,18,3684,28,1224,305,134,142,2660],"class_list":["post-3458","post","type-post","status-publish","format-standard","has-post-thumbnail","hentry","category-ultimas-noticias","tag-40o","tag-aires","tag-alerta","tag-arriba","tag-bajo","tag-buenos","tag-calor","tag-casi","tag-con","tag-jornada","tag-los","tag-medio","tag-otra","tag-pais","tag-por","tag-temperaturas"],"_links":{"self":[{"href":"https:\/\/13.com.ar\/index.php\/wp-json\/wp\/v2\/posts\/3458","targetHints":{"allow":["GET"]}}],"collection":[{"href":"https:\/\/13.com.ar\/index.php\/wp-json\/wp\/v2\/posts"}],"about":[{"href":"https:\/\/13.com.ar\/index.php\/wp-json\/wp\/v2\/types\/post"}],"author":[{"embeddable":true,"href":"https:\/\/13.com.ar\/index.php\/wp-json\/wp\/v2\/users\/1"}],"replies":[{"embeddable":true,"href":"https:\/\/13.com.ar\/index.php\/wp-json\/wp\/v2\/comments?post=3458"}],"version-history":[{"count":0,"href":"https:\/\/13.com.ar\/index.php\/wp-json\/wp\/v2\/posts\/3458\/revisions"}],"wp:featuredmedia":[{"embeddable":true,"href":"https:\/\/13.com.ar\/index.php\/wp-json\/wp\/v2\/media\/3459"}],"wp:attachment":[{"href":"https:\/\/13.com.ar\/index.php\/wp-json\/wp\/v2\/media?parent=3458"}],"wp:term":[{"taxonomy":"category","embeddable":true,"href":"https:\/\/13.com.ar\/index.php\/wp-json\/wp\/v2\/categories?post=3458"},{"taxonomy":"post_tag","embeddable":true,"href":"https:\/\/13.com.ar\/index.php\/wp-json\/wp\/v2\/tags?post=3458"}],"curies":[{"name":"wp","href":"https:\/\/api.w.org\/{rel}","templated":true}]}}