{"id":3456,"date":"2025-02-10T08:24:29","date_gmt":"2025-02-10T11:24:29","guid":{"rendered":"https:\/\/13.com.ar\/index.php\/maria-becerra-cerro-el-festival-mas-convocante-del-pais-que-paso-el-millon-de-espectadores\/"},"modified":"2025-02-10T08:24:29","modified_gmt":"2025-02-10T11:24:29","slug":"maria-becerra-cerro-el-festival-mas-convocante-del-pais-que-paso-el-millon-de-espectadores","status":"publish","type":"post","link":"https:\/\/13.com.ar\/index.php\/maria-becerra-cerro-el-festival-mas-convocante-del-pais-que-paso-el-millon-de-espectadores\/","title":{"rendered":"Mar\u00eda Becerra cerr\u00f3 el festival m\u00e1s convocante del pa\u00eds, que pas\u00f3 el mill\u00f3n de espectadores"},"content":{"rendered":"<p> <br \/>\n<\/p>\n<div id=\"cuerpo\">\n<div class=\"sc-80531b6b-0 chRIGJ container-text text-embed\">\n<p>Las cifras son enormes: 200 mil personas el jueves, 250 mil el viernes, 400 mil el s\u00e1bado y 450 mil el domingo, seg\u00fan estim\u00f3 la municipalidad local. En total, 1.300.000 espectadores, <strong>m\u00e1s de un mill\u00f3n personas<\/strong> que asistieron a la <strong>Fiesta Nacional de la Confluencia 2025<\/strong>, que se presenta como &#8220;El festival mas convocante del pa\u00eds&#8221;, nada menos. Y es cierto.<\/p>\n<\/div>\n<div class=\"sc-80531b6b-0 chRIGJ container-text text-embed\">\n<p>Se lleva a cabo en una isla de 8 hect\u00e1reas junto al r\u00edo Limay, en el Paseo de la Costa<strong> en plena ciudad de Neuqu\u00e9n<\/strong>, que se estima tiene 700 mil habitantes en su \u00e1rea de influencia, aunque el \u00faltimo y cuestionado censo dio s\u00f3lo 300 mil. La proporci\u00f3n espectadores\/habitantes es impresionante. <\/p>\n<\/div>\n<div class=\"sc-198be8ec-0 cynXbu image-embed  image-embed \"><picture class=\"sc-198be8ec-1 kOjRiQ\"><source media=\"(min-width: 975px)\" width=\"720\" height=\"480\" \/><img alt=\"La vista de la Isla 132 en Neuqu\u00e9n durante el mega recital de Mar\u00eda Becerra en Fiesta Nacional de la Confluencia. Foto de prensa\" loading=\"lazy\" width=\"720\" height=\"480\" decoding=\"async\" data-nimg=\"1\" style=\"color:transparent\" src=\"https:\/\/13.com.ar\/wp-content\/uploads\/2025\/02\/Maria-Becerra-cerro-el-festival-mas-convocante-del-pais-que.jpg\"\/><span class=\"epigraphe\">La vista de la Isla 132 en Neuqu\u00e9n durante el mega recital de Mar\u00eda Becerra en Fiesta Nacional de la Confluencia. Foto de prensa<\/span><span class=\"bkg\"\/><span class=\"picture-open\"><button class=\"open-image\" aria-label=\"Open Image\"\/><\/span><\/picture><\/div>\n<div class=\"sc-80531b6b-0 chRIGJ container-text text-embed\">\n<p>Con semejante cantidad de p\u00fablico, hay un l\u00f3gico<strong> derrame econ\u00f3mico<\/strong> para la ciudad, que tuvo m\u00e1s del 85% de las plazas hoteleras ocupadas y moviliz\u00f3 miles de puestos de trabajo. El escenario, por ejemplo, se empez\u00f3 a construir hace 20 d\u00edas. Y a los shows no s\u00f3lo llega la gente que vive cerca sino tambi\u00e9n de otras provincias.<\/p>\n<\/div>\n<div class=\"sc-80531b6b-0 chRIGJ container-text text-embed\">\n<p>Sin dudas <strong>es el evento m\u00e1s grande y esperado de la regi\u00f3n, con entrada gratuita<\/strong> y un flamante sector VIP preferencial por 40 mil pesos. Adem\u00e1s, en el otro extremo del escenario principal se inaugur\u00f3 este a\u00f1o el <strong>Confluencia Energy Arena<\/strong>, dedicado a la m\u00fasica electr\u00f3nica hecha por artistas neuquinos.<\/p>\n<\/div>\n<div class=\"sc-80531b6b-0 chRIGJ container-text text-embed\">\n<p>Y como es habitual en este tipo de mega eventos, hay una enorme variedad de <em>food-trucks<\/em>, un sector de juegos infantiles y una feria artesanal. Cada noche hab\u00eda una rifa donde se sorteaba un auto, que el domingo fue una camioneta Hilux.<\/p>\n<\/div>\n<div class=\"sc-80531b6b-0 chRIGJ container-text text-embed\">\n<p>La Fiesta lo organiza la municipalidad local y este a\u00f1o se sum\u00f3 el gobierno provincial, con producci\u00f3n de F\u00e9nix Entertainment. Como conductor estuvo Juli\u00e1n Weich, junto a la locutora local Patto Martens.<\/p>\n<\/div>\n<p><h2>Un cierre espectacular<\/h2>\n<\/p>\n<div class=\"sc-80531b6b-0 chRIGJ container-text text-embed\">\n<p>El domingo, justo en el filo de la medianoche y el inicio del d\u00eda lunes, subi\u00f3 al escenario <strong>Mar\u00eda Becerra<\/strong>, que hace poco menos de un a\u00f1o llen\u00f3 dos estadios River y luego sali\u00f3 de gira por todo el mundo. De hecho, la noche anterior al Confluencia cant\u00f3 en Costa Rica y tuvo que venir en avi\u00f3n privado.<\/p>\n<\/div>\n<div class=\"sc-80531b6b-0 chRIGJ container-text text-embed\">\n<p>Su show empez\u00f3 exactamente a medianoche y la recepci\u00f3n fue ensordecera. Primero subieron sus m\u00fasicos y bailarines durante una intro instrumental y luego apareci\u00f3 Mar\u00eda y se sum\u00f3 al cuerpo de baile con <em>La Nena de Argentina<\/em>. Pregunt\u00f3 si estaban listos para un &#8220;perreo furioso&#8221; y arranc\u00f3 con ese hit, justamente <em>Perreo furioso<\/em>.<\/p>\n<\/div>\n<div class=\"sc-80531b6b-0 chRIGJ container-text text-embed\">\n<p>&#8220;\u00bfQuieren una noche tranqui o le metemos con todo?&#8221;, pregunt\u00f3 con picad\u00eda y qued\u00f3 en claro que hab\u00eda que encarar la segunda opci\u00f3n. Y as\u00ed fue, una sucesi\u00f3n de hits, baile, una gran voz y un carisma desbordante.<\/p>\n<\/div>\n<div class=\"sc-80531b6b-0 chRIGJ container-text text-embed\">\n<p>Antes que Mar\u00eda Becerra estuvo el grupo uruguayo de cumbia <strong>The La Plata<\/strong>, la cantante <strong>Natalie P\u00e9rez<\/strong> con repertorio de cumbia y pop, y la banda de pop <strong>Un Verano<\/strong>, adem\u00e1s del concurso pre.Confluencia con los locales Euphoria 61 y Set &amp; Cina Full Banda.<\/p>\n<\/div>\n<div class=\"sc-80531b6b-0 chRIGJ container-text text-embed\">\n<p><strong>Un Verano<\/strong>, la banda de productores que integraron la banda de Chano como solista, dio una buena muestra de su potencial, con buen dominio del escenario del cantante Flexo y solos de guitarra de Renzo Luca. Presentaron temas de su primer \u00e1lbum, tuvieron una intro en off con una voz de Inteligencia Artificial, hicieron un buen cover de <em>Costumbres argentinas<\/em> y se despidieron felices &#8220;de este Lollapalooza patag\u00f3nico&#8221;.<\/p>\n<\/div>\n<div class=\"sc-80531b6b-0 chRIGJ container-text text-embed\">\n<p><strong>Natalie P\u00e9rez<\/strong> dio un gran show en ritmo de cumbia, cantando y bailando bien adelante en la pasarela que se met\u00eda entre el campo delantero. Cit\u00f3 un tema de los Decadentes y antes de hacer Llueve dese\u00f3 &#8220;ojal\u00e1 que la madre naturaleza nos ayude y se apaguen los incendios en El Bols\u00f3n&#8221;. Se retir\u00f3 ovacionada.<\/p>\n<\/div>\n<div class=\"sc-80531b6b-0 chRIGJ container-text text-embed\">\n<p><strong>The La Planta<\/strong> tambi\u00e9n present\u00f3 un set de cumbia hecha y derecha, con un presentador, un cantante (Nicol\u00e1s Choca) y una banda numerosa con secci\u00f3n de vientos, que hizo bailar a todo el predio de principio a fin.<\/p>\n<\/div>\n<div class=\"sc-80531b6b-0 chRIGJ container-text text-embed\">\n<p>El jueves pasado fue el Dia 1 de la Fiesta, que arranc\u00f3 con dos artistas del concurso Pre-Confluencia: Marit\u00e9 y Traful Berbel, que cerraron con <em>Neuqu\u00e9n Trab\u00fan Mapu<\/em>, el himno de la provincia.<\/p>\n<\/div>\n<div class=\"sc-80531b6b-0 chRIGJ container-text text-embed\">\n<p>El folklore predomin\u00f3 en la jornada, primero con el ex-Los Huayras <strong>Juan Fuentes<\/strong> y luego con <strong>Soledad<\/strong>, que no s\u00f3lo hizo sus canciones m\u00e1s tradicionales sino tambi\u00e9n material pop y cumbia, adem\u00e1s de los hits <em>A Don Ata <\/em>y <em>El tren del cielo<\/em>.<\/p>\n<\/div>\n<div class=\"sc-198be8ec-0 cynXbu image-embed  image-embed \"><picture class=\"sc-198be8ec-1 kOjRiQ\"><source media=\"(min-width: 975px)\" width=\"720\" height=\"480\" \/><img alt=\"La Sole revole\u00f3 su poncho celeste y blanco en Fiesta Nacional de la Confluencia 2025. Foto de prensa gentileza F\u00e9nix\" loading=\"lazy\" width=\"720\" height=\"480\" decoding=\"async\" data-nimg=\"1\" style=\"color:transparent\" src=\"https:\/\/13.com.ar\/wp-content\/uploads\/2025\/02\/1739186669_283_Maria-Becerra-cerro-el-festival-mas-convocante-del-pais-que.jpg\"\/><span class=\"epigraphe\">La Sole revole\u00f3 su poncho celeste y blanco en Fiesta Nacional de la Confluencia 2025. Foto de prensa gentileza F\u00e9nix<\/span><span class=\"bkg\"\/><span class=\"picture-open\"><button class=\"open-image\" aria-label=\"Open Image\"\/><\/span><\/picture><\/div>\n<div class=\"sc-80531b6b-0 chRIGJ container-text text-embed\">\n<p>El colombiano <strong>Juanes <\/strong>deslumbr\u00f3 con \u00e9xitos como <em>A Dios le pido, Fotograf\u00eda<\/em> y <em>La camisa negra<\/em>, pero tambi\u00e9n rindi\u00f3 homenaje a temas argentinos como <em>Cuando pase el temblor <\/em>de Soda Stereo y <em>Volver <\/em>de Gardel.<\/p>\n<\/div>\n<div class=\"sc-80531b6b-0 chRIGJ container-text text-embed\">\n<p>Casi a medianoche subi\u00f3 el conjunto <strong>Los Palmeras<\/strong>, la banda de cumbia santafesina que convoc\u00f3 a un p\u00fablico de todas las generaciones y no defraud\u00f3 al hacer todos sus temas m\u00e1s populares, desde <em>El bomb\u00f3n asesino<\/em> hasta <em>A mover la cola<\/em> y <em>Soy Sabalero<\/em>. <\/p>\n<\/div>\n<div class=\"sc-198be8ec-0 cynXbu image-embed  image-embed \"><picture class=\"sc-198be8ec-1 kOjRiQ\"><source media=\"(min-width: 975px)\" width=\"720\" height=\"480\" \/><img alt=\"Los Palmeras en Fiesta Nacional de la Confluencia. Foto de prensa gentileza F\u00e9nix \" loading=\"lazy\" width=\"720\" height=\"480\" decoding=\"async\" data-nimg=\"1\" style=\"color:transparent\" src=\"https:\/\/13.com.ar\/wp-content\/uploads\/2025\/02\/1739186669_925_Maria-Becerra-cerro-el-festival-mas-convocante-del-pais-que.jpg\"\/><span class=\"epigraphe\">Los Palmeras en Fiesta Nacional de la Confluencia. Foto de prensa gentileza F\u00e9nix <\/span><span class=\"bkg\"\/><span class=\"picture-open\"><button class=\"open-image\" aria-label=\"Open Image\"\/><\/span><\/picture><\/div>\n<div class=\"sc-80531b6b-0 chRIGJ container-text text-embed\">\n<p>El l\u00edder Marcos Camino agradeci\u00f3 &#8220;infinitamente que nos hayan recibido a pesar de que tenemos a nuestro cantante con una situaci\u00f3n de enfermedad&#8221;, en referencia al reciente ACV de Cacho Deicas.<\/p>\n<\/div>\n<div class=\"sc-80531b6b-0 chRIGJ container-text text-embed\">\n<p>El cierre de la primera fecha, siendo la una de la ma\u00f1ana de un d\u00eda h\u00e1bil, fue con <strong>Ke Personajes<\/strong>, liderado por el carism\u00e1tico Emanuel Noir, que gener\u00f3 otra hora de fiesta absoluta con 200 mil personas cantando y bailando sin parar.<\/p>\n<\/div>\n<div class=\"sc-80531b6b-0 chRIGJ container-text text-embed\">\n<p>El viernes, con temperaturas que superaron los 30 grados y se sent\u00edan como 40, fue con otra grilla atractiva: <strong>Angela Leiva<\/strong> con su cumbia, el ascendente rosarino <strong>Valentino Merlo<\/strong>, y <strong>Turf<\/strong>, que vive una merecida segunda etapa exitosa en su carrera e hizo desde Lamento boliviano hasta <em>Loco un poco<\/em> y <em>Yo no me quiero casar, \u00bfy usted?<\/em>.<\/p>\n<\/div>\n<div class=\"sc-198be8ec-0 cynXbu image-embed  image-embed \"><picture class=\"sc-198be8ec-1 kOjRiQ\"><source media=\"(min-width: 975px)\" width=\"720\" height=\"480\" \/><img alt=\"Joaqu\u00edn Levinton hizo cantar al peque\u00f1o Bruno, del p\u00fablico, en el show de Turf en Fiesta Nacional de la Confluencia. Foto de prensa gentileza F\u00e9nix \" loading=\"lazy\" width=\"720\" height=\"480\" decoding=\"async\" data-nimg=\"1\" style=\"color:transparent\" src=\"https:\/\/13.com.ar\/wp-content\/uploads\/2025\/02\/1739186669_36_Maria-Becerra-cerro-el-festival-mas-convocante-del-pais-que.jpg\"\/><span class=\"epigraphe\">Joaqu\u00edn Levinton hizo cantar al peque\u00f1o Bruno, del p\u00fablico, en el show de Turf en Fiesta Nacional de la Confluencia. Foto de prensa gentileza F\u00e9nix <\/span><span class=\"bkg\"\/><span class=\"picture-open\"><button class=\"open-image\" aria-label=\"Open Image\"\/><\/span><\/picture><\/div>\n<div class=\"sc-80531b6b-0 chRIGJ container-text text-embed\">\n<p>El cierre, esta vez diez minutos antes de la medianoche, fue con <strong>Tiago PZK<\/strong> y los temas de su reciente <em>Gotti A<\/em>. Habl\u00f3 de los incendios en el sur de la Argentina, un tema por el cual ya hab\u00eda organizado una colecta solidaria, habiendo donado \u00e9l mismo 10 millones de pesos.<\/p>\n<\/div>\n<div class=\"sc-198be8ec-0 cynXbu image-embed  image-embed \"><picture class=\"sc-198be8ec-1 kOjRiQ\"><source media=\"(min-width: 975px)\" width=\"720\" height=\"480\" \/><img alt=\"Tiago PZK ante la multitud de la Fiesta Nacional de la Confluencia, el viernes. Foto de prensa gentileza F\u00e9nix \" loading=\"lazy\" width=\"720\" height=\"480\" decoding=\"async\" data-nimg=\"1\" style=\"color:transparent\" src=\"https:\/\/13.com.ar\/wp-content\/uploads\/2025\/02\/1739186669_870_Maria-Becerra-cerro-el-festival-mas-convocante-del-pais-que.jpg\"\/><span class=\"epigraphe\">Tiago PZK ante la multitud de la Fiesta Nacional de la Confluencia, el viernes. Foto de prensa gentileza F\u00e9nix <\/span><span class=\"bkg\"\/><span class=\"picture-open\"><button class=\"open-image\" aria-label=\"Open Image\"\/><\/span><\/picture><\/div>\n<div class=\"sc-80531b6b-0 chRIGJ container-text text-embed\">\n<p>La tercera jornada fue el s\u00e1bado y el rockero tono art\u00edstico hizo trepar las cifras de asistencia de la noche a 400 mil personas. Tocaron <strong><em>Indios, Guasones, Las Pelotas <\/em><\/strong>y <strong>La Vela Puerca<\/strong>, con cierre espectacular a cargo de <strong>Los Aut\u00e9nticos Decadentes<\/strong>.<\/p>\n<\/div>\n<div class=\"sc-198be8ec-0 cynXbu image-embed  image-embed \"><picture class=\"sc-198be8ec-1 kOjRiQ\"><source media=\"(min-width: 975px)\" width=\"720\" height=\"480\" \/><img alt=\"La Vela Puerca en Fiesta Nacional de la Confluencia. Foto de prensa gentileza F\u00e9nix \" loading=\"lazy\" width=\"720\" height=\"480\" decoding=\"async\" data-nimg=\"1\" style=\"color:transparent\" src=\"https:\/\/13.com.ar\/wp-content\/uploads\/2025\/02\/1739186669_25_Maria-Becerra-cerro-el-festival-mas-convocante-del-pais-que.jpg\"\/><span class=\"epigraphe\">La Vela Puerca en Fiesta Nacional de la Confluencia. Foto de prensa gentileza F\u00e9nix <\/span><span class=\"bkg\"\/><span class=\"picture-open\"><button class=\"open-image\" aria-label=\"Open Image\"\/><\/span><\/picture><\/div>\n<div class=\"sc-80531b6b-0 chRIGJ container-text text-embed\">\n<p>La numerosa banda brind\u00f3 su siempre contagiosa fiesta donde no faltaron <em>Tuta tuta, Los piratas, La guitarra <\/em>y la despedida con <em>Y la banda sigue<\/em>.<\/p>\n<\/div>\n<div class=\"sc-198be8ec-0 cynXbu image-embed  image-embed \"><picture class=\"sc-198be8ec-1 kOjRiQ\"><source media=\"(min-width: 975px)\" width=\"720\" height=\"480\" \/><img alt=\"Fiesta Nacional de la Confluencia cerr\u00f3 el s\u00e1bado con Los Aut\u00e9nticos Decadentes. Foto de prensa gentileza F\u00e9nix \" loading=\"lazy\" width=\"720\" height=\"480\" decoding=\"async\" data-nimg=\"1\" style=\"color:transparent\" src=\"https:\/\/13.com.ar\/wp-content\/uploads\/2025\/02\/1739186669_50_Maria-Becerra-cerro-el-festival-mas-convocante-del-pais-que.jpg\"\/><span class=\"epigraphe\">Fiesta Nacional de la Confluencia cerr\u00f3 el s\u00e1bado con Los Aut\u00e9nticos Decadentes. Foto de prensa gentileza F\u00e9nix <\/span><span class=\"bkg\"\/><span class=\"picture-open\"><button class=\"open-image\" aria-label=\"Open Image\"\/><\/span><\/picture><\/div>\n<\/div>\n<p><br \/>\n<br \/><a href=\"https:\/\/www.clarin.com\/espectaculos\/maria-becerra-cerro-festival-convocante-pais-paso-millon-espectadores_0_LMeDHat5LK.html\">Fuente Clarin.com <\/a><\/p>\n","protected":false},"excerpt":{"rendered":"<p>Las cifras son enormes: 200 mil personas el jueves, 250 mil el viernes, 400 mil el s\u00e1bado y 450 mil el domingo, seg\u00fan estim\u00f3 la municipalidad local. En total, 1.300.000 espectadores, m\u00e1s de un mill\u00f3n personas que asistieron a la Fiesta Nacional de la Confluencia 2025, que se presenta como &#8220;El festival mas convocante del [&hellip;]<\/p>\n","protected":false},"author":1,"featured_media":3457,"comment_status":"open","ping_status":"open","sticky":false,"template":"","format":"standard","meta":{"footnotes":""},"categories":[2],"tags":[2808,424,5474,100,5475,1143,2807,155,4185,134,158],"class_list":["post-3456","post","type-post","status-publish","format-standard","has-post-thumbnail","hentry","category-ultimas-noticias","tag-becerra","tag-cerro","tag-convocante","tag-del","tag-espectadores","tag-festival","tag-maria","tag-mas","tag-millon","tag-pais","tag-paso"],"_links":{"self":[{"href":"https:\/\/13.com.ar\/index.php\/wp-json\/wp\/v2\/posts\/3456","targetHints":{"allow":["GET"]}}],"collection":[{"href":"https:\/\/13.com.ar\/index.php\/wp-json\/wp\/v2\/posts"}],"about":[{"href":"https:\/\/13.com.ar\/index.php\/wp-json\/wp\/v2\/types\/post"}],"author":[{"embeddable":true,"href":"https:\/\/13.com.ar\/index.php\/wp-json\/wp\/v2\/users\/1"}],"replies":[{"embeddable":true,"href":"https:\/\/13.com.ar\/index.php\/wp-json\/wp\/v2\/comments?post=3456"}],"version-history":[{"count":0,"href":"https:\/\/13.com.ar\/index.php\/wp-json\/wp\/v2\/posts\/3456\/revisions"}],"wp:featuredmedia":[{"embeddable":true,"href":"https:\/\/13.com.ar\/index.php\/wp-json\/wp\/v2\/media\/3457"}],"wp:attachment":[{"href":"https:\/\/13.com.ar\/index.php\/wp-json\/wp\/v2\/media?parent=3456"}],"wp:term":[{"taxonomy":"category","embeddable":true,"href":"https:\/\/13.com.ar\/index.php\/wp-json\/wp\/v2\/categories?post=3456"},{"taxonomy":"post_tag","embeddable":true,"href":"https:\/\/13.com.ar\/index.php\/wp-json\/wp\/v2\/tags?post=3456"}],"curies":[{"name":"wp","href":"https:\/\/api.w.org\/{rel}","templated":true}]}}