{"id":3454,"date":"2025-02-10T08:21:30","date_gmt":"2025-02-10T11:21:30","guid":{"rendered":"https:\/\/13.com.ar\/index.php\/cuando-cobro-la-jubilacion-de-febrero-si-mi-dni-termina-en-2\/"},"modified":"2025-02-10T08:21:30","modified_gmt":"2025-02-10T11:21:30","slug":"cuando-cobro-la-jubilacion-de-febrero-si-mi-dni-termina-en-2","status":"publish","type":"post","link":"https:\/\/13.com.ar\/index.php\/cuando-cobro-la-jubilacion-de-febrero-si-mi-dni-termina-en-2\/","title":{"rendered":"cu\u00e1ndo cobro la jubilaci\u00f3n de febrero si mi DNI termina en 2"},"content":{"rendered":"<p> <br \/>\n<br \/><img decoding=\"async\" src=\"https:\/\/13.com.ar\/wp-content\/uploads\/2025\/02\/1739186490_41_cuando-cobro-la-jubilacion-de-febrero-si-mi-DNI-termina.jpg\" \/><\/p>\n<div>\n<p>La <strong>Administraci\u00f3n Nacional de la Seguridad Social (ANSeS) <\/strong>confirm\u00f3 el calendario de pagos correspondiente a febrero de 2025, con un nuevo ajuste en los haberes de jubilados, pensionados y beneficiarios de asignaciones sociales. Este aumento responde a la actualizaci\u00f3n del \u00cdndice de Precios al Consumidor (IPC) de diciembre. <strong>\u00bfCu\u00e1ndo cobro si mi DNI termina en 2?<\/strong><\/p>\n<\/div>\n<div>\n<p>Adem\u00e1s, se ratific\u00f3 la continuidad del <strong>bono de hasta $70.000 <\/strong>otorgado como refuerzo desde marzo del a\u00f1o pasado. Aunque el monto no sufrir\u00e1 modificaciones, representa un alivio econ\u00f3mico para quienes perciben los haberes m\u00ednimos.<\/p>\n<\/div>\n<div>\n<p>En cuanto a los montos actualizados, el Bolet\u00edn Oficial estableci\u00f3 que <strong>la jubilaci\u00f3n m\u00ednima ascender\u00e1 a $273.086,49, mientras que el haber m\u00e1ximo se fijar\u00e1 en $1.837.613,60<\/strong>, reflejando un incremento del 2,7%.<\/p>\n<\/div>\n<div>\n<p>Por otra parte, el organismo previsional dirigido por Mariano de los Heros anunci\u00f3 que las Pensiones no Contributivas (PnC), la Asignaci\u00f3n Universal por Hijo (AUH) y el resto de las asignaciones familiares tambi\u00e9n recibir\u00e1n un ajuste del 2,7%. En el caso de la AUH, los beneficiarios cobran mensualmente el 80% del monto total, mientras que el 20% restante se abona a fin de a\u00f1o, siempre y cuando se presente la libreta de escolaridad y vacunaci\u00f3n correspondiente.<\/p>\n<\/div>\n<div>\n<p>Los beneficiarios de ANSeS pueden conocer su fecha y lugar de cobro a trav\u00e9s de su sitio web oficial, www.anses.gob.ar. Los usuarios deben ingresar a la secci\u00f3n \u201cMi ANSeS\u201d utilizando su n\u00famero de CUIL y su Clave de la Seguridad Social. En caso de no tener la clave, es posible generarla en el momento siguiendo las indicaciones proporcionadas en la plataforma.<\/p>\n<\/div>\n<div>\n<p>De acuerdo al \u00faltimo calendario de pagos publicado por el organismo, los jubilados que ganan la m\u00ednima y cuyo DNI culmine con el n\u00famero 2, cobrar\u00e1n los haberes el mi\u00e9rcoles 12 de febrero. En cambio, los jubilados y pensionados que cobren m\u00e1s de la m\u00ednima contar\u00e1n con sus haberes el martes 25 de febrero de 2025. Este es el calendario completo de pagos.<\/p>\n<\/div>\n<p><br \/>\n<br \/><a href=\"https:\/\/www.clarin.com\/informacion-general\/anses-cobro-jubilacion-febrero-dni-termina-2_0_lHE9ay12VN.html\">Fuente Clarin.com <\/a><\/p>\n","protected":false},"excerpt":{"rendered":"<p>La Administraci\u00f3n Nacional de la Seguridad Social (ANSeS) confirm\u00f3 el calendario de pagos correspondiente a febrero de 2025, con un nuevo ajuste en los haberes de jubilados, pensionados y beneficiarios de asignaciones sociales. Este aumento responde a la actualizaci\u00f3n del \u00cdndice de Precios al Consumidor (IPC) de diciembre. \u00bfCu\u00e1ndo cobro si mi DNI termina en [&hellip;]<\/p>\n","protected":false},"author":1,"featured_media":3455,"comment_status":"open","ping_status":"open","sticky":false,"template":"","format":"standard","meta":{"footnotes":""},"categories":[2],"tags":[1554,677,3956,1823,1515,3957],"class_list":["post-3454","post","type-post","status-publish","format-standard","has-post-thumbnail","hentry","category-ultimas-noticias","tag-cobro","tag-cuando","tag-dni","tag-febrero","tag-jubilacion","tag-termina"],"_links":{"self":[{"href":"https:\/\/13.com.ar\/index.php\/wp-json\/wp\/v2\/posts\/3454","targetHints":{"allow":["GET"]}}],"collection":[{"href":"https:\/\/13.com.ar\/index.php\/wp-json\/wp\/v2\/posts"}],"about":[{"href":"https:\/\/13.com.ar\/index.php\/wp-json\/wp\/v2\/types\/post"}],"author":[{"embeddable":true,"href":"https:\/\/13.com.ar\/index.php\/wp-json\/wp\/v2\/users\/1"}],"replies":[{"embeddable":true,"href":"https:\/\/13.com.ar\/index.php\/wp-json\/wp\/v2\/comments?post=3454"}],"version-history":[{"count":0,"href":"https:\/\/13.com.ar\/index.php\/wp-json\/wp\/v2\/posts\/3454\/revisions"}],"wp:featuredmedia":[{"embeddable":true,"href":"https:\/\/13.com.ar\/index.php\/wp-json\/wp\/v2\/media\/3455"}],"wp:attachment":[{"href":"https:\/\/13.com.ar\/index.php\/wp-json\/wp\/v2\/media?parent=3454"}],"wp:term":[{"taxonomy":"category","embeddable":true,"href":"https:\/\/13.com.ar\/index.php\/wp-json\/wp\/v2\/categories?post=3454"},{"taxonomy":"post_tag","embeddable":true,"href":"https:\/\/13.com.ar\/index.php\/wp-json\/wp\/v2\/tags?post=3454"}],"curies":[{"name":"wp","href":"https:\/\/api.w.org\/{rel}","templated":true}]}}