{"id":3442,"date":"2025-02-10T06:47:03","date_gmt":"2025-02-10T09:47:03","guid":{"rendered":"https:\/\/13.com.ar\/index.php\/que-son-y-para-que-se-usan-los-puntos-fijos-o-las-placas-de-metal-con-inscripciones-que-estan-por-toda-la-ciudad\/"},"modified":"2025-02-10T06:47:03","modified_gmt":"2025-02-10T09:47:03","slug":"que-son-y-para-que-se-usan-los-puntos-fijos-o-las-placas-de-metal-con-inscripciones-que-estan-por-toda-la-ciudad","status":"publish","type":"post","link":"https:\/\/13.com.ar\/index.php\/que-son-y-para-que-se-usan-los-puntos-fijos-o-las-placas-de-metal-con-inscripciones-que-estan-por-toda-la-ciudad\/","title":{"rendered":"Qu\u00e9 son y para qu\u00e9 se usan los &#8220;puntos fijos&#8221;, o las placas de metal con inscripciones que est\u00e1n por toda la Ciudad"},"content":{"rendered":"<p> <br \/>\n<\/p>\n<div id=\"cuerpo\">\n<div class=\"sc-80531b6b-0 chRIGJ container-text text-embed\">\n<p>Est\u00e1n en muchas esquinas de la Ciudad pero para la inmensa mayor\u00eda pasan desapercibidas. O por el contrario, hay quienes las tienen vistas pero desconocen su funci\u00f3n. Son <strong>placas de metal, incrustadas en las fachadas de casas y edificios, con diferentes dise\u00f1os e inscripciones<\/strong>. Algunas de ellas, muy pintorescas. Tienen en com\u00fan dos palabras, que se pueden leer en la inmensa mayor\u00eda: <strong>&#8220;punto fijo<\/strong>&#8220;. <strong>\u00bfQu\u00e9 son? \u00bfPara que se usan? \u00bfCu\u00e1ntas hay?<\/strong> \u00bfPor qu\u00e9 est\u00e1n en algunas esquinas y no en otras?<\/p>\n<\/div>\n<div class=\"sc-80531b6b-0 chRIGJ container-text text-embed\">\n<p>En general se las ubica cerca de las ochavas y tienen un n\u00famero que las identifica. Est\u00e1n <strong>protegidas por una ley<\/strong> y en caso de que se tenga que hacer una obra, remodelaci\u00f3n o demolici\u00f3n, se debe informar a la Ciudad para que recoloque la placa.<\/p>\n<\/div>\n<div class=\"sc-80531b6b-0 chRIGJ container-text text-embed\">\n<p>Adem\u00e1s de m\u00e9nsula, reciben otros nombres coloquiales; en redes sociales se pueden leer definiciones tales como<strong> &#8220;estante chiquito&#8221; o &#8220;sillita&#8221;<\/strong>. Incluso hay quienes piensan que en alg\u00fan momento sirvieron como un pelda\u00f1o o escal\u00f3n para ir hacia alg\u00fan lado, o como marca de alguna inundaci\u00f3n pasada.<\/p>\n<\/div>\n<div class=\"sc-198be8ec-0 cynXbu image-embed  image-embed \"><picture class=\"sc-198be8ec-1 kOjRiQ\"><source media=\"(min-width: 975px)\" width=\"720\" height=\"480\" \/><img alt=\"El punto fijo 3391, del Palacio San Mart\u00edn. Foto Guillermo Rodriguez Adami\" loading=\"lazy\" width=\"720\" height=\"480\" decoding=\"async\" data-nimg=\"1\" style=\"color:transparent\" src=\"https:\/\/13.com.ar\/wp-content\/uploads\/2025\/02\/Que-son-y-para-que-se-usan-los-puntos-fijos.jpg\"\/><span class=\"epigraphe\">El punto fijo 3391, del Palacio San Mart\u00edn. Foto Guillermo Rodriguez Adami<\/span><span class=\"bkg\"\/><span class=\"picture-open\"><button class=\"open-image\" aria-label=\"Open Image\"\/><\/span><\/picture><\/div>\n<div class=\"sc-198be8ec-0 cynXbu image-embed  image-embed \"><picture class=\"sc-198be8ec-1 kOjRiQ\"><source media=\"(min-width: 975px)\" width=\"720\" height=\"480\" \/><img alt=\"La fachada del Palacio San Mart\u00edn, en Arenales y Basavilbaso, en Retiro. La esquina del punto fijo 3391.&#10;Foto Guillermo Rodriguez Adami\" loading=\"lazy\" width=\"720\" height=\"480\" decoding=\"async\" data-nimg=\"1\" style=\"color:transparent\" src=\"https:\/\/13.com.ar\/wp-content\/uploads\/2025\/02\/1739180823_578_Que-son-y-para-que-se-usan-los-puntos-fijos.jpg\"\/><span class=\"epigraphe\">La fachada del Palacio San Mart\u00edn, en Arenales y Basavilbaso, en Retiro. La esquina del punto fijo 3391.<br \/>\nFoto Guillermo Rodriguez Adami<\/span><span class=\"bkg\"\/><span class=\"picture-open\"><button class=\"open-image\" aria-label=\"Open Image\"\/><\/span><\/picture><\/div>\n<div class=\"sc-80531b6b-0 chRIGJ container-text text-embed\">\n<p>Se estima que <strong>lleg\u00f3 a haber 2.400 puntos fijos.<\/strong> La explicaci\u00f3n t\u00e9cnica es la siguiente: es una m\u00e9nsula de nivelaci\u00f3n que indica<strong> un punto fijo topogr\u00e1fico del sistema altim\u00e9trico catastral.<\/strong><\/p>\n<\/div>\n<div class=\"sc-80531b6b-0 chRIGJ container-text text-embed\">\n<p>La traducci\u00f3n la hace la agrimensora Sandra Ponzo, gerente Operativa de Catastro F\u00edsico (DGROC, Secretar\u00eda de Desarrollo Urbano):<strong> &#8220;Indican a que altura se encuentra ese lugar respecto del nivel del mar<\/strong>. Son una referencia indispensable para determinar la nivelaci\u00f3n que debe tener, por ejemplo, una ca\u00f1er\u00eda, para que el agua drene correctamente. Buenos Aires es <strong>muy plana,<\/strong> por eso estas placas son muy importantes para determinar algo tan vital para las ciudades <strong>como el escurrimiento de las aguas&#8221;.<\/strong><\/p>\n<\/div>\n<div class=\"sc-80531b6b-0 chRIGJ container-text text-embed\">\n<p>Al ser tan plana, Ponzo advierte que &#8220;el punto fijo necesita estar&#8221;. No solamente lo usa la Ciudad para obras de infraestructura, de veredas, de calles o espacios verdes; sino tambi\u00e9n los privados, por ejemplo<strong> cuando proyectan edificios.<\/strong> De todas maneras, hay zonas de importantes pendientes, como la zona de las Barrancas de Belgrano o Plaza San Mart\u00edn en Retiro; &#8220;puede haber hasta tres cotas diferentes, en una misma manzana&#8221;, indica Ponzo.<\/p>\n<\/div>\n<div class=\"sc-198be8ec-0 cynXbu image-embed  image-embed \"><picture class=\"sc-198be8ec-1 kOjRiQ\"><source media=\"(min-width: 975px)\" width=\"720\" height=\"480\" \/><img alt=\"En Per\u00fa y Belgrano, el punto fijo 1932. Foto Guillermo Rodriguez Adami\" loading=\"lazy\" width=\"720\" height=\"480\" decoding=\"async\" data-nimg=\"1\" style=\"color:transparent\" src=\"https:\/\/13.com.ar\/wp-content\/uploads\/2025\/02\/1739180823_365_Que-son-y-para-que-se-usan-los-puntos-fijos.jpg\"\/><span class=\"epigraphe\">En Per\u00fa y Belgrano, el punto fijo 1932. Foto Guillermo Rodriguez Adami<\/span><span class=\"bkg\"\/><span class=\"picture-open\"><button class=\"open-image\" aria-label=\"Open Image\"\/><\/span><\/picture><\/div>\n<div class=\"sc-198be8ec-0 cynXbu image-embed  image-embed \"><picture class=\"sc-198be8ec-1 kOjRiQ\"><source media=\"(min-width: 975px)\" width=\"720\" height=\"480\" \/><img alt=\"En el basamento de granito del Otto Wulff. Foto Guillermo Rodriguez Adami\" loading=\"lazy\" width=\"720\" height=\"480\" decoding=\"async\" data-nimg=\"1\" style=\"color:transparent\" src=\"https:\/\/13.com.ar\/wp-content\/uploads\/2025\/02\/1739180823_35_Que-son-y-para-que-se-usan-los-puntos-fijos.jpg\"\/><span class=\"epigraphe\">En el basamento de granito del Otto Wulff. Foto Guillermo Rodriguez Adami<\/span><span class=\"bkg\"\/><span class=\"picture-open\"><button class=\"open-image\" aria-label=\"Open Image\"\/><\/span><\/picture><\/div>\n<div class=\"sc-80531b6b-0 chRIGJ container-text text-embed\">\n<p><strong>Actualmente existen unos 2.000<\/strong>. &#8220;Los vecinos m\u00e1s cuidadosos, o los que est\u00e1n enterados de la funci\u00f3n del punto fijo, los guardan cuando tienen que hacer una obra en la fachada. Algunos los recolocan, otros nos avisan. Es un tr\u00e1mite sencillo y gratuito. Nosotros vamos, tomamos las mediciones y las colocamos con exactitud&#8221;, explic\u00f3 Ponzo. <strong>En Catastro son mayormente agrimensores y top\u00f3grafos los profesionales que se encargan de estas tareas<\/strong>.<\/p>\n<\/div>\n<div class=\"sc-80531b6b-0 chRIGJ container-text text-embed\">\n<p>Los diferentes niveles (cotas) de la Ciudad est\u00e1n geolocalizados, pero si la tecnolog\u00eda fallara en alg\u00fan momento, por cualquier motivo, est\u00e1n las chapitas. Cuenta Ponzo que se colocaban cada dos cuadras y que en barrios como Parque Avellaneda, esta norma a\u00fan se cumple porque si se presta atenci\u00f3n se pueden encontrar much\u00edsimas. <\/p>\n<\/div>\n<div class=\"sc-198be8ec-0 cynXbu image-embed  image-embed \"><picture class=\"sc-198be8ec-1 kOjRiQ\"><source media=\"(min-width: 975px)\" width=\"720\" height=\"480\" \/><img alt=\"El punto fijo del Palacio de Justicia. Foto Guillermo Rodriguez Adami\" loading=\"lazy\" width=\"720\" height=\"480\" decoding=\"async\" data-nimg=\"1\" style=\"color:transparent\" src=\"https:\/\/13.com.ar\/wp-content\/uploads\/2025\/02\/1739180823_202_Que-son-y-para-que-se-usan-los-puntos-fijos.jpg\"\/><span class=\"epigraphe\">El punto fijo del Palacio de Justicia. Foto Guillermo Rodriguez Adami<\/span><span class=\"bkg\"\/><span class=\"picture-open\"><button class=\"open-image\" aria-label=\"Open Image\"\/><\/span><\/picture><\/div>\n<div class=\"sc-198be8ec-0 cynXbu image-embed  image-embed \"><picture class=\"sc-198be8ec-1 kOjRiQ\"><source media=\"(min-width: 975px)\" width=\"720\" height=\"480\" \/><img alt=\"Tucum\u00e1n y Talcahuano, hoy el punto fijo cobijado debajo de un andamio, en el Palacio de Justicia. &#10;Foto Guillermo Rodriguez Adami\" loading=\"lazy\" width=\"720\" height=\"480\" decoding=\"async\" data-nimg=\"1\" style=\"color:transparent\" src=\"https:\/\/13.com.ar\/wp-content\/uploads\/2025\/02\/1739180823_245_Que-son-y-para-que-se-usan-los-puntos-fijos.jpg\"\/><span class=\"epigraphe\">Tucum\u00e1n y Talcahuano, hoy el punto fijo cobijado debajo de un andamio, en el Palacio de Justicia.<br \/>\nFoto Guillermo Rodriguez Adami<\/span><span class=\"bkg\"\/><span class=\"picture-open\"><button class=\"open-image\" aria-label=\"Open Image\"\/><\/span><\/picture><\/div>\n<div class=\"sc-80531b6b-0 chRIGJ container-text text-embed\">\n<p>\u00bfComo funciona en otras ciudades del mundo? En Europa, por ejemplo, se usan puntos fijos cil\u00edndricos, de aluminio, muy f\u00e1ciles de mantener, que tienen colocados <strong>chips o c\u00f3digo de barras para acceder a la informaci\u00f3n de manera m\u00e1s intuitiva<\/strong>.<\/p>\n<\/div>\n<div class=\"sc-80531b6b-0 chRIGJ container-text text-embed\">\n<p>Fabio Marquez es paisajista y un reconocido divulgador del patrimonio porte\u00f1o y del paisaje urbano. Tanto en redes sociales (@paisajeante) como en las salidas guiadas que organiza los fines de semana abord\u00f3 el tema de los puntos fijos: &#8220;Pasaron a ser un cl\u00e1sico de las visitas que hacemos por los barrios. A medida que vamos caminando, contando las historias, reconociendo los lugares,<strong> vamos identificando los puntos fijos&#8221;,<\/strong> cuenta.<\/p>\n<\/div>\n<div class=\"sc-80531b6b-0 chRIGJ container-text text-embed\">\n<p>&#8220;Si bien es verdad que muchas personas no saben que son y quiz\u00e1 nunca antes vieron uno, creo que se los empieza a identificar una vez que tenemos la noci\u00f3n de qu\u00e9 son y para qu\u00e9 sirven.<strong> En los recorridos hemos visto algunos en el piso, porque eran zonas en donde hace cien a\u00f1os no hab\u00eda construcciones. Y tambi\u00e9n hay triangulares<\/strong>&#8220;, cuenta.<\/p>\n<\/div>\n<div class=\"sc-198be8ec-0 cynXbu image-embed  image-embed \"><picture class=\"sc-198be8ec-1 kOjRiQ\"><source media=\"(min-width: 975px)\" width=\"720\" height=\"480\" \/><img alt=\"Frente a la puerta principal de la Catedral, en el peristilo, est\u00e1 la cota cero. Foto Guillermo Rodriguez Adami\" loading=\"lazy\" width=\"720\" height=\"480\" decoding=\"async\" data-nimg=\"1\" style=\"color:transparent\" src=\"https:\/\/13.com.ar\/wp-content\/uploads\/2025\/02\/1739180823_971_Que-son-y-para-que-se-usan-los-puntos-fijos.jpg\"\/><span class=\"epigraphe\">Frente a la puerta principal de la Catedral, en el peristilo, est\u00e1 la cota cero. Foto Guillermo Rodriguez Adami<\/span><span class=\"bkg\"\/><span class=\"picture-open\"><button class=\"open-image\" aria-label=\"Open Image\"\/><\/span><\/picture><\/div>\n<div class=\"sc-80531b6b-0 chRIGJ container-text text-embed\">\n<p>Como el monolito del kil\u00f3metro cero, ubicado en Plaza Mariano Moreno (frente al Palacio del Congreso), <strong>la cota &#8220;cero&#8221; est\u00e1 ubicada en la Catedral Metropolitana<\/strong>: 30,479 metros por debajo de una estrella central del peristilo, frente a la puerta principal; sin cartel indicador, ni leyenda que la identifique.<\/p>\n<\/div>\n<div class=\"sc-198be8ec-0 cynXbu image-embed  image-embed \"><picture class=\"sc-198be8ec-1 kOjRiQ\"><source media=\"(min-width: 975px)\" width=\"720\" height=\"480\" \/><img alt=\"Un punto fijo identificado con las siglas de Obras Sanitarias de la Naci\u00f3n. Foto @paisajeante\" loading=\"lazy\" width=\"720\" height=\"480\" decoding=\"async\" data-nimg=\"1\" style=\"color:transparent\" src=\"https:\/\/13.com.ar\/wp-content\/uploads\/2025\/02\/1739180823_263_Que-son-y-para-que-se-usan-los-puntos-fijos.jpg\"\/><span class=\"epigraphe\">Un punto fijo identificado con las siglas de Obras Sanitarias de la Naci\u00f3n. Foto @paisajeante<\/span><span class=\"bkg\"\/><span class=\"picture-open\"><button class=\"open-image\" aria-label=\"Open Image\"\/><\/span><\/picture><\/div>\n<div class=\"sc-198be8ec-0 cynXbu image-embed  image-embed \"><picture class=\"sc-198be8ec-1 kOjRiQ\"><source media=\"(min-width: 975px)\" width=\"720\" height=\"480\" \/><img alt=\"En Villa Devoto, punto fijo n\u00famero 2021, a nivel del suelo. Foto @puntofijoba\" loading=\"lazy\" width=\"720\" height=\"480\" decoding=\"async\" data-nimg=\"1\" style=\"color:transparent\" src=\"https:\/\/13.com.ar\/wp-content\/uploads\/2025\/02\/1739180823_529_Que-son-y-para-que-se-usan-los-puntos-fijos.jpg\"\/><span class=\"epigraphe\">En Villa Devoto, punto fijo n\u00famero 2021, a nivel del suelo. Foto @puntofijoba<\/span><span class=\"bkg\"\/><span class=\"picture-open\"><button class=\"open-image\" aria-label=\"Open Image\"\/><\/span><\/picture><\/div>\n<\/div>\n<p><br \/>\n<br \/><a href=\"https:\/\/www.clarin.com\/ciudades\/usan-puntos-fijos-placas-metal-inscripciones-toda-ciudad_0_mZnzPO7KJO.html\">Fuente Clarin.com <\/a><\/p>\n","protected":false},"excerpt":{"rendered":"<p>Est\u00e1n en muchas esquinas de la Ciudad pero para la inmensa mayor\u00eda pasan desapercibidas. O por el contrario, hay quienes las tienen vistas pero desconocen su funci\u00f3n. Son placas de metal, incrustadas en las fachadas de casas y edificios, con diferentes dise\u00f1os e inscripciones. Algunas de ellas, muy pintorescas. Tienen en com\u00fan dos palabras, que [&hellip;]<\/p>\n","protected":false},"author":1,"featured_media":3443,"comment_status":"open","ping_status":"open","sticky":false,"template":"","format":"standard","meta":{"footnotes":""},"categories":[2],"tags":[984,18,2376,5462,5465,48,28,5464,16,5463,142,4062,286,406,3773,1719],"class_list":["post-3442","post","type-post","status-publish","format-standard","has-post-thumbnail","hentry","category-ultimas-noticias","tag-ciudad","tag-con","tag-estan","tag-fijos","tag-inscripciones","tag-las","tag-los","tag-metal","tag-para","tag-placas","tag-por","tag-puntos","tag-que","tag-son","tag-toda","tag-usan"],"_links":{"self":[{"href":"https:\/\/13.com.ar\/index.php\/wp-json\/wp\/v2\/posts\/3442","targetHints":{"allow":["GET"]}}],"collection":[{"href":"https:\/\/13.com.ar\/index.php\/wp-json\/wp\/v2\/posts"}],"about":[{"href":"https:\/\/13.com.ar\/index.php\/wp-json\/wp\/v2\/types\/post"}],"author":[{"embeddable":true,"href":"https:\/\/13.com.ar\/index.php\/wp-json\/wp\/v2\/users\/1"}],"replies":[{"embeddable":true,"href":"https:\/\/13.com.ar\/index.php\/wp-json\/wp\/v2\/comments?post=3442"}],"version-history":[{"count":0,"href":"https:\/\/13.com.ar\/index.php\/wp-json\/wp\/v2\/posts\/3442\/revisions"}],"wp:featuredmedia":[{"embeddable":true,"href":"https:\/\/13.com.ar\/index.php\/wp-json\/wp\/v2\/media\/3443"}],"wp:attachment":[{"href":"https:\/\/13.com.ar\/index.php\/wp-json\/wp\/v2\/media?parent=3442"}],"wp:term":[{"taxonomy":"category","embeddable":true,"href":"https:\/\/13.com.ar\/index.php\/wp-json\/wp\/v2\/categories?post=3442"},{"taxonomy":"post_tag","embeddable":true,"href":"https:\/\/13.com.ar\/index.php\/wp-json\/wp\/v2\/tags?post=3442"}],"curies":[{"name":"wp","href":"https:\/\/api.w.org\/{rel}","templated":true}]}}