{"id":3440,"date":"2025-02-10T06:44:06","date_gmt":"2025-02-10T09:44:06","guid":{"rendered":"https:\/\/13.com.ar\/index.php\/el-delta-y-por-que-todo-rio-se-vuelve-literario\/"},"modified":"2025-02-10T06:44:06","modified_gmt":"2025-02-10T09:44:06","slug":"el-delta-y-por-que-todo-rio-se-vuelve-literario","status":"publish","type":"post","link":"https:\/\/13.com.ar\/index.php\/el-delta-y-por-que-todo-rio-se-vuelve-literario\/","title":{"rendered":"El Delta y por qu\u00e9 todo r\u00edo se vuelve literario"},"content":{"rendered":"<p> <br \/>\n<br \/><img decoding=\"async\" src=\"https:\/\/13.com.ar\/wp-content\/uploads\/2025\/02\/El-Delta-y-por-que-todo-rio-se-vuelve-literario.jpg\" \/><\/p>\n<div>\n<p>El r\u00edo tiene dos corazones, uno exterior que todos vemos, y uno secreto que <strong>va m\u00e1s all\u00e1 del leve rumor de la corriente<\/strong>. Ese coraz\u00f3n es el palpitar de las personas que habitan en sus m\u00e1rgenes.<\/p>\n<\/div>\n<div>\n<p>Yo he ido a las islas del Delta y all\u00ed he le\u00eddo mis poemas y hablado de mis novelas. Me han tratado tan bien, que por un momento<strong> el r\u00edo ha emulado con el mar Caribe <\/strong>donde transcurri\u00f3 mi infancia. No le he le\u00eddo al viento, a los peces o a los tigres. Le\u00ed en las escuelas donde se forja la nueva generaci\u00f3n de isle\u00f1os, muy cerca de los lugares donde nacieron, donde juegan y se ba\u00f1an, especies de Her\u00e1clito que unen lo que transcurre infatigable con lo que silencioso permanece, porque si nadie se ba\u00f1a dos veces en el mismo r\u00edo, las gargantas que cantaron sus verdades, sus bellezas y sus derrotas siguen inmutables cant\u00e1ndole a esa cicatriz de agua rumorosa.<\/p>\n<\/div>\n<div>\n<p>Todo r\u00edo tiende a volverse literario, a conducirnos con calma hacia el fin, y narradores, poetas (ya sea populares o estudiosos) han cantado al R\u00edo de la Plata. Me vienen a la mente los poemas de Diana Bellesi, Marisa Negri y el gran Juan L Ortiz y de narradores como Haroldo Conti o In\u00e9s Garland, pero sobre todo pienso en ese poeta an\u00f3nimo, en ese narrador que el gran p\u00fablico no conoce pero cuyas palabras cual ligera brisa fluyen <strong>de boca en boca por todo el Delta. <\/strong>Hablo del hacedor popular, esas personas, abuelos y abuelas que <strong>han llenado al r\u00edo de mitos, poemas y leyendas <\/strong>que hablan de inundaciones, de soledad, de apariciones fant\u00e1sticas e impredecibles y sobre todo del agua, porque el agua de donde nacemos y a donde volveremos es siempre la gran protagonista.<\/p>\n<\/div>\n<div>\n<p>Cuando uno va a las escuelas del Delta <strong>m\u00e1s que a leer va a escuchar,<\/strong> tanto tienen para contar profesores y alumnos e incluso la naturaleza misma, peces, caballos, p\u00e1jaros, hasta un b\u00faho que todos los d\u00edas se asoma a las aulas como si \u00e9l mismo deseara aprender o ense\u00f1ar, como los perros que siempre que desembarcas se acercan alegres y curiosos, perros con nombres hermosos, llenos de comicidad popular: \u201cRelincho\u201d se llamaba uno cuyo due\u00f1o era un estudiante de secundario y aprendiz de marinero que lograba fotos tan hermosas del r\u00edo y de los seres que lo pueblan que sin dudas estaba tocado por aquello que Lorca llamaba \u201cel duende del arte\u201d. Ese joven tiene una capacidad art\u00edstica casi dolorosa.<\/p>\n<\/div>\n<div>\n<p>Una vez fui a un jard\u00edn de infantes en una de las islas, invitado por la directora, y vi indicadores que med\u00edan la <strong>distancia que hay entre la isla y Par\u00eds,<\/strong> tambi\u00e9n esa pared estaba llena de libros y de historias creadas por ellos mismos y de sus dibujos que no eran la consabida casita con ventanas que parecen ojos, sino re interpretaciones de La Mona Lisa. Entonces, mirando esa pared, descubr\u00ed c\u00f3mo esa se\u00f1o les entregaba el mundo a los ni\u00f1os isle\u00f1os que de pronto ya no estaban en las m\u00e1rgenes, sino que el mundo era de ellos tambi\u00e9n.<\/p>\n<\/div>\n<p><br \/>\n<br \/><a href=\"https:\/\/www.clarin.com\/opinion\/delta-rio-vuelve-literario_0_9bk6nykqzi.html\">Fuente Clarin.com <\/a><\/p>\n","protected":false},"excerpt":{"rendered":"<p>El r\u00edo tiene dos corazones, uno exterior que todos vemos, y uno secreto que va m\u00e1s all\u00e1 del leve rumor de la corriente. Ese coraz\u00f3n es el palpitar de las personas que habitan en sus m\u00e1rgenes. Yo he ido a las islas del Delta y all\u00ed he le\u00eddo mis poemas y hablado de mis novelas. [&hellip;]<\/p>\n","protected":false},"author":1,"featured_media":3441,"comment_status":"open","ping_status":"open","sticky":false,"template":"","format":"standard","meta":{"footnotes":""},"categories":[2],"tags":[3620,5461,142,286,2344,24,46],"class_list":["post-3440","post","type-post","status-publish","format-standard","has-post-thumbnail","hentry","category-ultimas-noticias","tag-delta","tag-literario","tag-por","tag-que","tag-rio","tag-todo","tag-vuelve"],"_links":{"self":[{"href":"https:\/\/13.com.ar\/index.php\/wp-json\/wp\/v2\/posts\/3440","targetHints":{"allow":["GET"]}}],"collection":[{"href":"https:\/\/13.com.ar\/index.php\/wp-json\/wp\/v2\/posts"}],"about":[{"href":"https:\/\/13.com.ar\/index.php\/wp-json\/wp\/v2\/types\/post"}],"author":[{"embeddable":true,"href":"https:\/\/13.com.ar\/index.php\/wp-json\/wp\/v2\/users\/1"}],"replies":[{"embeddable":true,"href":"https:\/\/13.com.ar\/index.php\/wp-json\/wp\/v2\/comments?post=3440"}],"version-history":[{"count":0,"href":"https:\/\/13.com.ar\/index.php\/wp-json\/wp\/v2\/posts\/3440\/revisions"}],"wp:featuredmedia":[{"embeddable":true,"href":"https:\/\/13.com.ar\/index.php\/wp-json\/wp\/v2\/media\/3441"}],"wp:attachment":[{"href":"https:\/\/13.com.ar\/index.php\/wp-json\/wp\/v2\/media?parent=3440"}],"wp:term":[{"taxonomy":"category","embeddable":true,"href":"https:\/\/13.com.ar\/index.php\/wp-json\/wp\/v2\/categories?post=3440"},{"taxonomy":"post_tag","embeddable":true,"href":"https:\/\/13.com.ar\/index.php\/wp-json\/wp\/v2\/tags?post=3440"}],"curies":[{"name":"wp","href":"https:\/\/api.w.org\/{rel}","templated":true}]}}