{"id":3426,"date":"2025-02-10T05:12:21","date_gmt":"2025-02-10T08:12:21","guid":{"rendered":"https:\/\/13.com.ar\/index.php\/luisa-gonzalez-la-aliada-de-correa-que-busca-su-revancha-ante-noboa\/"},"modified":"2025-02-10T05:12:21","modified_gmt":"2025-02-10T08:12:21","slug":"luisa-gonzalez-la-aliada-de-correa-que-busca-su-revancha-ante-noboa","status":"publish","type":"post","link":"https:\/\/13.com.ar\/index.php\/luisa-gonzalez-la-aliada-de-correa-que-busca-su-revancha-ante-noboa\/","title":{"rendered":"Luisa Gonz\u00e1lez, la aliada de Correa que busca su revancha ante Noboa"},"content":{"rendered":"<p> <br \/>\n<\/p>\n<div id=\"cuerpo\">\n<div class=\"sc-80531b6b-0 chRIGJ container-text text-embed\">\n<p>Luisa Gonz\u00e1lez, la alfil del expresidente de Ecuador Rafael Correa (2007-2017), <strong>vuelve a personificar la esperanza del corre\u00edsmo de retornar a gobernar el pa\u00eds<\/strong> tras ocho a\u00f1os alejados del poder y de ser la primera mujer ecuatoriana en ganar unas elecciones presidenciales. <\/p>\n<\/div>\n<div class=\"sc-80531b6b-0 chRIGJ container-text text-embed\">\n<p>Gonz\u00e1lez (Quito, 1977), una abogada con ra\u00edces campesinas en la costa ecuatoriana, se qued\u00f3 a las puertas de conseguirlo en 2023, <strong>cuando se vio superada en la segunda vuelta de los comicios extraordinarios por el actual presidente<\/strong>, Daniel Noboa, quien ahora busca su reelecci\u00f3n y vuelve a perfilarse como el mayor rival del corre\u00edsmo.<\/p>\n<\/div>\n<div class=\"sc-80531b6b-0 chRIGJ container-text text-embed\">\n<p><strong>Esta madre soltera de 47 a\u00f1os y con dos hijos<\/strong>, mujer de la absoluta confianza de Correa, acept\u00f3 el reto de buscar su particular revancha y volver ser la candidata de la Revoluci\u00f3n Ciudadana que lidera el expresidente, quien est\u00e1 inhabilitado para ser candidato por la condena de ocho a\u00f1os de c\u00e1rcel por cohecho que recibi\u00f3 en 2020 y \u00e9l considera &#8220;lawfare&#8221;.<\/p>\n<\/div>\n<div class=\"sc-80531b6b-0 chRIGJ container-text text-embed\">\n<p>Si bien naci\u00f3 de forma circunstancial en Quito cuando sus padres visitaban la capital, Gonz\u00e1lez se define como una &#8220;manaba aut\u00e9ntica&#8221;, <strong>oriunda de la costera provincia de Manab\u00ed<\/strong>, donde creci\u00f3 en Canuto, una pr\u00f3diga tierra agr\u00edcola donde tambi\u00e9n se forjan los &#8220;montubios&#8221; los recios campesinos de la costa.<\/p>\n<\/div>\n<div class=\"sc-80531b6b-0 chRIGJ container-text text-embed\">\n<p>Trabaj\u00f3 en el campo con su abuelo, quien le ense\u00f1\u00f3 a templar su car\u00e1cter, a montar a caballo, manejar el machete y realizar las duras tareas que se encomienda al montubio. Surgida de ese entorno rural y desafiante, Gonz\u00e1lez revindica con orgullo ser una mujer que ha logrado sola hacerse a s\u00ed misma y sacar adelante a sus hijos.<\/p>\n<\/div>\n<p><h2>Religiosa<\/h2>\n<\/p>\n<div class=\"sc-80531b6b-0 chRIGJ container-text text-embed\">\n<p><strong>Con una fuerte convicci\u00f3n cat\u00f3lica, <\/strong>del cuello de Gonz\u00e1lez cuelga un crucifijo y en su piel lleva tatuadas desde cuando era una veintea\u00f1era sendas rosas que simbolizan su compromiso con el Se\u00f1or, una con un tallo formado por las palabras de un fragmento de la Biblia.<\/p>\n<\/div>\n<div class=\"sc-80531b6b-0 chRIGJ container-text text-embed\">\n<p>Sus posiciones <strong>contrarias a la despenalizaci\u00f3n total del aborto<\/strong> tambi\u00e9n le han costado cr\u00edticas de colectivos de izquierda en su etapa como asamble\u00edsta.<\/p>\n<\/div>\n<div class=\"sc-80531b6b-0 chRIGJ container-text text-embed\">\n<p>Gonz\u00e1lez estudi\u00f3 en la Universidad Internacional del Ecuador, donde recibi\u00f3 el t\u00edtulo de abogada, pero adem\u00e1s tiene una maestr\u00eda en Econom\u00eda y Desarrollo en la Universidad Complutense de Madrid.<\/p>\n<\/div>\n<div class=\"sc-198be8ec-0 cynXbu image-embed  image-embed \"><picture class=\"sc-198be8ec-1 kOjRiQ\"><source media=\"(min-width: 975px)\" width=\"720\" height=\"480\" \/><img alt=\"Luisa Gonz\u00e1lez del partido Revoluci\u00f3n Ciudadana, el partido pol\u00edtico del expresidente de Ecuador Rafael Correa, habla durante su mitin de campa\u00f1a antes de las elecciones generales del 9 de febrero, en Santa Elena. Foto Reuters\" loading=\"lazy\" width=\"720\" height=\"480\" decoding=\"async\" data-nimg=\"1\" style=\"color:transparent\" src=\"https:\/\/13.com.ar\/wp-content\/uploads\/2025\/02\/1738872238_281_Ecuador-vota-por-su-tercer-presidente-en-cuatro-anos-con.jpg\"\/><span class=\"epigraphe\">Luisa Gonz\u00e1lez del partido Revoluci\u00f3n Ciudadana, el partido pol\u00edtico del expresidente de Ecuador Rafael Correa, habla durante su mitin de campa\u00f1a antes de las elecciones generales del 9 de febrero, en Santa Elena. Foto Reuters<\/span><span class=\"bkg\"\/><span class=\"picture-open\"><button class=\"open-image\" aria-label=\"Open Image\"\/><\/span><\/picture><\/div>\n<div class=\"sc-80531b6b-0 chRIGJ container-text text-embed\">\n<p>Es amante de la cocina manabita, una de las m\u00e1s preciadas de Ecuador, <strong>as\u00ed como del deporte y los animales, al punto que en casa tiene dos perros.<\/strong><\/p>\n<\/div>\n<p><h2>Fiel a Correa<\/h2>\n<\/p>\n<div class=\"sc-80531b6b-0 chRIGJ container-text text-embed\">\n<p>Se vincul\u00f3 al corre\u00edsmo desde el principio, cuando Rafael Correa empezaba su vida pol\u00edtica y alcanzaba r\u00e1pidamente la Presidencia de la Rep\u00fablica en 2007.<strong> Es fiel al exmandatario,<\/strong> del cual fue su coordinadora de Agenda Estrat\u00e9gica (2010), un puesto clave y cercano que le permiti\u00f3 entender los vericuetos del poder.<\/p>\n<\/div>\n<div class=\"sc-80531b6b-0 chRIGJ container-text text-embed\">\n<p><strong>Tambi\u00e9n se desempe\u00f1\u00f3 como viceministra de Gesti\u00f3n Tur\u00edstica<\/strong> (2014), secretaria general del Despacho Presidencial (2015) y secretaria nacional de la Administraci\u00f3n P\u00fablica (2017).<\/p>\n<\/div>\n<div class=\"sc-80531b6b-0 chRIGJ container-text text-embed\">\n<p>Ejerci\u00f3 de vicec\u00f3nsul de Ecuador en Madrid (2011) y c\u00f3nsul en Alicante (Espa\u00f1a) en 2017, adem\u00e1s de secretaria general de la Intendencia de Compa\u00f1\u00edas de Quito.<\/p>\n<\/div>\n<div class=\"sc-80531b6b-0 chRIGJ container-text text-embed\">\n<p>Tras concluir el mandato de Correa en 2017<strong> se lanz\u00f3 a la vida pol\u00edtica activa <\/strong>y en 2021 fue elegida como integrante de la Asamblea Nacional (Parlamento), donde sostuvo una fuerte posici\u00f3n cr\u00edtica contra el Gobierno del conservador presidente Guillermo Lasso (2021-2023), cuya salida anticipada llev\u00f3 a las elecciones extraordinarias de 2023.<\/p>\n<\/div>\n<div class=\"sc-80531b6b-0 chRIGJ container-text text-embed\">\n<p><strong>Su nombre comenz\u00f3 a sonar justo despu\u00e9s de que Lasso invocara la llamada &#8220;muerte cruzada&#8221;,<\/strong> un mecanismo constitucional que le permiti\u00f3 disolver el Parlamento y llamar a nuevas elecciones para completar el periodo que no culmin\u00f3 (2021-2025).<\/p>\n<\/div>\n<p><h2>Diego Borja, su &#8220;vice&#8221;<\/h2>\n<\/p>\n<div class=\"sc-80531b6b-0 chRIGJ container-text text-embed\">\n<p><strong>Tras las elecciones de 2023 se qued\u00f3 como la presidenta de Revoluci\u00f3n Ciudadana<\/strong>, lo que le dio fuerza para ser nuevamente la candidata presidencial frente a otros posibles aspirantes del corre\u00edsmo como Paola Pab\u00f3n, Augusto Verduga y Gustavo Jalkh.<\/p>\n<\/div>\n<div class=\"sc-80531b6b-0 chRIGJ container-text text-embed\">\n<p>En esta ocasi\u00f3n acompa\u00f1a a Gonz\u00e1lez como candidato a vicepresidente Diego Borja, en lugar de Andr\u00e9s Arauz, quien fuera el candidato presidencial del corre\u00edsmo en 2021.<\/p>\n<\/div>\n<div class=\"sc-80531b6b-0 chRIGJ container-text text-embed\">\n<p><strong>La Revoluci\u00f3n Ciudadana apela a la estabilidad de la que gozaba Ecuador<\/strong> durante la d\u00e9cada que gobern\u00f3 Correa el pa\u00eds, al que la candidata presidencial quiere &#8220;revivir&#8221;, como menciona repetidamente en sus intervenciones de campa\u00f1a, lo que pasa en gran medida por aplacar la crisis de violencia que afecta al pa\u00eds por el auge de las bandas del crimen organizado.<\/p>\n<\/div>\n<\/div>\n<p><br \/>\n<br \/><a href=\"https:\/\/www.clarin.com\/mundo\/elecciones-ecuador-luisa-gonzalez-aliada-correa-busca-revancha-noboa_0_7VafdYAGfB.html\">Fuente Clarin.com <\/a><\/p>\n","protected":false},"excerpt":{"rendered":"<p>Luisa Gonz\u00e1lez, la alfil del expresidente de Ecuador Rafael Correa (2007-2017), vuelve a personificar la esperanza del corre\u00edsmo de retornar a gobernar el pa\u00eds tras ocho a\u00f1os alejados del poder y de ser la primera mujer ecuatoriana en ganar unas elecciones presidenciales. Gonz\u00e1lez (Quito, 1977), una abogada con ra\u00edces campesinas en la costa ecuatoriana, se [&hellip;]<\/p>\n","protected":false},"author":1,"featured_media":3427,"comment_status":"open","ping_status":"open","sticky":false,"template":"","format":"standard","meta":{"footnotes":""},"categories":[2],"tags":[5445,2759,672,5446,5444,5443,4107,5447],"class_list":["post-3426","post","type-post","status-publish","format-standard","has-post-thumbnail","hentry","category-ultimas-noticias","tag-aliada","tag-ante","tag-busca","tag-correa","tag-gonzalez","tag-luisa","tag-noboa","tag-revancha"],"_links":{"self":[{"href":"https:\/\/13.com.ar\/index.php\/wp-json\/wp\/v2\/posts\/3426","targetHints":{"allow":["GET"]}}],"collection":[{"href":"https:\/\/13.com.ar\/index.php\/wp-json\/wp\/v2\/posts"}],"about":[{"href":"https:\/\/13.com.ar\/index.php\/wp-json\/wp\/v2\/types\/post"}],"author":[{"embeddable":true,"href":"https:\/\/13.com.ar\/index.php\/wp-json\/wp\/v2\/users\/1"}],"replies":[{"embeddable":true,"href":"https:\/\/13.com.ar\/index.php\/wp-json\/wp\/v2\/comments?post=3426"}],"version-history":[{"count":0,"href":"https:\/\/13.com.ar\/index.php\/wp-json\/wp\/v2\/posts\/3426\/revisions"}],"wp:featuredmedia":[{"embeddable":true,"href":"https:\/\/13.com.ar\/index.php\/wp-json\/wp\/v2\/media\/3427"}],"wp:attachment":[{"href":"https:\/\/13.com.ar\/index.php\/wp-json\/wp\/v2\/media?parent=3426"}],"wp:term":[{"taxonomy":"category","embeddable":true,"href":"https:\/\/13.com.ar\/index.php\/wp-json\/wp\/v2\/categories?post=3426"},{"taxonomy":"post_tag","embeddable":true,"href":"https:\/\/13.com.ar\/index.php\/wp-json\/wp\/v2\/tags?post=3426"}],"curies":[{"name":"wp","href":"https:\/\/api.w.org\/{rel}","templated":true}]}}