{"id":3424,"date":"2025-02-10T05:09:03","date_gmt":"2025-02-10T08:09:03","guid":{"rendered":"https:\/\/13.com.ar\/index.php\/daniel-noboa-un-presidente-milenial-impredecible-y-de-mano-dura\/"},"modified":"2025-02-10T05:09:03","modified_gmt":"2025-02-10T08:09:03","slug":"daniel-noboa-un-presidente-milenial-impredecible-y-de-mano-dura","status":"publish","type":"post","link":"https:\/\/13.com.ar\/index.php\/daniel-noboa-un-presidente-milenial-impredecible-y-de-mano-dura\/","title":{"rendered":"Daniel Noboa, un presidente &#8220;milenial&#8221;, impredecible y de mano dura"},"content":{"rendered":"<p> <br \/>\n<\/p>\n<div id=\"cuerpo\">\n<div class=\"sc-80531b6b-0 chRIGJ container-text text-embed\">\n<p>Daniel Noboa, el presidente m\u00e1s joven de Latinoam\u00e9rica y de la historia democr\u00e1tica de Ecuador, busca a sus 37 a\u00f1os ser reelegido para un mandato completo (2025-2029), tras catorce meses de Gobierno marcados <strong>por la &#8220;mano dura&#8221;<\/strong> contra el crimen organizado y por acciones pol\u00e9micas e impredecibles para sus adversarios, que denuncian una &#8220;actitud dictatorial&#8221;.<\/p>\n<\/div>\n<div class=\"sc-80531b6b-0 chRIGJ container-text text-embed\">\n<p>Con 35 a\u00f1os dio la sorpresa al ganar las elecciones extraordinarias de 2023 y asumir un pa\u00eds l\u00edder en \u00edndice de homicidios en Latinoam\u00e9rica y <strong>con un d\u00e9ficit fiscal de casi 5.000 millones de d\u00f3lares<\/strong>. Sin dudar, declar\u00f3 una &#8220;guerra&#8221; al crimen organizado, que se ha visto empa\u00f1ada en materia de derechos humanos, e implant\u00f3 reformas econ\u00f3micas impopulares para equilibrar las cuentas p\u00fablicas.<\/p>\n<\/div>\n<div class=\"sc-80531b6b-0 chRIGJ container-text text-embed\">\n<p>No le tembl\u00f3 el pulso para<strong> tomar decisiones incluso a veces fuera de la ley,<\/strong> seg\u00fan ha dictaminado la Corte Constitucional en varias controversias, como promulgar irregularmente por decreto una norma que le hab\u00eda negado previamente la Asamblea Nacional (Parlamento).<\/p>\n<\/div>\n<div class=\"sc-80531b6b-0 chRIGJ container-text text-embed\">\n<p>As\u00ed, en abril pasado orden\u00f3 el asalto policial a la Embajada de M\u00e9xico para<strong> detener al exvicepresidente corre\u00edsta Jorge Glas<\/strong>, que hab\u00eda recibido asilo diplom\u00e1tico al declararse perseguido pol\u00edtico por las condenas y procesos por corrupci\u00f3n que acumula desde 2017 en Ecuador.<\/p>\n<\/div>\n<div class=\"sc-80531b6b-0 chRIGJ container-text text-embed\">\n<p>Ello llev\u00f3 a una grave crisis con M\u00e9xico, cuyo Gobierno pidi\u00f3 sin \u00e9xito que le entregaran a Glas, actualmente en prisi\u00f3n para cumplir una pena pendiente de c\u00e1rcel.<\/p>\n<\/div>\n<div class=\"sc-80531b6b-0 chRIGJ container-text text-embed\">\n<p>Lejos de hacer algo por aflojar la tensi\u00f3n, <strong>Noboa recientemente anunci\u00f3 que impondr\u00e1 aranceles del 27 % a M\u00e9xico.<\/strong><\/p>\n<\/div>\n<div class=\"sc-80531b6b-0 chRIGJ container-text text-embed\">\n<p>Otro episodio pol\u00e9mico es su particular enfrentamiento con su vicepresidenta Ver\u00f3nica Abad, quien lo ha acusado de acoso para forzarla a dimitir. Abad y el Gobierno se han contrademandado por presunta violencia pol\u00edtica de g\u00e9nero, lo que puede ser castigado hasta con la destituci\u00f3n del cargo.<\/p>\n<\/div>\n<div class=\"sc-198be8ec-0 cynXbu image-embed  image-embed \"><picture class=\"sc-198be8ec-1 kOjRiQ\"><source media=\"(min-width: 975px)\" width=\"720\" height=\"480\" \/><img alt=\"El presidente ecuatoriano, Daniel Noboa, mostrando su papeleta electoral, en un colegio electoral de Ol\u00f3n, en la provincia de Santa Elena, Ecuador. Foto Xinhua\" loading=\"lazy\" width=\"720\" height=\"480\" decoding=\"async\" data-nimg=\"1\" style=\"color:transparent\" src=\"https:\/\/13.com.ar\/wp-content\/uploads\/2025\/02\/Daniel-Noboa-un-presidente-milenial-impredecible-y-de-mano-dura.jpg\"\/><span class=\"epigraphe\">El presidente ecuatoriano, Daniel Noboa, mostrando su papeleta electoral, en un colegio electoral de Ol\u00f3n, en la provincia de Santa Elena, Ecuador. Foto Xinhua<\/span><span class=\"bkg\"\/><span class=\"picture-open\"><button class=\"open-image\" aria-label=\"Open Image\"\/><\/span><\/picture><\/div>\n<p><h2>Un &#8220;p\u00e9simo enemigo&#8221;<\/h2>\n<\/p>\n<div class=\"sc-80531b6b-0 chRIGJ container-text text-embed\">\n<p>En su pulso con Abad,<strong> Noboa ha dejado claro que es un &#8220;p\u00e9simo enemigo a tener&#8221;<\/strong> -como dijo de s\u00ed mismo durante un acto p\u00fablico- y ha encontrado las maneras de mantenerla alejada del cargo.<\/p>\n<\/div>\n<div class=\"sc-80531b6b-0 chRIGJ container-text text-embed\">\n<p>Primero la mand\u00f3 a Israel como embajadora, luego el Gobierno la suspendi\u00f3 del cargo, lo que fue anulado por la Justicia, y seguidamente nombr\u00f3 por decreto a una &#8220;vicepresidenta encargada&#8221; para delegarle la Presidencia durante la campa\u00f1a electoral, algo declarado recientemente inconstitucional por el tribunal constitucional.<\/p>\n<\/div>\n<div class=\"sc-80531b6b-0 chRIGJ container-text text-embed\">\n<p>Con su primera esposa, Gabriela Goldbaum, de la que est\u00e1 divorciado, <strong>est\u00e1 enfrentado judicialmente por la custodia de su primog\u00e9nita <\/strong>y antes de ser presidente confront\u00f3 a la aseguradora espa\u00f1ola Mapfre por una presunta filtraci\u00f3n de datos bancarios en su proceso de divorcio.<\/p>\n<\/div>\n<div class=\"sc-80531b6b-0 chRIGJ container-text text-embed\">\n<p>Sus detractores <strong>lo tildan de caprichoso y hablan de actitudes dictatoriales<\/strong>, pero tambi\u00e9n ha demostrado astucia pol\u00edtica para aplicar, sin revueltas sociales, medidas que hicieron tambalear a otros Gobiernos, como la subida del IVA y la reducci\u00f3n de los subsidios a las gasolinas.<\/p>\n<\/div>\n<div class=\"sc-80531b6b-0 chRIGJ container-text text-embed\">\n<p>Noboa es un hombre de pocas palabras. Sus discursos duran pocos minutos yapenas se prodiga en entrevistas con medios de comunicaci\u00f3n.<\/p>\n<\/div>\n<p><h2>Entre &#8216;tuits&#8217; y &#8216;tiktoks&#8217;<\/h2>\n<\/p>\n<div class=\"sc-80531b6b-0 chRIGJ container-text text-embed\">\n<p>Como &#8216;millennial&#8217; (nacido entre principios de la d\u00e9cada de 1980 y principios de la de 2000),<strong> habla sobre todo por las redes sociales.<\/strong> Su estilo para comunicar ha desencajado a m\u00e1s de uno.<\/p>\n<\/div>\n<div class=\"sc-80531b6b-0 chRIGJ container-text text-embed\">\n<p>Con piezas que duran segundos y frases tan cortas como punzantes, ha dejado muchas veces sin capacidad de respuesta a pol\u00edticos a los que<strong> encasilla en &#8220;el viejo Ecuador&#8221; <\/strong>y vincula con la corrupci\u00f3n o la narcopol\u00edtica.<\/p>\n<\/div>\n<div class=\"sc-80531b6b-0 chRIGJ container-text text-embed\">\n<p><strong>Heredero de una de las familias m\u00e1s ricas de Ecuador<\/strong>, Noboa es hijo del magnate del sector bananero y cinco veces candidato presidencial \u00c1lvaro Noboa y de la exasamble\u00edsta Annabella Az\u00edn.<\/p>\n<\/div>\n<div class=\"sc-80531b6b-0 chRIGJ container-text text-embed\">\n<p>Criado en una casa donde se respiraba pol\u00edtica, se form\u00f3 en prestigiosas instituciones extranjeras y estuvo enfocado en las empresas familiares antes de dar el salto a la arena pol\u00edtica como asamble\u00edsta en 2021.<\/p>\n<\/div>\n<p><h2>Atuendos que se vuelven memes<\/h2>\n<\/p>\n<div class=\"sc-80531b6b-0 chRIGJ container-text text-embed\">\n<p><strong>Noboa naci\u00f3 en Miami (Estados Unidos)<\/strong>, igual que, ya como gobernante, lo hizo Furio, su tercer hijo y el segundo de su matrimonio con la &#8216;influencer&#8217; y nutricionista Lavinia Valbonesi, con quien comparte el gusto por el deporte. En redes hace gala de sus rutinas de gimnasio y luce recientes tatuajes del ave f\u00e9nix, como se llama su programa de seguridad para el pa\u00eds.<\/p>\n<\/div>\n<div class=\"sc-80531b6b-0 chRIGJ container-text text-embed\">\n<p><strong>Suele vestir a la moda juvenil pero de estilo imponente<\/strong>, con &#8216;jeans&#8217;, camisas, casaca de cuero y lentes de sol polarizadas, y no tiene miedo en ser blanco de memes al combinar un traje formal con unos imponentes zapatos Prada de plataforma, como hizo en su investidura.<\/p>\n<\/div>\n<div class=\"sc-80531b6b-0 chRIGJ container-text text-embed\">\n<p>Su distancia con lo protocolar fue evidente cuando recibi\u00f3 en las Islas Gal\u00e1pagos con camisa blanca y bermuda de estridente color al presidente colombiano, Gustavo Petro.<\/p>\n<\/div>\n<\/div>\n<p><br \/>\n<br \/><a href=\"https:\/\/www.clarin.com\/mundo\/elecciones-ecuador-daniel-noboa-presidente-milenial-impredecible-mano-dura_0_k0FF8W3Zb5.html\">Fuente Clarin.com <\/a><\/p>\n","protected":false},"excerpt":{"rendered":"<p>Daniel Noboa, el presidente m\u00e1s joven de Latinoam\u00e9rica y de la historia democr\u00e1tica de Ecuador, busca a sus 37 a\u00f1os ser reelegido para un mandato completo (2025-2029), tras catorce meses de Gobierno marcados por la &#8220;mano dura&#8221; contra el crimen organizado y por acciones pol\u00e9micas e impredecibles para sus adversarios, que denuncian una &#8220;actitud dictatorial&#8221;. [&hellip;]<\/p>\n","protected":false},"author":1,"featured_media":3425,"comment_status":"open","ping_status":"open","sticky":false,"template":"","format":"standard","meta":{"footnotes":""},"categories":[2],"tags":[4106,884,5442,2731,5441,4107,135],"class_list":["post-3424","post","type-post","status-publish","format-standard","has-post-thumbnail","hentry","category-ultimas-noticias","tag-daniel","tag-dura","tag-impredecible","tag-mano","tag-milenial","tag-noboa","tag-presidente"],"_links":{"self":[{"href":"https:\/\/13.com.ar\/index.php\/wp-json\/wp\/v2\/posts\/3424","targetHints":{"allow":["GET"]}}],"collection":[{"href":"https:\/\/13.com.ar\/index.php\/wp-json\/wp\/v2\/posts"}],"about":[{"href":"https:\/\/13.com.ar\/index.php\/wp-json\/wp\/v2\/types\/post"}],"author":[{"embeddable":true,"href":"https:\/\/13.com.ar\/index.php\/wp-json\/wp\/v2\/users\/1"}],"replies":[{"embeddable":true,"href":"https:\/\/13.com.ar\/index.php\/wp-json\/wp\/v2\/comments?post=3424"}],"version-history":[{"count":0,"href":"https:\/\/13.com.ar\/index.php\/wp-json\/wp\/v2\/posts\/3424\/revisions"}],"wp:featuredmedia":[{"embeddable":true,"href":"https:\/\/13.com.ar\/index.php\/wp-json\/wp\/v2\/media\/3425"}],"wp:attachment":[{"href":"https:\/\/13.com.ar\/index.php\/wp-json\/wp\/v2\/media?parent=3424"}],"wp:term":[{"taxonomy":"category","embeddable":true,"href":"https:\/\/13.com.ar\/index.php\/wp-json\/wp\/v2\/categories?post=3424"},{"taxonomy":"post_tag","embeddable":true,"href":"https:\/\/13.com.ar\/index.php\/wp-json\/wp\/v2\/tags?post=3424"}],"curies":[{"name":"wp","href":"https:\/\/api.w.org\/{rel}","templated":true}]}}