{"id":3421,"date":"2025-02-10T03:33:23","date_gmt":"2025-02-10T06:33:23","guid":{"rendered":"https:\/\/13.com.ar\/index.php\/el-gobierno-autorizo-el-procedimiento-para-la-privatizacion-total-de-la-empresa-de-trenes-belgrano-cargas\/"},"modified":"2025-02-10T03:33:23","modified_gmt":"2025-02-10T06:33:23","slug":"el-gobierno-autorizo-el-procedimiento-para-la-privatizacion-total-de-la-empresa-de-trenes-belgrano-cargas","status":"publish","type":"post","link":"https:\/\/13.com.ar\/index.php\/el-gobierno-autorizo-el-procedimiento-para-la-privatizacion-total-de-la-empresa-de-trenes-belgrano-cargas\/","title":{"rendered":"El Gobierno autoriz\u00f3 el procedimiento para la privatizaci\u00f3n total de la empresa de trenes Belgrano Cargas"},"content":{"rendered":"<p> <br \/>\n<br \/><img decoding=\"async\" src=\"https:\/\/13.com.ar\/wp-content\/uploads\/2025\/02\/El-Gobierno-autorizo-el-procedimiento-para-la-privatizacion-total-de.jpg\" \/><\/p>\n<div id=\"cuerpo\">\n<div class=\"sc-80531b6b-0 chRIGJ container-text text-embed\">\n<p>El Gobierno autoriz\u00f3 este lunes el procedimiento para la <strong>privatizaci\u00f3n total de la empresa de trenes Belgrano Cargas<\/strong>, una iniciativa que hab\u00eda anunciado en octubre del a\u00f1o pasado y que ratific\u00f3 el \u00faltimo fin de semana a trav\u00e9s del vocero presidencial, Manuel Adorni.<\/p>\n<\/div>\n<div class=\"sc-80531b6b-0 chRIGJ container-text text-embed\">\n<p>Seg\u00fan expresa el <strong>Decreto 67\/2025<\/strong> publicado en la \u00faltima edici\u00f3n del <strong>Bolet\u00edn Oficial,<\/strong> el proceso se llevar\u00e1 a cabo, seg\u00fan lo establece su art\u00edculo 1\u00b0, \u201cmediante la desintegraci\u00f3n vertical y la separaci\u00f3n de las actividades y bienes de cada unidad de negocio, bajo la modalidad de remate p\u00fablico para la venta del material rodante, y a trav\u00e9s de la celebraci\u00f3n de contratos de concesi\u00f3n de obra p\u00fablica para las v\u00edas y sus inmuebles aleda\u00f1os, y el uso de los talleres ferroviarios\u201d.<\/p>\n<\/div>\n<div class=\"sc-80531b6b-0 chRIGJ container-text text-embed\">\n<p>Seg\u00fan el mismo texto, la venta del material rodante propiedad del Estado se efectuar\u00e1 mediante remate p\u00fablico, y los<strong> fondos que se obtengan ser\u00e1n asignados a un \u201cfideicomiso de obra<\/strong> y\/o al instrumento de garant\u00eda, custodia, dep\u00f3sito y\/o administraci\u00f3n que el Ministerio de Econom\u00eda establezca\u201d, destinado a financiar y pagar obras sobre las v\u00edas a ser concesionadas.<\/p>\n<\/div>\n<div class=\"sc-80531b6b-0 chRIGJ container-text text-embed\">\n<p>Adem\u00e1s, las v\u00edas y sus inmuebles aleda\u00f1os ser\u00e1n concesionados \u201cmediante procedimientos de licitaci\u00f3n p\u00fablica de alcance nacional e internacional\u201d.<\/p>\n<\/div>\n<div class=\"sc-80531b6b-0 chRIGJ container-text text-embed\">\n<p>En tanto, el Gobierno dispuso tambi\u00e9n \u201cla concesi\u00f3n de uso de los talleres mediante procedimientos de licitaci\u00f3n p\u00fablica de alcance nacional e internacional\u201d y la \u201cdisoluci\u00f3n y posterior liquidaci\u00f3n de Belgrano Cargas y Log\u00edstica Sociedad An\u00f3nima una vez adjudicados y perfeccionados los contratos referidos\u201d en los anteriores incisos del art\u00edculo 2\u00b0.<\/p>\n<\/div>\n<p><iframe loading=\"lazy\" src=\"https:\/\/docs.google.com\/viewer?srcid=13oeg6fAknK7qjKzI_FgF_QuI5y4fcrTv&amp;pid=explorer&amp;efh=false&amp;a=v&amp;chrome=false&amp;embedded=true\" width=\"100%\" height=\"680px\"><\/iframe><\/p>\n<div class=\"sc-80531b6b-0 chRIGJ container-text text-embed\">\n<p>El <strong>Ministerio de Econom\u00eda<\/strong> tendr\u00e1 la facultad de <strong>efectuar el llamado y la adjudicaci\u00f3n<\/strong> de la licitaci\u00f3n. Seg\u00fan el documento oficial, esa cartera, \u201cen su car\u00e1cter de Autoridad de Aplicaci\u00f3n, dictar\u00e1 las normas operativas y complementarias que resulten necesarias para dar cumplimiento a las disposiciones previstas en el presente decreto, <strong>con la asistencia<\/strong> de la Unidad Ejecutora Especial Temporaria <strong>\u201cAgencia de Transformaci\u00f3n de Empresas P\u00fablicas\u201d<\/strong>, liderada por Diego Chaher.<\/p>\n<\/div>\n<p><h2>El primer anuncio, en octubre de 2024<\/h2>\n<\/p>\n<div class=\"sc-80531b6b-0 chRIGJ container-text text-embed\">\n<p>El Gobierno de Javier Milei anunci\u00f3 el pasado 23 de octubre la privatizaci\u00f3n de la empresa de trenes Belgrano Cargas.<\/p>\n<\/div>\n<div class=\"sc-80531b6b-0 chRIGJ container-text text-embed\">\n<p>&#8220;Producto de la Ley Bases se proceder\u00e1 a privatizar la empresa estatal Belgrano Cargas y Log\u00edstica S.A. en lo que ser\u00e1 la primera privatizaci\u00f3n de una empresa ferroviaria desde que asumi\u00f3 la administraci\u00f3n de Javier Milei&#8221;, comunic\u00f3 el vocero presidencial Manuel Adorni frente a periodistas en Casa Rosada.<\/p>\n<\/div>\n<div class=\"sc-80531b6b-0 chRIGJ container-text text-embed\">\n<p>La empresa Belgrano Cargas forma parte de la<strong> lista de empresas a privatizar incluida en la Ley Bases<\/strong> y opera 7.600 kil\u00f3metros de v\u00edas que impactan directamente en la Ciudad y provincia de Buenos Aires, C\u00f3rdoba, Entre R\u00edos, Corrientes, Misiones, Chaco, Santa Fe, Santiago del Estero, Tucum\u00e1n, Salta, Jujuy, Mendoza, San Juan, San Luis y Catamarca.<\/p>\n<\/div>\n<div class=\"sc-80531b6b-0 chRIGJ container-text text-embed\">\n<p>Es administrada a trav\u00e9s de once unidades productivas, cuenta con ocho talleres propios y sus vagones transportan productos agr\u00edcolas, piedra, carb\u00f3n de coque, madera, minerales, metales y productos para consumo, adem\u00e1s de otras cargas eventuales.<\/p>\n<\/div>\n<div class=\"sc-80531b6b-0 chRIGJ container-text text-embed\">\n<p>El Gobierno plante\u00f3 que el Belgrano Cargas &#8220;<strong>en manos estatales es obscenamente deficitaria<\/strong> y posee una planta sobredimensionada de 4.429 personas, adem\u00e1s de una estructura jer\u00e1rquica elevada no acorde a sus funciones&#8221;.<\/p>\n<\/div>\n<div class=\"sc-80531b6b-0 chRIGJ container-text text-embed\">\n<p>En 2023, seg\u00fan detallaron oportunamente, el Estado debi\u00f3 aportar 112 millones de d\u00f3lares para su subsistencia.<\/p>\n<\/div>\n<div class=\"sc-80531b6b-0 chRIGJ container-text text-embed\">\n<p>&#8220;Su privatizaci\u00f3n tiene como objetivo eficientizar la competitividad del transporte ferroviario de cargas, promover la inversi\u00f3n en el sector e introducir la l\u00f3gica de mercado al sector ferroviario&#8221;, concluy\u00f3 el comunicado<\/p>\n<\/div>\n<div class=\"sc-80531b6b-0 chRIGJ container-text text-embed\">\n<p>El \u00faltimo s\u00e1bado, el vocero presidencial anticip\u00f3 que Javier Milei hab\u00eda firmado el decreto publicado este lunes en el Bolet\u00edn Oficial.<\/p>\n<\/div>\n<div class=\"sc-80531b6b-0 chRIGJ container-text text-embed\">\n<p>&#8220;El Presidente Javier Milei acaba de firmar el decreto que da inicio al proceso de privatizaci\u00f3n total de la empresa Belgrano Cargas y Log\u00edstica S.A&#8221;, anunci\u00f3 Adorni. <\/p>\n<\/div>\n<div class=\"sc-80531b6b-0 chRIGJ container-text text-embed\">\n<p>Y a\u00f1adi\u00f3: &#8220;El Estado dejar\u00e1 de ser operador de los servicios ferroviarios de carga y de toda su infraestructura: material rodante, v\u00edas, talleres e inmuebles&#8221;.<\/p>\n<\/div>\n<\/div>\n<p><br \/>\n<br \/><a href=\"https:\/\/www.clarin.com\/politica\/gobierno-autorizo-procedimiento-privatizacion-total-empresa-trenes-belgrano-cargas_0_27FdIre3lZ.html\">Fuente Clarin.com <\/a><\/p>\n","protected":false},"excerpt":{"rendered":"<p>El Gobierno autoriz\u00f3 este lunes el procedimiento para la privatizaci\u00f3n total de la empresa de trenes Belgrano Cargas, una iniciativa que hab\u00eda anunciado en octubre del a\u00f1o pasado y que ratific\u00f3 el \u00faltimo fin de semana a trav\u00e9s del vocero presidencial, Manuel Adorni. Seg\u00fan expresa el Decreto 67\/2025 publicado en la \u00faltima edici\u00f3n del Bolet\u00edn [&hellip;]<\/p>\n","protected":false},"author":1,"featured_media":3422,"comment_status":"open","ping_status":"open","sticky":false,"template":"","format":"standard","meta":{"footnotes":""},"categories":[2],"tags":[650,2147,5192,1091,71,16,3933,5440,1885,5191],"class_list":["post-3421","post","type-post","status-publish","format-standard","has-post-thumbnail","hentry","category-ultimas-noticias","tag-autorizo","tag-belgrano","tag-cargas","tag-empresa","tag-gobierno","tag-para","tag-privatizacion","tag-procedimiento","tag-total","tag-trenes"],"_links":{"self":[{"href":"https:\/\/13.com.ar\/index.php\/wp-json\/wp\/v2\/posts\/3421","targetHints":{"allow":["GET"]}}],"collection":[{"href":"https:\/\/13.com.ar\/index.php\/wp-json\/wp\/v2\/posts"}],"about":[{"href":"https:\/\/13.com.ar\/index.php\/wp-json\/wp\/v2\/types\/post"}],"author":[{"embeddable":true,"href":"https:\/\/13.com.ar\/index.php\/wp-json\/wp\/v2\/users\/1"}],"replies":[{"embeddable":true,"href":"https:\/\/13.com.ar\/index.php\/wp-json\/wp\/v2\/comments?post=3421"}],"version-history":[{"count":0,"href":"https:\/\/13.com.ar\/index.php\/wp-json\/wp\/v2\/posts\/3421\/revisions"}],"wp:featuredmedia":[{"embeddable":true,"href":"https:\/\/13.com.ar\/index.php\/wp-json\/wp\/v2\/media\/3422"}],"wp:attachment":[{"href":"https:\/\/13.com.ar\/index.php\/wp-json\/wp\/v2\/media?parent=3421"}],"wp:term":[{"taxonomy":"category","embeddable":true,"href":"https:\/\/13.com.ar\/index.php\/wp-json\/wp\/v2\/categories?post=3421"},{"taxonomy":"post_tag","embeddable":true,"href":"https:\/\/13.com.ar\/index.php\/wp-json\/wp\/v2\/tags?post=3421"}],"curies":[{"name":"wp","href":"https:\/\/api.w.org\/{rel}","templated":true}]}}