{"id":3407,"date":"2025-02-10T00:28:30","date_gmt":"2025-02-10T03:28:30","guid":{"rendered":"https:\/\/13.com.ar\/index.php\/murio-mario-margulis-el-gran-sociologo-experto-en-juventud-cultura-de-la-noche-y-amistad\/"},"modified":"2025-02-10T00:28:30","modified_gmt":"2025-02-10T03:28:30","slug":"murio-mario-margulis-el-gran-sociologo-experto-en-juventud-cultura-de-la-noche-y-amistad","status":"publish","type":"post","link":"https:\/\/13.com.ar\/index.php\/murio-mario-margulis-el-gran-sociologo-experto-en-juventud-cultura-de-la-noche-y-amistad\/","title":{"rendered":"Muri\u00f3 Mario Margulis, el gran soci\u00f3logo experto en juventud, cultura de la noche y amistad"},"content":{"rendered":"<p> <br \/>\n<\/p>\n<div id=\"cuerpo\">\n<div class=\"sc-80531b6b-0 chRIGJ container-text text-embed\">\n<p>\u201cY s\u00ed, tambi\u00e9n s\u00ed\u2026 m\u00e1s segu\u00eda siempre la muerte, solo que cocinada, o hecha escudo, o hecha yelmo o hecha p\u00e9talos de ala por encima de las vinchas\u2026 Una ofensiva m\u00e1s jugada o m\u00e1s sesgada, era, pues, la novedad de esos honores?\u201d. El verso es del <strong>poeta entrerriano Juan L. Ortiz <\/strong>y estaba marcado en el ejemplar de una amiga escritora con la que me encontr\u00e9 justo despu\u00e9s de enterarme de que hab\u00eda muerto <strong>Mario Margulis<\/strong>, mi profe, mi mentor y mi amigo m\u00e1s grande. A sus 93 a\u00f1os la novedad fue su muerte, siempre inoportuna, pero no sus honores. Margulis fue <strong>Profesor Em\u00e9rito de la Universidad de Buenos Aires<\/strong>, investigador del <strong>Instituto Gino Germani<\/strong> y titular de la C\u00e1tedra <strong>Sociolog\u00eda de la Cultura de la Carrera de Sociolog\u00eda en la Facultad de Ciencias Sociales<\/strong>, de la que tambi\u00e9n fue el Decano reorganizador, con el regreso de la democracia. <\/p>\n<\/div>\n<div class=\"sc-198be8ec-0 cynXbu image-embed  image-embed \"><picture class=\"sc-198be8ec-1 kOjRiQ\"><source media=\"(min-width: 975px)\" width=\"720\" height=\"480\" \/><img alt=\"Mario Margulis fue titular de la C\u00e1tedra Sociolog\u00eda de la Cultura de la Carrera de Sociolog\u00eda de la UBA. \" loading=\"lazy\" width=\"720\" height=\"480\" decoding=\"async\" data-nimg=\"1\" style=\"color:transparent\" src=\"https:\/\/13.com.ar\/wp-content\/uploads\/2025\/02\/Murio-Mario-Margulis-el-gran-sociologo-experto-en-juventud-cultura.jpg\"\/><span class=\"epigraphe\">Mario Margulis fue titular de la C\u00e1tedra Sociolog\u00eda de la Cultura de la Carrera de Sociolog\u00eda de la UBA. <\/span><span class=\"bkg\"\/><span class=\"picture-open\"><button class=\"open-image\" aria-label=\"Open Image\"\/><\/span><\/picture><\/div>\n<div class=\"sc-80531b6b-0 chRIGJ container-text text-embed\">\n<p>Mario hab\u00eda estado exiliado junto a su familia en tierras mexicanas, donde <strong>trabaj\u00f3 en el Instituto Nacional de Antropolog\u00eda e Historia y en el Colegio de M\u00e9xico<\/strong>. Cuando volvi\u00f3 a Argentina se lanz\u00f3 a un proyecto acad\u00e9mico sin antecedentes en el pa\u00eds: fundar una sociolog\u00eda de la cultura que conversara con otras disciplinas como la antropolog\u00eda y la semiolog\u00eda. Sus libros<em> La cultura de la noche<\/em>; <em>La segregaci\u00f3n negada<\/em> o <em>La juventud es m\u00e1s que una palabra<\/em> (en los que tambi\u00e9n participaron sus equipos de investigaci\u00f3n), entre tantos otros, <strong>formaron a varias generaciones y siguen siendo bibliograf\u00eda obligatoria en m\u00e1s de una casa de estudios.<\/strong><\/p>\n<\/div>\n<div class=\"sc-198be8ec-0 cynXbu image-embed  image-embed \"><picture class=\"sc-198be8ec-1 kOjRiQ\"><source media=\"(min-width: 975px)\" width=\"720\" height=\"480\" \/><img alt=\"La cultura de la noche&#10;Mario Margulis\" loading=\"lazy\" width=\"720\" height=\"480\" decoding=\"async\" data-nimg=\"1\" style=\"color:transparent\" src=\"https:\/\/13.com.ar\/wp-content\/uploads\/2025\/02\/1739158110_971_Murio-Mario-Margulis-el-gran-sociologo-experto-en-juventud-cultura.jpg\"\/><span class=\"epigraphe\">La cultura de la noche<br \/>\nMario Margulis<\/span><span class=\"bkg\"\/><span class=\"picture-open\"><button class=\"open-image\" aria-label=\"Open Image\"\/><\/span><\/picture><\/div>\n<div class=\"sc-80531b6b-0 chRIGJ container-text text-embed\">\n<p>En 2009, a sus 77 a\u00f1os, public\u00f3 su \u00faltimo libro como \u00fanico autor titulado <em>Sociolog\u00eda de la Cultura: conceptos y problemas<\/em>, que un poco <strong>escribi\u00f3 a pedido de los miembros de su c\u00e1tedra, que insistimos en que dejara por escrito algunas ideas que solo hab\u00eda volcado en sus clases.<\/strong> Margulis nunca tuvo ansiedad por publicar. Marcelo Urresti, su disc\u00edpulo, coautor de muchos de sus art\u00edculos y actual titular de Sociolog\u00eda de la Cultura en la UBA, escribi\u00f3 un texto preciso y precioso que circul\u00f3 en la facultad a prop\u00f3sito de la muerte de Margulis, donde lo relata as\u00ed: \u201cComo le gustaba recordar a Mario en conversaciones informales (en las que hablaba de los 60) las aulas, la vida pol\u00edtica de la facultad, favorec\u00eda la acci\u00f3n, el debate estrat\u00e9gico y una agenda donde se le\u00eda para clarificar la actividad pol\u00edtica. Unas ciencias sociales comprometidas con la realidad hist\u00f3rica se alejaban de las formas escolares de la escritura y la publicaci\u00f3n\u201d.<\/p>\n<\/div>\n<div class=\"sc-198be8ec-0 cynXbu image-embed  image-embed \"><picture class=\"sc-198be8ec-1 kOjRiQ\"><source media=\"(min-width: 975px)\" width=\"720\" height=\"480\" \/><img alt=\"Sociolog\u00eda de la cultura&#10;Mario Margulis\" loading=\"lazy\" width=\"720\" height=\"480\" decoding=\"async\" data-nimg=\"1\" style=\"color:transparent\" src=\"https:\/\/13.com.ar\/wp-content\/uploads\/2025\/02\/1739158110_26_Murio-Mario-Margulis-el-gran-sociologo-experto-en-juventud-cultura.jpg\"\/><span class=\"epigraphe\">Sociolog\u00eda de la cultura<br \/>\nMario Margulis<\/span><span class=\"bkg\"\/><span class=\"picture-open\"><button class=\"open-image\" aria-label=\"Open Image\"\/><\/span><\/picture><\/div>\n<div class=\"sc-80531b6b-0 chRIGJ container-text text-embed\">\n<p>Comenc\u00e9 como ayudante de su materia en 2002, cuando todav\u00eda era estudiante. M\u00e1s de veinte a\u00f1os despu\u00e9s <strong>sigo siendo parte de esa c\u00e1tedra por la que pasaron infinidad de alumnos <\/strong>pero me recuerdo del otro lado, fumando en alg\u00fan pupitre de la primera fila tomando apuntes en los te\u00f3ricos de Margulis, de una generosidad apabullante. <strong>Pocos profesores ten\u00edan v\u00ednculos tan horizontales con las generaciones m\u00e1s j\u00f3venes.<\/strong> Aunque uno tuviera 20 a\u00f1os y \u00e9l una carrera enorme que lo preced\u00eda, Mario te escuchaba. Permit\u00eda el disenso, la repregunta, el debate honesto. <strong>Su vida estaba en las aulas, en el instituto de investigaci\u00f3n, en los pasillos de la facultad <\/strong>(su casa, estrat\u00e9gicamente, quedaba a dos cuadras) y no hubo congreso, manifestaci\u00f3n o evento en el que no te lo cruzaras: parec\u00eda estar en todas partes. <strong>Ten\u00eda una inquietud inagotable por estar al tanto de lo nuevo, por las subculturas juveniles, por lo que los j\u00f3venes tra\u00edan como verdades reveladas.<\/strong><\/p>\n<\/div>\n<div class=\"sc-198be8ec-0 cynXbu image-embed  image-embed \"><picture class=\"sc-198be8ec-1 kOjRiQ\"><source media=\"(min-width: 975px)\" width=\"720\" height=\"480\" \/><img alt=\"Carlo Ginzburg en Buenos Aires.&#10;Foto: Guillermo Rodr\u00edguez Adami&#10;\" loading=\"lazy\" width=\"720\" height=\"480\" decoding=\"async\" data-nimg=\"1\" style=\"color:transparent\" src=\"https:\/\/13.com.ar\/wp-content\/uploads\/2025\/02\/1739158110_134_Murio-Mario-Margulis-el-gran-sociologo-experto-en-juventud-cultura.jpg\"\/><span class=\"epigraphe\">Carlo Ginzburg en Buenos Aires.<br \/>\nFoto: Guillermo Rodr\u00edguez Adami<br \/>\n<\/span><span class=\"bkg\"\/><span class=\"picture-open\"><button class=\"open-image\" aria-label=\"Open Image\"\/><\/span><\/picture><\/div>\n<div class=\"sc-80531b6b-0 chRIGJ container-text text-embed\">\n<p>Con lo \u00fanico que no trans\u00f3 fue con el celular. A Mario se lo llamaba a su tel\u00e9fono de l\u00ednea -el \u00fanico n\u00famero que me s\u00e9 de memoria- y nunca se hablaba \u201cun ratito\u201d. Nuestras conversaciones duraban como m\u00ednimo una hora porque siempre hab\u00eda algo m\u00e1s para comentar, una novela que nos hab\u00eda gustado a ambos,un nuevo pensador de moda al que considerar un chanta, un chisme de la facultad, un tema sobre el que \u00e9l estaba leyendo porque quer\u00eda escribir al respecto. Como todos los lectores que se precien, nos prestamos libros que nunca nos devolvimos ni reclamamos. \u00c9l se qued\u00f3 con varios de mi biblioteca de <strong>Andrea Camilleri<\/strong> (era fan de su <strong>comisario Montalbano<\/strong>) y yo con su <em>Vida y destino <\/em>de<strong> Vasili Grossman<\/strong> y alguno de <strong>Antonio Gramsci<\/strong>, que intuyo ten\u00eda repetido. Tambi\u00e9n hubo regalos manifiestos que atesoro, como <em>Modernidad y Holocausto<\/em> de Zygmunt Bauman, que rele\u00ed a\u00f1os m\u00e1s tarde de nuevo con \u00e9l como profe de un seminario de doctorado.<\/p>\n<\/div>\n<div class=\"sc-80531b6b-0 chRIGJ container-text text-embed\">\n<p>Por \u00e9l le\u00ed por primera vez a autores como <strong>Primo Levi, Mija\u00edl Bajt\u00edn, Carlo Ginzburg y por supuesto a Pierre Bourdieu<\/strong>, cuya obra lleg\u00f3 gracias a Margulis a las aulas argentinas, con quien despu\u00e9s se animar\u00eda a discutir en varios de sus textos.<\/p>\n<\/div>\n<div class=\"sc-198be8ec-0 cynXbu image-embed  image-embed \"><picture class=\"sc-198be8ec-1 kOjRiQ\"><source media=\"(min-width: 975px)\" width=\"720\" height=\"480\" \/><img alt=\"Pierre Bourdieu en Barcelona,30-3-2000.&#10;EFE\/Julian Martin\" loading=\"lazy\" width=\"720\" height=\"480\" decoding=\"async\" data-nimg=\"1\" style=\"color:transparent\" src=\"https:\/\/13.com.ar\/wp-content\/uploads\/2025\/02\/1739158110_932_Murio-Mario-Margulis-el-gran-sociologo-experto-en-juventud-cultura.jpg\"\/><span class=\"epigraphe\">Pierre Bourdieu en Barcelona,30-3-2000.<br \/>\nEFE\/Julian Martin<\/span><span class=\"bkg\"\/><span class=\"picture-open\"><button class=\"open-image\" aria-label=\"Open Image\"\/><\/span><\/picture><\/div>\n<div class=\"sc-80531b6b-0 chRIGJ container-text text-embed\">\n<p>Como director de mi tesis doctoral, adem\u00e1s de sus ideas, su rigurosidad y su lectura hiper atenta, me leg\u00f3 un modo de corregir que a\u00fan hoy conservo con quienes ahora me toca dirigir: <strong>marcar en rojo lo que se sugiere sacar y en azul lo que conviene agregar<\/strong>. Parece una tonter\u00eda, pero es parte de un esp\u00edritu did\u00e1ctico que tambi\u00e9n fue su legado: <strong>nunca tachar ni borrar lo que dice el otro sino oficiar de gu\u00eda, sin anteponer la autoridad a las ideas.<\/strong><\/p>\n<\/div>\n<div class=\"sc-198be8ec-0 cynXbu image-embed  image-embed \"><picture class=\"sc-198be8ec-1 kOjRiQ\"><source media=\"(min-width: 975px)\" width=\"720\" height=\"480\" \/><img alt=\"Juventud, cultura, sexualidad&#10;Mario Margulis\" loading=\"lazy\" width=\"720\" height=\"480\" decoding=\"async\" data-nimg=\"1\" style=\"color:transparent\" src=\"https:\/\/13.com.ar\/wp-content\/uploads\/2025\/02\/1739158110_696_Murio-Mario-Margulis-el-gran-sociologo-experto-en-juventud-cultura.jpg\"\/><span class=\"epigraphe\">Juventud, cultura, sexualidad<br \/>\nMario Margulis<\/span><span class=\"bkg\"\/><span class=\"picture-open\"><button class=\"open-image\" aria-label=\"Open Image\"\/><\/span><\/picture><\/div>\n<div class=\"sc-80531b6b-0 chRIGJ container-text text-embed\">\n<p>Adem\u00e1s de aspectos del feminismo que yo defend\u00eda de manera encendida y \u00e9l trataba de encajar con esfuerzo generacional e hidalgu\u00eda, quiz\u00e1s nuestras discusiones m\u00e1s apasionadas fueron por un personaje que nada ten\u00eda que ver con lo acad\u00e9mico: <strong>Mart\u00edn Palermo<\/strong>, mi mayor \u00eddolo del f\u00fatbol, que pese a ser el m\u00e1ximo goleador de Boca, \u00e9l segu\u00eda considerando un \u201cpata dura\u201d. Margulis fue un<strong> bostero de ley<\/strong>, de los que recuerdan formaciones de d\u00e9cadas pasadas y putean a directores t\u00e9cnicos de poco coraje. Durante a\u00f1os fui a ver los partidos a su casa junto a uno de sus mejores amigos, <strong>Emilio Cafassi<\/strong>. Elfi, compa\u00f1era de Mario de toda la vida, nos recib\u00eda con empanadas caseras y chocolates de su autor\u00eda. Cari\u00f1oso pero siempre comedido, yo aprovechaba los goles de Boca para abrazarlo, para celebrar con una excusa lo mucho que lo quer\u00eda. Cada vez que iba a la <strong>Bombonera <\/strong>y volv\u00eda con un canto nuevo de la hinchada, se lo cantaba a voz en cuello y su mirada incr\u00e9dula terminaba en risotada. <strong>El humor siempre lo acompa\u00f1aba.<\/strong><\/p>\n<\/div>\n<div class=\"sc-80531b6b-0 chRIGJ container-text text-embed\">\n<p>Mario <strong>fue un intelectual enorme, un marxista cr\u00edtico que form\u00f3 a un sinn\u00famero de alumnos, profesores e investigadores, <\/strong>un escritor que, a diferencia de muchos, no necesit\u00f3 hacerse el cr\u00edptico porque su vocaci\u00f3n docente estuvo por encima de cualquier rebusque de estilo. Lo \u00fanico que detestaba de la vida acad\u00e9mica eran los formularios cada vez m\u00e1s burocr\u00e1ticos que le hac\u00eda completar el <em>Conicet<\/em>. <\/p>\n<\/div>\n<div class=\"sc-198be8ec-0 cynXbu image-embed  image-embed \"><picture class=\"sc-198be8ec-1 kOjRiQ\"><source media=\"(min-width: 975px)\" width=\"720\" height=\"480\" \/><img alt=\"Margulis a fines del siglo XX.\" loading=\"lazy\" width=\"720\" height=\"480\" decoding=\"async\" data-nimg=\"1\" style=\"color:transparent\" src=\"https:\/\/13.com.ar\/wp-content\/uploads\/2025\/02\/1739158110_423_Murio-Mario-Margulis-el-gran-sociologo-experto-en-juventud-cultura.jpg\"\/><span class=\"epigraphe\">Margulis a fines del siglo XX.<\/span><span class=\"bkg\"\/><span class=\"picture-open\"><button class=\"open-image\" aria-label=\"Open Image\"\/><\/span><\/picture><\/div>\n<div class=\"sc-80531b6b-0 chRIGJ container-text text-embed\">\n<p>En nuestra \u00faltima conversaci\u00f3n hablamos del libro<em> El informe <\/em>de <strong>Remedios Zafra<\/strong> y bromeamos con que alguna vez ten\u00edamos que entregar un proyecto de investigaci\u00f3n parecido al que propone la acad\u00e9mica espa\u00f1ola, que dijera algo as\u00ed como \u201cVoy a leer mucho, pensar, hacer entrevistas, discutir con colegas y escribir. Fin\u201d. Lo que no llegu\u00e9 a contarle es que el cuatrimestre pasado, un alumno me entreg\u00f3 un trabajo en el que citaba un texto suyo ap\u00f3crifo, que fue mi confirmaci\u00f3n de que hab\u00eda sido escrito con demasiada ayuda de la inteligencia artificial. Hacia el final de su vida, hasta la IA inventaba textos en su nombre. Creo que le hubiera hecho gracia.<\/p>\n<\/div>\n<div class=\"sc-80531b6b-0 chRIGJ container-text text-embed\">\n<p><strong>Eugenia Zicavo es Doctora en Ciencias Sociales. Soci\u00f3loga. Periodista. Docente e investigadora en la (UBA y en UNTREF. Conduce el programa de televisi\u00f3n <em>Bibli\u00f3manos <\/em>por TV P\u00fablica y el ciclo radial <em>Marcar como Le\u00eddo<\/em> por Futurock. Es autora, entre otros, del libro de <em>Este Boca es m\u00edo<\/em>.<\/strong><\/p>\n<\/div>\n<\/div>\n<p><br \/>\n<br \/><a href=\"https:\/\/www.clarin.com\/cultura\/murio-mario-margulis-gran-sociologo-experto-juventud-cultura-noche-amistad_0_J1ipQ9ITNW.html\">Fuente Clarin.com <\/a><\/p>\n","protected":false},"excerpt":{"rendered":"<p>\u201cY s\u00ed, tambi\u00e9n s\u00ed\u2026 m\u00e1s segu\u00eda siempre la muerte, solo que cocinada, o hecha escudo, o hecha yelmo o hecha p\u00e9talos de ala por encima de las vinchas\u2026 Una ofensiva m\u00e1s jugada o m\u00e1s sesgada, era, pues, la novedad de esos honores?\u201d. El verso es del poeta entrerriano Juan L. Ortiz y estaba marcado en [&hellip;]<\/p>\n","protected":false},"author":1,"featured_media":3408,"comment_status":"open","ping_status":"open","sticky":false,"template":"","format":"standard","meta":{"footnotes":""},"categories":[2],"tags":[5428,4149,593,925,5427,5425,5424,611,935,5426],"class_list":["post-3407","post","type-post","status-publish","format-standard","has-post-thumbnail","hentry","category-ultimas-noticias","tag-amistad","tag-cultura","tag-experto","tag-gran","tag-juventud","tag-margulis","tag-mario","tag-murio","tag-noche","tag-sociologo"],"_links":{"self":[{"href":"https:\/\/13.com.ar\/index.php\/wp-json\/wp\/v2\/posts\/3407","targetHints":{"allow":["GET"]}}],"collection":[{"href":"https:\/\/13.com.ar\/index.php\/wp-json\/wp\/v2\/posts"}],"about":[{"href":"https:\/\/13.com.ar\/index.php\/wp-json\/wp\/v2\/types\/post"}],"author":[{"embeddable":true,"href":"https:\/\/13.com.ar\/index.php\/wp-json\/wp\/v2\/users\/1"}],"replies":[{"embeddable":true,"href":"https:\/\/13.com.ar\/index.php\/wp-json\/wp\/v2\/comments?post=3407"}],"version-history":[{"count":0,"href":"https:\/\/13.com.ar\/index.php\/wp-json\/wp\/v2\/posts\/3407\/revisions"}],"wp:featuredmedia":[{"embeddable":true,"href":"https:\/\/13.com.ar\/index.php\/wp-json\/wp\/v2\/media\/3408"}],"wp:attachment":[{"href":"https:\/\/13.com.ar\/index.php\/wp-json\/wp\/v2\/media?parent=3407"}],"wp:term":[{"taxonomy":"category","embeddable":true,"href":"https:\/\/13.com.ar\/index.php\/wp-json\/wp\/v2\/categories?post=3407"},{"taxonomy":"post_tag","embeddable":true,"href":"https:\/\/13.com.ar\/index.php\/wp-json\/wp\/v2\/tags?post=3407"}],"curies":[{"name":"wp","href":"https:\/\/api.w.org\/{rel}","templated":true}]}}