{"id":33799,"date":"2025-06-14T12:04:29","date_gmt":"2025-06-14T15:04:29","guid":{"rendered":"https:\/\/13.com.ar\/index.php\/como-esta-quico-de-el-chavo-del-8-a-los-81-anos\/"},"modified":"2025-06-14T12:04:29","modified_gmt":"2025-06-14T15:04:29","slug":"como-esta-quico-de-el-chavo-del-8-a-los-81-anos","status":"publish","type":"post","link":"https:\/\/13.com.ar\/index.php\/como-esta-quico-de-el-chavo-del-8-a-los-81-anos\/","title":{"rendered":"C\u00f3mo est\u00e1 Quico de El Chavo del 8 a los 81 a\u00f1os"},"content":{"rendered":"<p> <br \/>\n<br \/><img decoding=\"async\" src=\"https:\/\/13.com.ar\/wp-content\/uploads\/2025\/06\/Como-esta-Quico-de-El-Chavo-del-8-a-los.jpg\" \/><\/p>\n<div id=\"element-body-0\">\n<p>Las historias de El Chavo del 8 no hubieran desplegado todo su encanto y ternura sin el personaje de Quico.<\/p>\n<\/div>\n<div id=\"element-body-1\">\n<p>Este ni\u00f1o de la vecindad es recordado por el vestuario con un conjunto marinero, su forma particular de hablar y su actitud presumida. Adem\u00e1s, era muy mimado por <strong>Do\u00f1a Florinda.<\/strong> Por estas caracter\u00edsticas, siempre ten\u00eda conflictos muy graciosos con los dem\u00e1s personajes.<\/p>\n<\/div>\n<div id=\"element-body-2\">\n<p>El art\u00edfice de este entra\u00f1able personaje es<strong> Carlos Villagr\u00e1n<\/strong>. De muy joven, \u00e9l comenz\u00f3 a trabajar como reportero gr\u00e1fico. Aunque su deseo latente era ser un actor c\u00f3mico. As\u00ed fue como, con su credencial de prensa, empez\u00f3 a circular por los canales y estudios de televisi\u00f3n.<\/p>\n<\/div>\n<div id=\"element-body-3\">\n<p>\u00c9l mismo se encargaba de pedir una oportunidad a productores y c\u00f3micos. A fuerza de insistencia y perseverancia, logr\u00f3 distintos papeles como extra. Luego, el siguiente escal\u00f3n fueron las peque\u00f1as participaciones en diferentes programas populares del momento.<\/p>\n<\/div>\n<div id=\"element-body-4\">\n<p>Hasta que, de acuerdo al portal La Voz, fue invitado a una fiesta en la casa de <strong>Roberto G\u00f3mez Bola\u00f1os<\/strong> -m\u00e1s conocido como <strong>Chespirito<\/strong> y el alma de la factor\u00eda de <strong>El Chavo<\/strong>. En este encuentro, <strong>Villagr\u00e1n<\/strong> le present\u00f3 una peque\u00f1a muestra de un posible personaje. A <strong>Chespirito<\/strong> le gust\u00f3 y en 1973, lo llam\u00f3 para integrarse a su incipiente proyecto: <strong>El Chavo del 8<\/strong>.<\/p>\n<\/div>\n<div id=\"element-body-5\">\n<p>En los a\u00f1os siguientes, el programa se consolid\u00f3 y <strong>Villagr\u00e1n<\/strong> se volvi\u00f3 indispensable en las distintas temporadas.<\/p>\n<\/div>\n<div id=\"element-body-8\">\n<p>El \u00e9xito continu\u00f3 en sentido ascendente. Pero no estuvo acompa\u00f1ado de un clima apacible.<\/p>\n<\/div>\n<div id=\"element-body-10\">\n<p>Es sabido que <strong>Chespirito<\/strong> fue una persona controvertida y tuvo enfrentamientos con varios integrantes fundamentales de su equipo. <strong>Villagr\u00e1n<\/strong> no fue la excepci\u00f3n.<\/p>\n<\/div>\n<div id=\"element-body-11\">\n<p>Una nota del sitio Milenio cuenta que a medida que el programa ganaba popularidad, el v\u00ednculo entre ellos  comenzaba a fracturarse.<\/p>\n<\/div>\n<div id=\"element-body-13\">\n<p>El punto de disputa se debi\u00f3 a los derechos que<strong> Roberto G\u00f3mez Bola\u00f1os <\/strong>ten\u00eda sobre el personaje de<strong> Quico<\/strong> y que derivaron en una rivalidad personal. Al tal punto que en 1978, en pleno furor de <strong>El Chavo<\/strong>, <strong>Villagr\u00e1n <\/strong>sali\u00f3 de la serie y comenz\u00f3 \u00e9l mismo a interpretar su personaje de siempre, pero con el nombre de <strong>Kiko<\/strong>.<\/p>\n<\/div>\n<div id=\"element-body-14\">\n<p>La versi\u00f3n que cont\u00f3 <strong>Villagr\u00e1n<\/strong> en el programa La Pe\u00f1a de Morfi, tal como recopil\u00f3 la nota de Milenio, es la siguiente: \u201cHicimos una gira a Chile, a la vuelta, en el avi\u00f3n, me llama Roberto y me dice que hab\u00eda un d\u00e9ficit en los registros de los personajes y que me iba a quitar parte de mi sueldo. Yo era int\u00e9rprete, era un pretexto para sacarme. Y as\u00ed fue\u201d.<\/p>\n<\/div>\n<div id=\"element-body-16\">\n<p>Entonces, el actor decidi\u00f3 salir a hacer sus propios shows con el nombre de<strong> Kiko<\/strong>, en lugar de <strong>Quico<\/strong>. \u201cLo segu\u00ed haciendo. Pero <strong>Chespirito<\/strong> registr\u00f3 caricaturas con todos nosotros, supo que hab\u00eda dinero. \u00c9l hab\u00eda escrito un libreto, tra\u00eda los nombres, pero cada uno hizo su personaje\u201d, record\u00f3 en ese programa.<\/p>\n<\/div>\n<div id=\"element-body-17\">\n<p>Aunque su justificada rebeld\u00eda tuvo su cost\u00f3. En otra entrevista cont\u00f3 que <strong>Emilio Azc\u00e1rraga,<\/strong> el magnate de ese momento de la televisi\u00f3n mexicana, le cerr\u00f3 las puertas del trabajo. \u201cMand\u00f3 fax a todos los lugares donde se transmit\u00eda <strong>El Chavo<\/strong> para decirles que no me dieran trabajo o dejaba de darles <strong>El Chavo<\/strong> y las series mexicanas\u201d, cont\u00f3<strong> Villagr\u00e1n<\/strong>.<\/p>\n<\/div>\n<div id=\"element-body-19\">\n<p>\u201cEn ese momento, perd\u00ed hasta mi casa\u201d, agreg\u00f3. Pero, tal como agreg\u00f3 en su relato, toc\u00f3 fondo y decidi\u00f3 salir adelante.<\/p>\n<\/div>\n<div id=\"element-body-22\">\n<p><strong>Carlos Villagr\u00e1n <\/strong>tiene actualmente 81 a\u00f1os. Hace unos a\u00f1os incursion\u00f3 en pol\u00edtica pero retir\u00f3 su candidatura. Tambi\u00e9n se habl\u00f3 de algunos problemas de salud que aparentemente super\u00f3.<\/p>\n<\/div>\n<div id=\"element-body-23\">\n<p>Por otro lado, no hay actualizaciones en sus redes sociales desde hace algunos meses.<\/p>\n<\/div>\n<div id=\"element-body-25\">\n<p>\u201cHoy, solo quiere envejecer con dignidad. Lo \u00fanico que pido es poder valerme por m\u00ed mismo hasta el \u00faltimo momento. No le tengo miedo al dolor, pero s\u00ed quiero morir en paz\u201d, dijo reflexivo y sabio hace un tiempo.<\/p>\n<\/div>\n<p><br \/>\n<br \/><a href=\"https:\/\/www.clarin.com\/internacional\/quico-chavo-8-81-anos_0_VvxZGDB5Fa.html\">Fuente Clarin.com <\/a><\/p>\n","protected":false},"excerpt":{"rendered":"<p>Las historias de El Chavo del 8 no hubieran desplegado todo su encanto y ternura sin el personaje de Quico. Este ni\u00f1o de la vecindad es recordado por el vestuario con un conjunto marinero, su forma particular de hablar y su actitud presumida. Adem\u00e1s, era muy mimado por Do\u00f1a Florinda. Por estas caracter\u00edsticas, siempre ten\u00eda [&hellip;]<\/p>\n","protected":false},"author":1,"featured_media":33800,"comment_status":"open","ping_status":"open","sticky":false,"template":"","format":"standard","meta":{"footnotes":""},"categories":[2],"tags":[636,17220,66,100,300,28,21182],"class_list":["post-33799","post","type-post","status-publish","format-standard","has-post-thumbnail","hentry","category-ultimas-noticias","tag-anos","tag-chavo","tag-como","tag-del","tag-esta","tag-los","tag-quico"],"_links":{"self":[{"href":"https:\/\/13.com.ar\/index.php\/wp-json\/wp\/v2\/posts\/33799","targetHints":{"allow":["GET"]}}],"collection":[{"href":"https:\/\/13.com.ar\/index.php\/wp-json\/wp\/v2\/posts"}],"about":[{"href":"https:\/\/13.com.ar\/index.php\/wp-json\/wp\/v2\/types\/post"}],"author":[{"embeddable":true,"href":"https:\/\/13.com.ar\/index.php\/wp-json\/wp\/v2\/users\/1"}],"replies":[{"embeddable":true,"href":"https:\/\/13.com.ar\/index.php\/wp-json\/wp\/v2\/comments?post=33799"}],"version-history":[{"count":0,"href":"https:\/\/13.com.ar\/index.php\/wp-json\/wp\/v2\/posts\/33799\/revisions"}],"wp:featuredmedia":[{"embeddable":true,"href":"https:\/\/13.com.ar\/index.php\/wp-json\/wp\/v2\/media\/33800"}],"wp:attachment":[{"href":"https:\/\/13.com.ar\/index.php\/wp-json\/wp\/v2\/media?parent=33799"}],"wp:term":[{"taxonomy":"category","embeddable":true,"href":"https:\/\/13.com.ar\/index.php\/wp-json\/wp\/v2\/categories?post=33799"},{"taxonomy":"post_tag","embeddable":true,"href":"https:\/\/13.com.ar\/index.php\/wp-json\/wp\/v2\/tags?post=33799"}],"curies":[{"name":"wp","href":"https:\/\/api.w.org\/{rel}","templated":true}]}}