{"id":33798,"date":"2025-06-14T12:01:30","date_gmt":"2025-06-14T15:01:30","guid":{"rendered":"https:\/\/13.com.ar\/index.php\/francos-avalo-la-prision-domiciliaria-a-cristina-kirchner-y-le-quito-valor-a-las-marchas-a-favor-de-la-expresidenta\/"},"modified":"2025-06-14T12:01:30","modified_gmt":"2025-06-14T15:01:30","slug":"francos-avalo-la-prision-domiciliaria-a-cristina-kirchner-y-le-quito-valor-a-las-marchas-a-favor-de-la-expresidenta","status":"publish","type":"post","link":"https:\/\/13.com.ar\/index.php\/francos-avalo-la-prision-domiciliaria-a-cristina-kirchner-y-le-quito-valor-a-las-marchas-a-favor-de-la-expresidenta\/","title":{"rendered":"Francos aval\u00f3 la prisi\u00f3n domiciliaria a Cristina Kirchner y le quit\u00f3 valor a las marchas a favor de la expresidenta"},"content":{"rendered":"<p> <br \/>\n<br \/><img decoding=\"async\" src=\"https:\/\/13.com.ar\/wp-content\/uploads\/2025\/05\/Va-a-ser-descalificada-por-el-pueblo-como-candidata.jpg\" \/><\/p>\n<div id=\"element-body-0\">\n<p>El jefe de Gabinete de la Naci\u00f3n, <strong>Guillermo Francos<\/strong>, aval\u00f3 este s\u00e1bado la prisi\u00f3n domiciliaria a Cristina Kirchner y le quit\u00f3 valor a las marchas a favor de la exmandataria luego que la Corte Suprema de Justicia ratific\u00f3 el fallo en la causa Vialidad contra la titular del Partido Justicialista, motivo por el cual tampoco podr\u00e1 ser candidata. <\/p>\n<\/div>\n<div id=\"element-body-1\">\n<p>&#8220;<strong>Ninguna manifestaci\u00f3n puede cambiar una decisi\u00f3n judicial&#8221;<\/strong>, subray\u00f3 Francos en momentos en que el Partido Justicialista activ\u00f3 una agenda de reuniones y actos antes de la marcha del pr\u00f3ximo mi\u00e9rcoles a Comodoro Py. <\/p>\n<\/div>\n<div id=\"element-body-2\">\n<p>En declaraciones a<em> Radio Con Vos<\/em>, el ministro coordinador plante\u00f3: &#8220;Creo que por muchas razones corresponder\u00eda que le otorguen el beneficio de la prisi\u00f3n domiciliaria. No s\u00f3lo por el hecho de la edad sino por el hecho de ser una expresidente y fundamentalmente por razones de seguridad&#8221;.<\/p>\n<\/div>\n<div id=\"element-body-3\">\n<p>Si bien el jefe de Gabinete afirm\u00f3 que &#8220;por una cuesti\u00f3n de responsabilidad&#8221; el Gobierno debe &#8220;tomar todas las medidas&#8221; necesarias para evitar incidentes el pr\u00f3ximo mi\u00e9rcoles cuando se haga efectiva la detenci\u00f3n de Cristina Kirchner, aclar\u00f3 que &#8220;la preocupaci\u00f3n de que pueda pasar siempre est\u00e1&#8221;.<\/p>\n<\/div>\n<p><br \/>\n<br \/><a href=\"https:\/\/www.clarin.com\/politica\/francos-avalo-prision-domiciliaria-cristina-kirchner-quito-valor-marchas-favor-expresidenta_0_KisXn04abQ.html\">Fuente Clarin.com <\/a><\/p>\n","protected":false},"excerpt":{"rendered":"<p>El jefe de Gabinete de la Naci\u00f3n, Guillermo Francos, aval\u00f3 este s\u00e1bado la prisi\u00f3n domiciliaria a Cristina Kirchner y le quit\u00f3 valor a las marchas a favor de la exmandataria luego que la Corte Suprema de Justicia ratific\u00f3 el fallo en la causa Vialidad contra la titular del Partido Justicialista, motivo por el cual tampoco [&hellip;]<\/p>\n","protected":false},"author":1,"featured_media":24480,"comment_status":"open","ping_status":"open","sticky":false,"template":"","format":"standard","meta":{"footnotes":""},"categories":[2],"tags":[10986,497,15900,9077,1052,5190,1381,48,1811,3698,4083,529],"class_list":["post-33798","post","type-post","status-publish","format-standard","has-post-thumbnail","hentry","category-ultimas-noticias","tag-avalo","tag-cristina","tag-domiciliaria","tag-expresidenta","tag-favor","tag-francos","tag-kirchner","tag-las","tag-marchas","tag-prision","tag-quito","tag-valor"],"_links":{"self":[{"href":"https:\/\/13.com.ar\/index.php\/wp-json\/wp\/v2\/posts\/33798","targetHints":{"allow":["GET"]}}],"collection":[{"href":"https:\/\/13.com.ar\/index.php\/wp-json\/wp\/v2\/posts"}],"about":[{"href":"https:\/\/13.com.ar\/index.php\/wp-json\/wp\/v2\/types\/post"}],"author":[{"embeddable":true,"href":"https:\/\/13.com.ar\/index.php\/wp-json\/wp\/v2\/users\/1"}],"replies":[{"embeddable":true,"href":"https:\/\/13.com.ar\/index.php\/wp-json\/wp\/v2\/comments?post=33798"}],"version-history":[{"count":0,"href":"https:\/\/13.com.ar\/index.php\/wp-json\/wp\/v2\/posts\/33798\/revisions"}],"wp:featuredmedia":[{"embeddable":true,"href":"https:\/\/13.com.ar\/index.php\/wp-json\/wp\/v2\/media\/24480"}],"wp:attachment":[{"href":"https:\/\/13.com.ar\/index.php\/wp-json\/wp\/v2\/media?parent=33798"}],"wp:term":[{"taxonomy":"category","embeddable":true,"href":"https:\/\/13.com.ar\/index.php\/wp-json\/wp\/v2\/categories?post=33798"},{"taxonomy":"post_tag","embeddable":true,"href":"https:\/\/13.com.ar\/index.php\/wp-json\/wp\/v2\/tags?post=33798"}],"curies":[{"name":"wp","href":"https:\/\/api.w.org\/{rel}","templated":true}]}}