{"id":33794,"date":"2025-06-14T11:28:29","date_gmt":"2025-06-14T14:28:29","guid":{"rendered":"https:\/\/13.com.ar\/index.php\/mauro-icardi-celebraria-el-dia-del-padre-con-la-china-suarez-lejos-de-sus-hijas-los-detalles\/"},"modified":"2025-06-14T11:28:29","modified_gmt":"2025-06-14T14:28:29","slug":"mauro-icardi-celebraria-el-dia-del-padre-con-la-china-suarez-lejos-de-sus-hijas-los-detalles","status":"publish","type":"post","link":"https:\/\/13.com.ar\/index.php\/mauro-icardi-celebraria-el-dia-del-padre-con-la-china-suarez-lejos-de-sus-hijas-los-detalles\/","title":{"rendered":"Mauro Icardi celebrar\u00eda el D\u00eda del Padre con la China Su\u00e1rez, lejos de sus hijas: los detalles"},"content":{"rendered":"<p> <br \/>\n<br \/><img decoding=\"async\" src=\"https:\/\/13.com.ar\/wp-content\/uploads\/2025\/06\/Mauro-Icardi-celebraria-el-Dia-del-Padre-con-la-China.jpg\" \/><\/p>\n<div id=\"element-body-0\">\n<p>Aunque d\u00edas atr\u00e1s protagoniz\u00f3 un pol\u00e9mico episodio al buscar a su hija menor, Isabella en la escuela junto a Eugenia \u201cLa China\u201d Su\u00e1rez, <strong>Mauro Icardi obtuvo la aprobaci\u00f3n judicial para pasar el D\u00eda del Padre con las peque\u00f1as<\/strong> que tiene en com\u00fan con Wanda Nara. Sin embargo, lejos de mostrarse conforme, el futbolista decidi\u00f3 presentar un descargo ante la Justicia para expresar su rechazo a las condiciones que acompa\u00f1aban el permiso.<\/p>\n<\/div>\n<div id=\"element-body-1\">\n<p>Ahora, trascendi\u00f3 que <strong>el delantero del Galatasaray estar\u00eda considerando celebrar la especial fecha alejada de las menores.<\/strong><\/p>\n<\/div>\n<div id=\"element-body-2\">\n<p>Tras haber confrontado a Wanda Nara en redes sociales por sus declaraciones hacia Eugenia \u201cLa China\u201d Su\u00e1rez, y luego de que su hija menor atravesara una crisis de angustia en la instituci\u00f3n educativa,<strong> Mauro recibi\u00f3 la autorizaci\u00f3n para reencontrarse con ambas hijas el domingo 15 de junio<\/strong> a pesar que el encuentro con Isabella no sali\u00f3 de acuerdo a lo planeado.<\/p>\n<\/div>\n<div id=\"element-body-3\">\n<p>Seg\u00fan determin\u00f3 el juez Hegopi\u00e1n, <strong>el futbolista deber\u00eda encontrarse con las peque\u00f1as entre las 13 y las 17 horas, en el bar del edificio Chateau Libertador<\/strong>, donde la medi\u00e1tica reside estos d\u00edas <strong>sin la presencia de Eugenia \u201cLa China\u201d Su\u00e1rez.<\/strong><\/p>\n<\/div>\n<div id=\"element-body-4\">\n<p>La resoluci\u00f3n tambi\u00e9n contempla que Mauro debe notificarse ante el Ministerio Tutelar de Familia en el momento del encuentro y en caso de que no respete las condiciones o ejerza alg\u00fan tipo de hostigamiento hacia las peque\u00f1as, <strong>el v\u00ednculo con ambas quedar\u00e1 suspendido provisoriamente.<\/strong><\/p>\n<\/div>\n<div id=\"element-body-5\">\n<p>Debido a los requisitos de la Justicia para concretar el encuentro con sus hijas, Icardi escribi\u00f3 un descargo en primera persona mediante el cual evidenci\u00f3 su disconformidad. <\/p>\n<\/div>\n<div id=\"element-body-7\">\n<p>El futbolista tambi\u00e9n<strong> critic\u00f3 la interferencia judicial en su v\u00ednculo con las menores<\/strong> e incluso, <strong>apunt\u00f3 directamente contra Wanda Nara<\/strong>, a quien acus\u00f3 de \u201cinocular odio y resentimiento\u201d en las peque\u00f1as mientras est\u00e1n distanciadas de \u00e9l.<\/p>\n<\/div>\n<div id=\"element-body-8\">\n<p>Seg\u00fan inform\u00f3 Yanina Latorre, <strong>Mauro optar\u00eda por no visitar a Isabella y Francesca en el D\u00eda del Padre, y en cambio estar\u00eda organizando un festejo con La China Su\u00e1rez.<\/strong><\/p>\n<\/div>\n<div id=\"element-body-9\">\n<p>&#8220;(El encuentro) no va a ocurrir, ya se los aviso.<strong> Tiene un asado en la casa con toda la familia de la China incluyendo el padrastro y la madre de Eugenia. Ya mand\u00f3 a comprar la carne y tiene todo listo as\u00ed que \u00e9l no piensa ir al Chateau con sus hijas<\/strong>&#8220;, detall\u00f3 en <em>S\u00e1lvese Quien Pueda<\/em> (Am\u00e9rica TV). <\/p>\n<\/div>\n<div id=\"element-body-10\">\n<p>En este sentido, la conductora cont\u00f3 que sus hijas le hab\u00edan organizado una serie de sorpresas y regalos para agasajarlo en esta fecha tan especial: <strong>&#8220;Ten\u00edan cartulinas y un mont\u00f3n de cosas, y \u00e9l termin\u00f3 presentando un escrito&#8221;. <\/strong> <\/p>\n<\/div>\n<p><h2>En medio del esc\u00e1ndalo, Mauro Icardi despert\u00f3 el enojo de Maxi L\u00f3pez con Wanda Nara <\/h2>\n<\/p>\n<div id=\"element-body-12\">\n<p>Por su parte, Maxi L\u00f3pez tambi\u00e9n se convirti\u00f3 en una figura clave durante el medi\u00e1tico divorcio de Wanda Nara y Mauro Icardi. <\/p>\n<\/div>\n<div id=\"element-body-13\">\n<p>Inicialmente, el exfutbolista mostr\u00f3 mantener una buena relaci\u00f3n con la medi\u00e1tica al pasarla a buscar por el Tribunal de Familia de Mil\u00e1n despu\u00e9s del encuentro que ella mantuvo con el delantero del Galatasaray. No obstante, hoy la din\u00e1mica entre ellos, ser\u00eda distinta.<\/p>\n<\/div>\n<div id=\"element-body-14\">\n<p>La situaci\u00f3n se habr\u00eda originado a partir de la controvertida merienda que Mauro disfrut\u00f3 junto a su hija Francesca y los tres adolescentes que Maxi tiene en com\u00fan con con Wanda (Valentino, Constantino y Benedicto), momento que el futbolista mostr\u00f3 en sus redes sociales.<\/p>\n<\/div>\n<div id=\"element-body-16\">\n<p>&#8220;Wanda lo niega pero<strong> a \u00e9l le molest\u00f3 la foto de Icardi porque ella denunci\u00f3 violencia de Mauro hacia uno de los chicos y es poco serio <\/strong>que los siente a merendar con \u00e9l en el Chateau, y hayan im\u00e1genes&#8221;, devel\u00f3 Latorre. <\/p>\n<\/div>\n<div id=\"element-body-17\">\n<p>Yanina tambi\u00e9n sum\u00f3 que Wanda habr\u00eda ofrecido que sus tres hijos de L\u00f3pez tambi\u00e9n participar\u00e1n del almuerzo que habilit\u00f3 la Justicia para Mauro y sus dos peque\u00f1as, generando malestar en el exdeportista. <\/p>\n<\/div>\n<p><br \/>\n<br \/><a href=\"https:\/\/www.clarin.com\/fama\/mauro-icardi-celebraria-dia-padre-china-suarez-lejos-hijas-detalles_0_JUpiYV31on.html\">Fuente Clarin.com <\/a><\/p>\n","protected":false},"excerpt":{"rendered":"<p>Aunque d\u00edas atr\u00e1s protagoniz\u00f3 un pol\u00e9mico episodio al buscar a su hija menor, Isabella en la escuela junto a Eugenia \u201cLa China\u201d Su\u00e1rez, Mauro Icardi obtuvo la aprobaci\u00f3n judicial para pasar el D\u00eda del Padre con las peque\u00f1as que tiene en com\u00fan con Wanda Nara. Sin embargo, lejos de mostrarse conforme, el futbolista decidi\u00f3 presentar [&hellip;]<\/p>\n","protected":false},"author":1,"featured_media":33795,"comment_status":"open","ping_status":"open","sticky":false,"template":"","format":"standard","meta":{"footnotes":""},"categories":[2],"tags":[21179,72,18,100,924,1154,1744,133,6276,28,132,2157,131,40],"class_list":["post-33794","post","type-post","status-publish","format-standard","has-post-thumbnail","hentry","category-ultimas-noticias","tag-celebraria","tag-china","tag-con","tag-del","tag-detalles","tag-dia","tag-hijas","tag-icardi","tag-lejos","tag-los","tag-mauro","tag-padre","tag-suarez","tag-sus"],"_links":{"self":[{"href":"https:\/\/13.com.ar\/index.php\/wp-json\/wp\/v2\/posts\/33794","targetHints":{"allow":["GET"]}}],"collection":[{"href":"https:\/\/13.com.ar\/index.php\/wp-json\/wp\/v2\/posts"}],"about":[{"href":"https:\/\/13.com.ar\/index.php\/wp-json\/wp\/v2\/types\/post"}],"author":[{"embeddable":true,"href":"https:\/\/13.com.ar\/index.php\/wp-json\/wp\/v2\/users\/1"}],"replies":[{"embeddable":true,"href":"https:\/\/13.com.ar\/index.php\/wp-json\/wp\/v2\/comments?post=33794"}],"version-history":[{"count":0,"href":"https:\/\/13.com.ar\/index.php\/wp-json\/wp\/v2\/posts\/33794\/revisions"}],"wp:featuredmedia":[{"embeddable":true,"href":"https:\/\/13.com.ar\/index.php\/wp-json\/wp\/v2\/media\/33795"}],"wp:attachment":[{"href":"https:\/\/13.com.ar\/index.php\/wp-json\/wp\/v2\/media?parent=33794"}],"wp:term":[{"taxonomy":"category","embeddable":true,"href":"https:\/\/13.com.ar\/index.php\/wp-json\/wp\/v2\/categories?post=33794"},{"taxonomy":"post_tag","embeddable":true,"href":"https:\/\/13.com.ar\/index.php\/wp-json\/wp\/v2\/tags?post=33794"}],"curies":[{"name":"wp","href":"https:\/\/api.w.org\/{rel}","templated":true}]}}