{"id":33792,"date":"2025-06-14T11:25:30","date_gmt":"2025-06-14T14:25:30","guid":{"rendered":"https:\/\/13.com.ar\/index.php\/el-mensaje-de-boudou-a-cristina-kirchner-tras-el-fallo-de-la-corte-por-la-causa-vialidad\/"},"modified":"2025-06-14T11:25:30","modified_gmt":"2025-06-14T14:25:30","slug":"el-mensaje-de-boudou-a-cristina-kirchner-tras-el-fallo-de-la-corte-por-la-causa-vialidad","status":"publish","type":"post","link":"https:\/\/13.com.ar\/index.php\/el-mensaje-de-boudou-a-cristina-kirchner-tras-el-fallo-de-la-corte-por-la-causa-vialidad\/","title":{"rendered":"el mensaje de Boudou a Cristina Kirchner tras el fallo de la Corte por la causa Vialidad"},"content":{"rendered":"<p> <br \/>\n<br \/><img decoding=\"async\" src=\"https:\/\/13.com.ar\/wp-content\/uploads\/2025\/06\/el-mensaje-de-Boudou-a-Cristina-Kirchner-tras-el-fallo.jpg\" \/><\/p>\n<div id=\"element-body-0\">\n<p>El ex ministro de Econom\u00eda y tambi\u00e9n exvicepresidente kirchnerista <strong>Amado Boudou<\/strong> se refiri\u00f3 este s\u00e1bado a la confirmaci\u00f3n de la condena que resolvi\u00f3 la Corte Suprema y que obliga a <strong>Cristina Kirchner a cumplir una pena de seis a\u00f1os de prisi\u00f3n<\/strong>, adem\u00e1s de inhabilitarla de manera perpetua para ejercer cargos p\u00fablicos. <\/p>\n<\/div>\n<div id=\"element-body-1\">\n<p>&#8220;No hay nada que festejar porque <strong>vuelve la dictadura del capital con toda su fuerza<\/strong> a llevar adelante acciones, en este caso sobre la figura m\u00e1s importante de la pol\u00edtica argentina sin ningun lugar a dudas. Sobre el cuerpo de Cristina&#8221;, dijo Boudou, tambi\u00e9n condenado por corrupci\u00f3n. El economista fue hallado culpable en la causa Ciccone.<\/p>\n<\/div>\n<div id=\"element-body-2\">\n<p>Boudou insisti\u00f3 que &#8220;no hay nada que festejar, como no hubo nada que festejar con el bombardeo a la Plaza de Mayo, nada que festejar como con la dictadura c\u00edvico-militar (&#8230;). No hay nada que festejar como cuando volvi\u00f3 la dictadura de la mano de Macri, nada que festejar como cuando asumi\u00f3 Milei. Todos hitos de la violencia del capital&#8221;. Y agreg\u00f3, enf\u00e1tico: &#8220;<strong>Fue una condena ama\u00f1ada, trucha, televisiva<\/strong>&#8220;.<\/p>\n<\/div>\n<div id=\"element-body-3\">\n<p>El tambi\u00e9n extitular de la ANSES hizo un editorial en la radio <em>AM 530<\/em> que titul\u00f3 &#8220;Nada que festejar&#8221;, y repiti\u00f3 la idea de que la condena no tiene que ver con la corrupci\u00f3n sino con &#8220;la violencia del capital para restringir derechos de las grandes mayor\u00edas&#8221;.<\/p>\n<\/div>\n<div id=\"element-body-4\">\n<p>Boudou, que esta semana volvi\u00f3 a estar en el centro de la escena por la demanda de la ANSES, a instancias del Ministerio de Capital Humano que conduce Sandra Pettovello, para que devuelva una cifra millonaria por la jubilaci\u00f3n de privilegio que cobr\u00f3 mientras estuvo condenado por corrupci\u00f3n.<\/p>\n<\/div>\n<div id=\"element-body-5\">\n<p>El organismo previsional sostuvo en un comunicado que la demanda es &#8220;a efectos del recupero de los haberes percibidos indebidamente por Amado Boudou durante la vigencia de la asignaci\u00f3n mensual vitalicia de la que resultaba titular (asignaci\u00f3n de privilegio revocada por resultar autor penalmente responsable de los delitos de COHECHO PASIVO Y NEGOCIACIONES INCOMPATIBLES CON LA FUNCI\u00d3N P\u00daBLICA)&#8221;.<\/p>\n<\/div>\n<div id=\"element-body-6\">\n<p>En su extenso editorial, Boudou consider\u00f3 que la condena era &#8220;el gran objeto de deseo desde hace rato, dir\u00eda desde 2008 para proscribir a Cristina Kirchner&#8221;.<\/p>\n<\/div>\n<div id=\"element-body-7\">\n<p>&#8220;Hay un solo objetivo detras de la proscripci\u00f3n, que unos poquitos se queden con todo&#8221;, insisti\u00f3 el economista, quien parte de su condena en el penal de Ezeiza y despu\u00e9s le otorgaron la prisi\u00f3n domiciliaria. <\/p>\n<\/div>\n<div id=\"element-body-8\">\n<p>Para Boudou, &#8220;no es el derecho de ella (Cristina) el que se est\u00e1 cercenando, <strong>es el derecho de millones de personas que queremos y quieren votarla<\/strong>&#8220;.<\/p>\n<\/div>\n<div id=\"element-body-10\">\n<p>Boudou hizo referencia a los reclamos de unidad al interior del peronismo, y puso el foco en la figura de Cristina. &#8220;Se habla tanto de unidad, hay una oportunidad como nunca de consolidar f\u00e1cticamente una unidad con sentido y es organizarse alrededor de la figura de Cristina Fern\u00e1ndez de Kirchner para lo que viene&#8221;, dijo.<\/p>\n<\/div>\n<div id=\"element-body-11\">\n<p>Para el exfuncionario, es necesario &#8220;convertir toda la violencia, como hicieron las Madres, en las fuerzas del pueblo para recuperar el Gobierno. Porque<strong> pol\u00edtica se puede hacer desde cualquier lado<\/strong>, a\u00fan desde la c\u00e1rcel. A\u00fan desde la prisi\u00f3n domiciliaria&#8221;. <\/p>\n<\/div>\n<p><br \/>\n<br \/><a href=\"https:\/\/www.clarin.com\/politica\/condenado-corrupcion-mensaje-amadou-boudou-cristina-kirchner-fallo-corte-causa-vialidad_0_hxoTFuKKnc.html\">Fuente Clarin.com <\/a><\/p>\n","protected":false},"excerpt":{"rendered":"<p>El ex ministro de Econom\u00eda y tambi\u00e9n exvicepresidente kirchnerista Amado Boudou se refiri\u00f3 este s\u00e1bado a la confirmaci\u00f3n de la condena que resolvi\u00f3 la Corte Suprema y que obliga a Cristina Kirchner a cumplir una pena de seis a\u00f1os de prisi\u00f3n, adem\u00e1s de inhabilitarla de manera perpetua para ejercer cargos p\u00fablicos. &#8220;No hay nada que [&hellip;]<\/p>\n","protected":false},"author":1,"featured_media":33793,"comment_status":"open","ping_status":"open","sticky":false,"template":"","format":"standard","meta":{"footnotes":""},"categories":[2],"tags":[3382,1663,297,497,1969,1381,211,142,312,13901],"class_list":["post-33792","post","type-post","status-publish","format-standard","has-post-thumbnail","hentry","category-ultimas-noticias","tag-boudou","tag-causa","tag-corte","tag-cristina","tag-fallo","tag-kirchner","tag-mensaje","tag-por","tag-tras","tag-vialidad"],"_links":{"self":[{"href":"https:\/\/13.com.ar\/index.php\/wp-json\/wp\/v2\/posts\/33792","targetHints":{"allow":["GET"]}}],"collection":[{"href":"https:\/\/13.com.ar\/index.php\/wp-json\/wp\/v2\/posts"}],"about":[{"href":"https:\/\/13.com.ar\/index.php\/wp-json\/wp\/v2\/types\/post"}],"author":[{"embeddable":true,"href":"https:\/\/13.com.ar\/index.php\/wp-json\/wp\/v2\/users\/1"}],"replies":[{"embeddable":true,"href":"https:\/\/13.com.ar\/index.php\/wp-json\/wp\/v2\/comments?post=33792"}],"version-history":[{"count":0,"href":"https:\/\/13.com.ar\/index.php\/wp-json\/wp\/v2\/posts\/33792\/revisions"}],"wp:featuredmedia":[{"embeddable":true,"href":"https:\/\/13.com.ar\/index.php\/wp-json\/wp\/v2\/media\/33793"}],"wp:attachment":[{"href":"https:\/\/13.com.ar\/index.php\/wp-json\/wp\/v2\/media?parent=33792"}],"wp:term":[{"taxonomy":"category","embeddable":true,"href":"https:\/\/13.com.ar\/index.php\/wp-json\/wp\/v2\/categories?post=33792"},{"taxonomy":"post_tag","embeddable":true,"href":"https:\/\/13.com.ar\/index.php\/wp-json\/wp\/v2\/tags?post=33792"}],"curies":[{"name":"wp","href":"https:\/\/api.w.org\/{rel}","templated":true}]}}