{"id":33789,"date":"2025-06-14T11:04:33","date_gmt":"2025-06-14T14:04:33","guid":{"rendered":"https:\/\/13.com.ar\/index.php\/david-beckham-fue-galardonado-por-el-rey-carlos-iii-con-el-titulo-de-caballero-por-su-carrera-como-futbolista-y-por-sus-actividades-caritativas\/"},"modified":"2025-06-14T11:04:33","modified_gmt":"2025-06-14T14:04:33","slug":"david-beckham-fue-galardonado-por-el-rey-carlos-iii-con-el-titulo-de-caballero-por-su-carrera-como-futbolista-y-por-sus-actividades-caritativas","status":"publish","type":"post","link":"https:\/\/13.com.ar\/index.php\/david-beckham-fue-galardonado-por-el-rey-carlos-iii-con-el-titulo-de-caballero-por-su-carrera-como-futbolista-y-por-sus-actividades-caritativas\/","title":{"rendered":"David Beckham fue galardonado por el Rey Carlos III con el t\u00edtulo de Caballero por su carrera como futbolista y por sus actividades caritativas"},"content":{"rendered":"<p> <br \/>\n<br \/><img decoding=\"async\" src=\"https:\/\/13.com.ar\/wp-content\/uploads\/2025\/06\/David-Beckham-fue-galardonado-por-el-Rey-Carlos-III-con.jpg\" \/><\/p>\n<div id=\"element-body-0\">\n<p>A partir de este s\u00e1bado, los brit\u00e1nicos que todav\u00eda respeten sus tradiciones mon\u00e1rquicas deber\u00e1n anteponer la palabra \u201c<strong>sir<\/strong>\u201d al nombrar a <strong>David Beckham<\/strong>. El excapit\u00e1n del seleccionado ingl\u00e9s de f\u00fatbol fue <strong>galardonado con el t\u00edtulo de Caballero<\/strong> durante la jornada de celebraci\u00f3n del <strong>Cumplea\u00f1os del Rey<\/strong>, que se festeja el segundo s\u00e1bado de junio desde hace 66 a\u00f1os, pese a que no coincid\u00eda con el aniversario del natalicio <strong>Isabel II<\/strong> y tampoco coincide con el del actual monarca, <strong>Carlos III<\/strong>.<\/p>\n<\/div>\n<div id=\"element-body-1\">\n<p>Beckham, de 50 a\u00f1os,<strong> fue reconocido tanto por su carrera como futbolista como por sus actividades caritativas<\/strong>. El exjugador de Manchester United, Real Madrid, Milan, Par\u00eds Saint-Germain y Los \u00c1ngeles Galaxy es, desde 2005, Embajador de Buena Voluntad del Fondo de las Naciones Unidas para la Infancia (Unicef).<\/p>\n<\/div>\n<div id=\"element-body-2\">\n<p>Desde ese rol y para celebrar los 10 a\u00f1os de acci\u00f3n compartida, el exmediocampista lanz\u00f3 en 2015 el Fondo 7, destinado a ayudar a ni\u00f1os de todo el mundo, especialmente a las ni\u00f1as, a superar barreras como el acoso escolar, la violencia, el matrimonio infantil y la falta de acceso a la educaci\u00f3n.<\/p>\n<\/div>\n<div id=\"element-body-3\">\n<p>El hombre que disput\u00f3 115 partidos con el seleccionado ingl\u00e9s y que se retir\u00f3 en 2013 tambi\u00e9n apoya a distintas organizaciones ben\u00e9ficas que act\u00faan en el Reino Unido como Chelsea Pensioners, Help for Heroes, Great Ormond Street Hospital, Age UK y el servicio de ambulancias a\u00e9reas de Londres.<\/p>\n<\/div>\n<div id=\"element-body-5\">\n<p>\u201cHaber jugado y capitaneado a mi pa\u00eds fue el mayor privilegio de mi carrera y un sue\u00f1o de la infancia hecho realidad. Fuera de la cancha, tuve la suerte de representar a Gran Breta\u00f1a en todo el mundo y trabajar con organizaciones incre\u00edbles que apoyan a comunidades necesitadas e inspiran a la pr\u00f3xima generaci\u00f3n. Tengo much\u00edsima suerte de poder hacer el trabajo que hago y estoy agradecido de que se reconozca mi labor, que me llena de satisfacci\u00f3n\u201d, celebr\u00f3 Beckham en declaraciones recogidas por la agencia de noticias PA.<\/p>\n<\/div>\n<div id=\"element-body-6\">\n<p>\u201cAl haber crecido en el este de Londres con padres y abuelos tan patriotas y orgullosos de ser brit\u00e1nicos, nunca imagin\u00e9 que recibir\u00eda un honor as\u00ed. Me llevar\u00e1 un tiempo asimilar la noticia, pero estoy inmensamente orgulloso y es un momento muy emotivo para compartir con mi familia\u201d, a\u00f1adi\u00f3 el copropietario de Inter Miami, quien en 2003, durante el reinado de Isabel II, hab\u00eda sido nombrado oficial de la Orden del Imperio Brit\u00e1nico (OBE).<\/p>\n<\/div>\n<div id=\"element-body-7\">\n<blockquote class=\"twitter-tweet\">\n<p lang=\"en\" dir=\"ltr\">Sir David Beckham \ud83c\udff4\udb40\udc67\udb40\udc62\udb40\udc65\udb40\udc6e\udb40\udc67\udb40\udc7f\ud83e\udd29<\/p>\n<p>Congratulations to our former captain, who has been awarded a Knighthood for his services to sport and charity! <a rel=\"nofollow\" target=\"_blank\" href=\"https:\/\/t.co\/G9zypNBgHx\">pic.twitter.com\/G9zypNBgHx<\/a><\/p>\n<p>\u2014 England (@England) <a rel=\"nofollow\" target=\"_blank\" href=\"https:\/\/twitter.com\/England\/status\/1933791705167507890?ref_src=twsrc%5Etfw\">June 14, 2025<\/a><\/p><\/blockquote>\n<\/div>\n<div id=\"element-body-8\">\n<p>La noticia gener\u00f3 reacciones inmediatas, sobre todo en el Reino Unido. \u201c\u00a1Felicitaciones a nuestro excapit\u00e1n, quien ha sido galardonado con el t\u00edtulo de Caballero por sus servicios al deporte y la caridad!\u201d, public\u00f3 la Asociaci\u00f3n Inglesa de F\u00fatbol (FA) en sus cuentas de las distintas redes sociales. \u201cMuchas felicitaciones de parte de todo el equipo del United por este logro tan especial, Becks. Realmente te lo merec\u00e9s\u201d, se sum\u00f3 Manchester United.<\/p>\n<\/div>\n<div id=\"element-body-9\">\n<p>Hace algunas semanas, cuando ya era un secreto a voces que el exmediocampista ser\u00eda galardonado, uno de sus excompa\u00f1eros en el United y en el seleccionado, Wayne Rooney, tambi\u00e9n lo hab\u00eda elogiado por su actividad extradeportiva. \u201cEs un gran embajador del f\u00fatbol y del pa\u00eds. Todos somos testigos de la labor ben\u00e9fica que realiz\u00f3 durante tantos a\u00f1os y seguro seguir\u00e1 realizando. A nivel mundial, es un gran icono con el que cualquier organizaci\u00f3n ben\u00e9fica colabora y enorgullece a todos recaudando grandes sumas de dinero\u201d, afirm\u00f3 el exdelantero en una entrevista en BBC Sports.<\/p>\n<\/div>\n<div id=\"element-body-10\">\n<blockquote class=\"twitter-tweet\">\n<p lang=\"en\" dir=\"ltr\">Sir David Beckham \ud83e\udd29<\/p>\n<p>Massive congratulations from everyone at United on this special achievement, Becks \u2014 you truly deserve this \u2764\ufe0f\ud83c\udff4\udb40\udc67\udb40\udc62\udb40\udc65\udb40\udc6e\udb40\udc67\udb40\udc7f<a rel=\"nofollow\" target=\"_blank\" href=\"https:\/\/twitter.com\/hashtag\/MUFC?src=hash&amp;ref_src=twsrc%5Etfw\">#MUFC<\/a> <a rel=\"nofollow\" target=\"_blank\" href=\"https:\/\/t.co\/Brf9kcAdmi\">pic.twitter.com\/Brf9kcAdmi<\/a><\/p>\n<p>\u2014 Manchester United (@ManUtd) <a rel=\"nofollow\" target=\"_blank\" href=\"https:\/\/twitter.com\/ManUtd\/status\/1933645759582175714?ref_src=twsrc%5Etfw\">June 13, 2025<\/a><\/p><\/blockquote>\n<\/div>\n<div id=\"element-body-11\">\n<p>Beckham fue uno de los m\u00e1s de 1.200 brit\u00e1nicos que este s\u00e1bado recibieron honores  como parte de la celebraci\u00f3n del Cumplea\u00f1os del Rey, entre los cuales hay varios deportistas y exdeportistas como el exrugbier Billy Boston, la extenista Virginia Wade, la futbolista Rachel Daly, la boxeadora Natasha Jonas, el exjugador de bolos David Lawrence y los lanzadores de dardos Luke Littler y Luke Humphries.<\/p>\n<\/div>\n<div id=\"element-body-12\">\n<p>Fuera del \u00e1mbito del deporte, tambi\u00e9n fueron distinguidas figuras como el m\u00fasico Roger Daltrey (miembro fundador y cantante de la banda The Who), el actor Gary Oldman, la cantante y actriz Elaine Paige, la novelista Pat Baker y la exsecretaria de Defensa Penny Mordaunt.<\/p>\n<\/div>\n<p><script async src=\"\/\/platform.twitter.com\/widgets.js\" charset=\"utf-8\"><\/script><br \/>\n<br \/><br \/>\n<br \/><a href=\"https:\/\/www.clarin.com\/deportes\/david-beckham-galardonado-rey-carlos-iii-titulo-caballero-carrera-futbolista-actividades-caritativas_0_TKXx04lO7v.html\">Fuente Clarin.com <\/a><\/p>\n","protected":false},"excerpt":{"rendered":"<p>A partir de este s\u00e1bado, los brit\u00e1nicos que todav\u00eda respeten sus tradiciones mon\u00e1rquicas deber\u00e1n anteponer la palabra \u201csir\u201d al nombrar a David Beckham. El excapit\u00e1n del seleccionado ingl\u00e9s de f\u00fatbol fue galardonado con el t\u00edtulo de Caballero durante la jornada de celebraci\u00f3n del Cumplea\u00f1os del Rey, que se festeja el segundo s\u00e1bado de junio desde [&hellip;]<\/p>\n","protected":false},"author":1,"featured_media":33790,"comment_status":"open","ping_status":"open","sticky":false,"template":"","format":"standard","meta":{"footnotes":""},"categories":[2],"tags":[275,1597,16089,21178,3559,604,66,18,358,105,3748,21177,3560,142,3558,40,5752],"class_list":["post-33789","post","type-post","status-publish","format-standard","has-post-thumbnail","hentry","category-ultimas-noticias","tag-actividades","tag-beckham","tag-caballero","tag-caritativas","tag-carlos","tag-carrera","tag-como","tag-con","tag-david","tag-fue","tag-futbolista","tag-galardonado","tag-iii","tag-por","tag-rey","tag-sus","tag-titulo"],"_links":{"self":[{"href":"https:\/\/13.com.ar\/index.php\/wp-json\/wp\/v2\/posts\/33789","targetHints":{"allow":["GET"]}}],"collection":[{"href":"https:\/\/13.com.ar\/index.php\/wp-json\/wp\/v2\/posts"}],"about":[{"href":"https:\/\/13.com.ar\/index.php\/wp-json\/wp\/v2\/types\/post"}],"author":[{"embeddable":true,"href":"https:\/\/13.com.ar\/index.php\/wp-json\/wp\/v2\/users\/1"}],"replies":[{"embeddable":true,"href":"https:\/\/13.com.ar\/index.php\/wp-json\/wp\/v2\/comments?post=33789"}],"version-history":[{"count":0,"href":"https:\/\/13.com.ar\/index.php\/wp-json\/wp\/v2\/posts\/33789\/revisions"}],"wp:featuredmedia":[{"embeddable":true,"href":"https:\/\/13.com.ar\/index.php\/wp-json\/wp\/v2\/media\/33790"}],"wp:attachment":[{"href":"https:\/\/13.com.ar\/index.php\/wp-json\/wp\/v2\/media?parent=33789"}],"wp:term":[{"taxonomy":"category","embeddable":true,"href":"https:\/\/13.com.ar\/index.php\/wp-json\/wp\/v2\/categories?post=33789"},{"taxonomy":"post_tag","embeddable":true,"href":"https:\/\/13.com.ar\/index.php\/wp-json\/wp\/v2\/tags?post=33789"}],"curies":[{"name":"wp","href":"https:\/\/api.w.org\/{rel}","templated":true}]}}