{"id":33787,"date":"2025-06-14T10:49:30","date_gmt":"2025-06-14T13:49:30","guid":{"rendered":"https:\/\/13.com.ar\/index.php\/recibio-la-visa-sobre-la-hora-llego-a-miami-y-boca-tiene-el-plantel-completo\/"},"modified":"2025-06-14T10:49:30","modified_gmt":"2025-06-14T13:49:30","slug":"recibio-la-visa-sobre-la-hora-llego-a-miami-y-boca-tiene-el-plantel-completo","status":"publish","type":"post","link":"https:\/\/13.com.ar\/index.php\/recibio-la-visa-sobre-la-hora-llego-a-miami-y-boca-tiene-el-plantel-completo\/","title":{"rendered":"recibi\u00f3 la visa sobre la hora, lleg\u00f3 a Miami y Boca tiene el plantel completo"},"content":{"rendered":"<p> <br \/>\n<br \/><img decoding=\"async\" src=\"https:\/\/13.com.ar\/wp-content\/uploads\/2025\/06\/recibio-la-visa-sobre-la-hora-llego-a-Miami-y.jpg\" \/><\/p>\n<div id=\"element-body-0\">\n<p>Ayrton Costa ya est\u00e1 en Estados Unidos. El defensor central zurdo puso los dos pies en Miami y ya se sum\u00f3 al plantel de Boca que conduce Miguel Angel Russo para disputar el Mundial de Clubes. Lleg\u00f3 cerca de las 9 de la ma\u00f1ana, hora local, al hotel de la delegaci\u00f3n argentina y hasta dio sus sensaciones tras largas semanas de incertidumbre.<\/p>\n<\/div>\n<div id=\"element-body-1\">\n<p>El visado de Costa no fue sencillo de conseguir. Fue una larga gesti\u00f3n del presidente del club, Juan Rom\u00e1n Riquelme, que movi\u00f3 sus influencias en la FIFA y puso a trabajar al cuerpo de abogados del club para destrabar la situaci\u00f3n.<\/p>\n<\/div>\n<div id=\"element-body-2\">\n<p>Es que el defensor nacido en Quilmes tiene dos causas judiciales que no prosperaron formalmente en la justicia, pero que pusieron a Costa bajo la lupa de la Embajada de Estados Unidos en Buenos Aires. Una es por un robo a una casa en el que qued\u00f3 involucrado (&#8220;escruche&#8221;, como se le dice en la jerga) y la otra es por la sospecha de encubrir a su hermano Carlos, acusado de comter el femicidio de su pareja.<\/p>\n<\/div>\n<div id=\"element-body-3\">\n<blockquote class=\"twitter-tweet\">\n<p lang=\"en\" dir=\"ltr\">All in \ud83e\udd19 \ud83d\ude0e <a rel=\"nofollow\" target=\"_blank\" href=\"https:\/\/t.co\/Pj7l2qVt9j\">pic.twitter.com\/Pj7l2qVt9j<\/a><\/p>\n<p>\u2014 Boca Juniors (@BocaJrsOficial) <a rel=\"nofollow\" target=\"_blank\" href=\"https:\/\/twitter.com\/BocaJrsOficial\/status\/1933868811964293535?ref_src=twsrc%5Etfw\">June 14, 2025<\/a><\/p><\/blockquote>\n<\/div>\n<div id=\"element-body-4\">\n<p>Ayrton Costa consigui\u00f3 un permiso especial para disputar el Mundial de Clubes. El sellado que le hicieron en su pasaporte es por 26 d\u00edas, \u00fanicamente para jugar el Mundial de Clubes.<\/p>\n<\/div>\n<div id=\"element-body-6\">\n<p>Ahora Russo suma una variante clave para un sector sensible de la defensa. El flamante refuerzo, Marco Pellegrino, se recupera de un desgarro -lo mismo que Mateo Mend\u00eda- y Marcos Rojo no llega en su mejor momento con la gente.<\/p>\n<\/div>\n<div id=\"element-body-7\">\n<p>De todas formas, Russo apostar\u00eda por Rojo para el debut ante Benfica, aunque la llegada de Costa aumenta la competencia interna, como pretende el entrenador.<\/p>\n<\/div>\n<div id=\"element-body-8\">\n<p>El ex defensor de Independiente, al llegar al hotel donde se aloja el Xeneize en Fort Lauderdale expres\u00f3 su felicidad por ya estar junto a sus compa\u00f1eros para disputar el certamen.<\/p>\n<\/div>\n<div id=\"element-body-9\">\n<p>&#8220;La verdad, estoy muy contento y agradecido al club que me aguant\u00f3 hasta el final y a Russo que me meti\u00f3 en la lista&#8221;, dijo el zaguero, quien destac\u00f3 una vez m\u00e1s al DT. &#8220;Se la jug\u00f3 por mi&#8221;.<\/p>\n<\/div>\n<div id=\"element-body-11\">\n<p>&#8220;Ahora a dejar todo hasta el final&#8221;, a\u00f1adi\u00f3 Costa con tono firme y ansioso para comenzar a disputar los partidos que le esperan al equipo frente a Benfica, Bayern M\u00fanich y Auckland City en primera fase.<\/p>\n<\/div>\n<div id=\"element-body-12\">\n<p>Luego, cont\u00f3 que le hab\u00edan dicho que le avisar\u00edan sin iban a entregar la visa o no v\u00eda mail, pero la comunicaci\u00f3n no fue la esperada.<\/p>\n<\/div>\n<div id=\"element-body-13\">\n<p>&#8220;Me dijeron que me iban a confirmar la visa por mail, pero me llamaron de un n\u00famero oculto como cuatro veces, no iba a atender, pero atend\u00ed y me enter\u00e9&#8221;, revel\u00f3.<\/p>\n<\/div>\n<div id=\"element-body-14\">\n<p>Respecto a las expectativas con las que llega a Estados Unidos y de cara al compromiso deportivo, el defensor dijo que responder\u00e1 &#8220;dentro de la cancha&#8221; y avis\u00f3: &#8220;Tenemos un gran equipo, somos Boca, somos muy grandes&#8221;.<\/p>\n<\/div>\n<p><script async src=\"\/\/platform.twitter.com\/widgets.js\" charset=\"utf-8\"><\/script><br \/>\n<br \/><br \/>\n<br \/><a href=\"https:\/\/www.clarin.com\/deportes\/ayrton-costa-ultimo-pasajero-recibio-visa-hora-llego-miami-boca-plantel-completo_0_JX4JT9VYnc.html\">Fuente Clarin.com <\/a><\/p>\n","protected":false},"excerpt":{"rendered":"<p>Ayrton Costa ya est\u00e1 en Estados Unidos. El defensor central zurdo puso los dos pies en Miami y ya se sum\u00f3 al plantel de Boca que conduce Miguel Angel Russo para disputar el Mundial de Clubes. Lleg\u00f3 cerca de las 9 de la ma\u00f1ana, hora local, al hotel de la delegaci\u00f3n argentina y hasta dio [&hellip;]<\/p>\n","protected":false},"author":1,"featured_media":33788,"comment_status":"open","ping_status":"open","sticky":false,"template":"","format":"standard","meta":{"footnotes":""},"categories":[2],"tags":[707,1471,713,1096,4714,7256,1363,732,1486,5459],"class_list":["post-33787","post","type-post","status-publish","format-standard","has-post-thumbnail","hentry","category-ultimas-noticias","tag-boca","tag-completo","tag-hora","tag-llego","tag-miami","tag-plantel","tag-recibio","tag-sobre","tag-tiene","tag-visa"],"_links":{"self":[{"href":"https:\/\/13.com.ar\/index.php\/wp-json\/wp\/v2\/posts\/33787","targetHints":{"allow":["GET"]}}],"collection":[{"href":"https:\/\/13.com.ar\/index.php\/wp-json\/wp\/v2\/posts"}],"about":[{"href":"https:\/\/13.com.ar\/index.php\/wp-json\/wp\/v2\/types\/post"}],"author":[{"embeddable":true,"href":"https:\/\/13.com.ar\/index.php\/wp-json\/wp\/v2\/users\/1"}],"replies":[{"embeddable":true,"href":"https:\/\/13.com.ar\/index.php\/wp-json\/wp\/v2\/comments?post=33787"}],"version-history":[{"count":0,"href":"https:\/\/13.com.ar\/index.php\/wp-json\/wp\/v2\/posts\/33787\/revisions"}],"wp:featuredmedia":[{"embeddable":true,"href":"https:\/\/13.com.ar\/index.php\/wp-json\/wp\/v2\/media\/33788"}],"wp:attachment":[{"href":"https:\/\/13.com.ar\/index.php\/wp-json\/wp\/v2\/media?parent=33787"}],"wp:term":[{"taxonomy":"category","embeddable":true,"href":"https:\/\/13.com.ar\/index.php\/wp-json\/wp\/v2\/categories?post=33787"},{"taxonomy":"post_tag","embeddable":true,"href":"https:\/\/13.com.ar\/index.php\/wp-json\/wp\/v2\/tags?post=33787"}],"curies":[{"name":"wp","href":"https:\/\/api.w.org\/{rel}","templated":true}]}}