{"id":33784,"date":"2025-06-14T10:43:33","date_gmt":"2025-06-14T13:43:33","guid":{"rendered":"https:\/\/13.com.ar\/index.php\/confirmaron-la-causa-de-muerte-de-la-estrella-de-tiktok-joshua-blackledge\/"},"modified":"2025-06-14T10:43:33","modified_gmt":"2025-06-14T13:43:33","slug":"confirmaron-la-causa-de-muerte-de-la-estrella-de-tiktok-joshua-blackledge","status":"publish","type":"post","link":"https:\/\/13.com.ar\/index.php\/confirmaron-la-causa-de-muerte-de-la-estrella-de-tiktok-joshua-blackledge\/","title":{"rendered":"Confirmaron la causa de muerte de la estrella de TikTok Joshua Blackledge"},"content":{"rendered":"<p> <br \/>\n<br \/><img decoding=\"async\" src=\"https:\/\/13.com.ar\/wp-content\/uploads\/2025\/03\/Quien-es-Joshua-Blackledge-la-estrella-de-Tik-Tok-que.jpg\" \/><\/p>\n<div id=\"element-body-0\">\n<p>A casi tres meses su muerte, se confirm\u00f3 que la estrella de TikTok <strong>Joshua Blackledge<\/strong> \u2014de 16 a\u00f1os\u2014 se suicid\u00f3 en su casa de Newport, Carolina del Norte, Estados Unidos. <\/p>\n<\/div>\n<div id=\"element-body-1\">\n<p>As\u00ed lo confirm\u00f3 el medio estadounidense <em>Us Weekly<\/em>, que accedi\u00f3 a un documento, el cual se\u00f1ala que la causa de muerte fue una <strong>herida de bala en la cabeza<\/strong>. <\/p>\n<\/div>\n<div id=\"element-body-2\">\n<p>Un familiar lo hall\u00f3 el 18 de marzo en su casa junto con un osito de peluche, una nota de papel y una imagen. La autopsia no encontr\u00f3 indicios de consumo de drogas, pero la familia asegur\u00f3 que <strong>el influencer hab\u00eda \u201cexhibido cambios de comportamiento\u201d <\/strong>durante el \u00faltimo a\u00f1o.<\/p>\n<\/div>\n<div id=\"element-body-4\">\n<p>El 23 de marzo, los familiares, amigos y seres queridos se despidieron de Joshua en el <strong>Camp Albemarle de Newport<\/strong>. \u201cNuestros corazones est\u00e1n con su familia, amigos y toda la comunidad escolar durante este momento dif\u00edcil\u201d, escribi\u00f3 la escuela del joven en sus redes sociales.<\/p>\n<\/div>\n<div id=\"element-body-5\">\n<p>Tras la noticia de su muerte, la instituci\u00f3n realiz\u00f3 un evento solidario para &#8220;honrar el esp\u00edritu vibrante&#8221; de Joshua y &#8220;el impacto que tuvo en muchos&#8221;. &#8220;Un\u00e1monos para recordar a Josh, compartir historias y apoyarnos unos a otros mientras celebramos la vida de un joven extraordinario&#8221;, expresaron en otro posteo.<\/p>\n<\/div>\n<div id=\"element-body-7\">\n<p><strong>Joshua Jeremiah Blackledge<\/strong> ten\u00eda 16 a\u00f1os y cursaba el tercer a\u00f1o West Carteret High School. <strong>Sus amigos lo llamaban \u201cJosh\u201d<\/strong>. De acuerdo con su obituario, a Josh le gustaba competir en lucha y atletismo en el equipo de su secundaria.<\/p>\n<\/div>\n<div id=\"element-body-8\">\n<p>\u201c<strong>Ten\u00eda una pasi\u00f3n por el aire libre y le encantaba estar cerca del agua<\/strong>, ya sea pescando o navegando con amigos\u201d, se\u00f1ala el texto, Tambi\u00e9n era un apasionado de la velocidad, ya que le gustaban los autos, aunque ten\u00eda predilecci\u00f3n por los camiones.<\/p>\n<\/div>\n<div id=\"element-body-9\">\n<p>Con su madre <strong>Jackie Blackledge <\/strong>compart\u00eda la pasi\u00f3n por la jardiner\u00eda y el cuidado del patio de su casa. \u201c<strong>Ten\u00eda un esp\u00edritu en\u00e9rgico y era conocido por su car\u00e1cter divertido<\/strong>. Siempre impresionaba a todos con sus habilidades y piruetas\u201d, cont\u00f3 la familia<\/p>\n<\/div>\n<div id=\"element-body-11\">\n<p>Sus seres queridos aseguraron que Joshua ten\u00eda una gran \u201centusiasmo\u201d y \u201camor por la vida\u201d. \u201cQue su memoria traiga consuelo a todos los que lloran su muerte\u201d, expresaron.<\/p>\n<\/div>\n<div id=\"element-body-12\">\n<p>En su perfil de TikTok ten\u00eda m\u00e1s de un mill\u00f3n de seguidores, donde compart\u00eda sus clips de baile, canto y sus videos relacionados con autos. Adem\u00e1s, sol\u00eda mostrar su vida diaria junto a su novia <strong>Emmie Gillikin<\/strong>, otra celebridad en redes sociales.<\/p>\n<\/div>\n<div id=\"element-body-13\">\n<p>En su \u00faltimo video compartido en la red social el 14 de marzo se lo puede ver a \u00e9l junto a sus amigos cerca de una camioneta blanca en el terreno de una casa.<\/p>\n<\/div>\n<div id=\"element-body-15\">\n<p>Su novia <strong>Emmie lo despidi\u00f3 a trav\u00e9s de una serie de posteos<\/strong> emotivos en TikTok e Instagram. \u201cExtra\u00f1o a este dulce ni\u00f1o ahora mismo. Nunca pens\u00e9 que estar\u00eda ac\u00e1 sin vos\u201d, expres\u00f3 seg\u00fan la revista <em>People<\/em>. <\/p>\n<\/div>\n<div id=\"element-body-16\">\n<p>\u201cJosh me ense\u00f1\u00f3 lo que es el amor de verdad, aunque soy muy joven. <strong>Siempre me hac\u00eda sonre\u00edr, por mucho que me enojara con \u00e9l.<\/strong> Incluso despu\u00e9s de estos \u00faltimos d\u00edas, nada parece real y siento todas las emociones\u201d, agreg\u00f3. <\/p>\n<\/div>\n<p><br \/>\n<br \/><a href=\"https:\/\/www.clarin.com\/internacional\/confirmaron-causa-muerte-estrella-tiktok-joshua-blackledge_0_JdoZU2pV8F.html\">Fuente Clarin.com <\/a><\/p>\n","protected":false},"excerpt":{"rendered":"<p>A casi tres meses su muerte, se confirm\u00f3 que la estrella de TikTok Joshua Blackledge \u2014de 16 a\u00f1os\u2014 se suicid\u00f3 en su casa de Newport, Carolina del Norte, Estados Unidos. As\u00ed lo confirm\u00f3 el medio estadounidense Us Weekly, que accedi\u00f3 a un documento, el cual se\u00f1ala que la causa de muerte fue una herida de [&hellip;]<\/p>\n","protected":false},"author":1,"featured_media":15733,"comment_status":"open","ping_status":"open","sticky":false,"template":"","format":"standard","meta":{"footnotes":""},"categories":[2],"tags":[14018,1663,6733,516,11878,1506,7921],"class_list":["post-33784","post","type-post","status-publish","format-standard","has-post-thumbnail","hentry","category-ultimas-noticias","tag-blackledge","tag-causa","tag-confirmaron","tag-estrella","tag-joshua","tag-muerte","tag-tiktok"],"_links":{"self":[{"href":"https:\/\/13.com.ar\/index.php\/wp-json\/wp\/v2\/posts\/33784","targetHints":{"allow":["GET"]}}],"collection":[{"href":"https:\/\/13.com.ar\/index.php\/wp-json\/wp\/v2\/posts"}],"about":[{"href":"https:\/\/13.com.ar\/index.php\/wp-json\/wp\/v2\/types\/post"}],"author":[{"embeddable":true,"href":"https:\/\/13.com.ar\/index.php\/wp-json\/wp\/v2\/users\/1"}],"replies":[{"embeddable":true,"href":"https:\/\/13.com.ar\/index.php\/wp-json\/wp\/v2\/comments?post=33784"}],"version-history":[{"count":0,"href":"https:\/\/13.com.ar\/index.php\/wp-json\/wp\/v2\/posts\/33784\/revisions"}],"wp:featuredmedia":[{"embeddable":true,"href":"https:\/\/13.com.ar\/index.php\/wp-json\/wp\/v2\/media\/15733"}],"wp:attachment":[{"href":"https:\/\/13.com.ar\/index.php\/wp-json\/wp\/v2\/media?parent=33784"}],"wp:term":[{"taxonomy":"category","embeddable":true,"href":"https:\/\/13.com.ar\/index.php\/wp-json\/wp\/v2\/categories?post=33784"},{"taxonomy":"post_tag","embeddable":true,"href":"https:\/\/13.com.ar\/index.php\/wp-json\/wp\/v2\/tags?post=33784"}],"curies":[{"name":"wp","href":"https:\/\/api.w.org\/{rel}","templated":true}]}}