{"id":33782,"date":"2025-06-14T10:28:32","date_gmt":"2025-06-14T13:28:32","guid":{"rendered":"https:\/\/13.com.ar\/index.php\/antes-de-regresar-al-pais-javier-milei-estuvo-una-hora-reunido-con-empresarios-espanoles\/"},"modified":"2025-06-14T10:28:32","modified_gmt":"2025-06-14T13:28:32","slug":"antes-de-regresar-al-pais-javier-milei-estuvo-una-hora-reunido-con-empresarios-espanoles","status":"publish","type":"post","link":"https:\/\/13.com.ar\/index.php\/antes-de-regresar-al-pais-javier-milei-estuvo-una-hora-reunido-con-empresarios-espanoles\/","title":{"rendered":"Antes de regresar al pa\u00eds, Javier Milei estuvo una hora reunido con empresarios espa\u00f1oles"},"content":{"rendered":"<p> <br \/>\n<\/p>\n<div id=\"cuerpo\">\n<div class=\"sc-45461e9c-0 eqiBeF container-text text-embed \" id=\"element-body-0\">\n<p>En la \u00faltima semana, el presidente Javier Milei vino dos veces a Madrid en cinco d\u00edas pero no pis\u00f3 la embajada argentina en Espa\u00f1a hasta este s\u00e1bado, a las once de la ma\u00f1ana, cuando se reuni\u00f3 en la residencia oficial del embajador Wenceslao Bunge con empresarios espa\u00f1oles.<\/p>\n<\/div>\n<div class=\"sc-45461e9c-0 eqiBeF container-text text-embed \" id=\"element-body-1\">\n<p>Tal como sucedi\u00f3 el a\u00f1o pasado, Milei no tuvo contacto con el gobierno de coalici\u00f3n de izquierdas de Pedro S\u00e1nchez -que atraviesa d\u00edas de profunda fragilidad por corrupci\u00f3n dentro de su partido, el PSOE- pero, antes de emprender el regreso a casa, mantuvo un encuentro con empresarios locales.<\/p>\n<\/div>\n<div class=\"sc-98b114a2-0 bkqiHH image-embed  image-embed \" id=\"element-body-2\"><picture class=\"sc-98b114a2-1 jRUlDm\"><source media=\"(min-width: 975px)\" width=\"720\" height=\"480\" \/><img alt=\"Milei lleg\u00f3 a la residencia del embajador argentino en Madrid a las 10.56. La reuni\u00f3n dur\u00f3 una hora. Foto: C\u00e9zaro De Luca\" loading=\"lazy\" width=\"720\" height=\"480\" decoding=\"async\" data-nimg=\"1\" style=\"color:transparent\" src=\"https:\/\/13.com.ar\/wp-content\/uploads\/2025\/06\/Antes-de-regresar-al-pais-Javier-Milei-estuvo-una-hora.jpg\"\/><span class=\"epigraphe\">Milei lleg\u00f3 a la residencia del embajador argentino en Madrid a las 10.56. La reuni\u00f3n dur\u00f3 una hora. Foto: C\u00e9zaro De Luca<\/span><span class=\"picture-open\"><button class=\"open-image\" aria-label=\"Open Image\"\/><\/span><\/picture><\/div>\n<div class=\"sc-45461e9c-0 eqiBeF container-text text-embed \" id=\"element-body-3\">\n<p>El Sedan Mercedes Benz negro que pas\u00f3 a buscar a Milei por el hotel en el que se hospeda cruz\u00f3 el port\u00f3n de rejas de la residencia, sobre la calle Fernando El Santo del barrio de Almagro, a las 10.56. La reuni\u00f3n dur\u00f3 una hora. Lo acompa\u00f1aron Karina Milei, el canciller argentino, Gerardo Werthein, y el embajador Bunge.<\/p>\n<\/div>\n<div class=\"sc-45461e9c-0 eqiBeF container-text text-embed \" id=\"element-body-4\">\n<p>La lista de los convocados a la cita, celosamente custodiada por Presidencia, incluy\u00f3 a altos cargos de los sectores que m\u00e1s interesan atraer al gobierno argentino: infraestructura, energ\u00eda, turismo, comercio y industria, entre otros rubros.<\/p>\n<\/div>\n<div class=\"sc-98b114a2-0 bkqiHH image-embed  image-embed \" id=\"element-body-5\"><picture class=\"sc-98b114a2-1 jRUlDm\"><source media=\"(min-width: 975px)\" width=\"720\" height=\"480\" \/><img alt=\"Reuni\u00f3n del presidente Javier Milei con empresarios en la embajada de Argentina en Madrid.&#10;\" loading=\"lazy\" width=\"720\" height=\"480\" decoding=\"async\" data-nimg=\"1\" style=\"color:transparent\" src=\"https:\/\/13.com.ar\/wp-content\/uploads\/2025\/06\/1749907712_986_Antes-de-regresar-al-pais-Javier-Milei-estuvo-una-hora.jpg\"\/><span class=\"epigraphe\">Reuni\u00f3n del presidente Javier Milei con empresarios en la embajada de Argentina en Madrid.<br \/>\n<\/span><span class=\"picture-open\"><button class=\"open-image\" aria-label=\"Open Image\"\/><\/span><\/picture><\/div>\n<div class=\"sc-45461e9c-0 eqiBeF container-text text-embed \" id=\"element-body-6\">\n<p>Al mediod\u00eda, cuando el presidente ya hab\u00eda abandonado la residencia, lo hicieron los empresarios que participaron de la reuni\u00f3n. Entre ellos estaban el CEO para Am\u00e9rica Latina y miembro del Comit\u00e9 de Direcci\u00f3n del BBVA, Jorge S\u00e1enz-Azc\u00fanaga, Pedro Larrea Paguaga; director general de Redes de Naturgy, H\u00e9ctor Grisi Checa; consejero del Banco Santander, y Fernando Abril-Martorell, CEO de Urbaser, una empresa que se ocupa del tratamiento de residuos y gesti\u00f3n de agua.<\/p>\n<\/div>\n<div class=\"sc-45461e9c-0 eqiBeF container-text text-embed \" id=\"element-body-7\">\n<p>Entre los empresarios espa\u00f1oles se col\u00f3 un argentino: Leandro Sigman, hijo de Hugo Sigman, en representaci\u00f3n del grupo farmac\u00e9utico Insud Pharma.<\/p>\n<\/div>\n<div class=\"sc-45461e9c-0 eqiBeF container-text text-embed \" id=\"element-body-8\">\n<p>El embajador Bunge conoce muy bien el mundillo empresarial espa\u00f1ol. Vive en Madrid desde hace casi diez a\u00f1os y trabaj\u00f3 durante d\u00e9cadas en el sector privado, donde ocup\u00f3 puestos gerenciales en la compa\u00f1\u00eda de inversiones inmobiliarias Jones Lang LaSalle Incorporated (JLL) y en el Credit Suisse Bank. Por su labor, hasta obtuvo la ciudadan\u00eda espa\u00f1ola a la que renunci\u00f3 para asumir como embajador.<\/p>\n<\/div>\n<div class=\"sc-98b114a2-0 bkqiHH image-embed  image-embed \" id=\"element-body-9\"><picture class=\"sc-98b114a2-1 jRUlDm\"><source media=\"(min-width: 975px)\" width=\"720\" height=\"480\" \/><img alt=\"La secretaria general de Presidencia, Karina Milei, y el canciller Guillermo Werthein participaron de la reuni\u00f3n con empresarios espa\u00f1oles en la embajada de Argentina en Madrid. Foto: C\u00e9zaro De Luca\" loading=\"lazy\" width=\"720\" height=\"480\" decoding=\"async\" data-nimg=\"1\" style=\"color:transparent\" src=\"https:\/\/13.com.ar\/wp-content\/uploads\/2025\/06\/1749907712_661_Antes-de-regresar-al-pais-Javier-Milei-estuvo-una-hora.jpg\"\/><span class=\"epigraphe\">La secretaria general de Presidencia, Karina Milei, y el canciller Guillermo Werthein participaron de la reuni\u00f3n con empresarios espa\u00f1oles en la embajada de Argentina en Madrid. Foto: C\u00e9zaro De Luca<\/span><span class=\"picture-open\"><button class=\"open-image\" aria-label=\"Open Image\"\/><\/span><\/picture><\/div>\n<p><h2>Las inversiones de Espa\u00f1a que no fluyen<\/h2>\n<\/p>\n<div class=\"sc-45461e9c-0 eqiBeF container-text text-embed \" id=\"element-body-11\">\n<p>Milei regres\u00f3 a Madrid el jueves para recibir, un d\u00eda despu\u00e9s, el premio Escuela de Salamanca que le concedi\u00f3 la agrupaci\u00f3n liberal El Club de los Viernes. Horas antes de que el ARG-01 aterrizara en la base militar espa\u00f1ola de Torrej\u00f3n de Ardoz, el secretario de Finanzas argentino, Pablo Quirno, particip\u00f3 en Madrid en el Foro Am\u00e9rica, un espacio organizado por la agencia Europa Press y por Estudio de Comunicaci\u00f3n para poner en contacto, a ambos lados del Atl\u00e1ntico, a pol\u00edticos con empresarios.<\/p>\n<\/div>\n<div class=\"sc-45461e9c-0 eqiBeF container-text text-embed \" id=\"element-body-12\">\n<p>\u201cLas inversiones de Espa\u00f1a-Argentina no han fluido de la manera que deber\u00edan fluir\u201d, dijo Quirno.<\/p>\n<\/div>\n<div class=\"sc-98b114a2-0 bkqiHH image-embed  image-embed \" id=\"element-body-13\"><picture class=\"sc-98b114a2-1 jRUlDm\"><source media=\"(min-width: 975px)\" width=\"720\" height=\"480\" \/><img alt=\"El director general de Redes de Naturgy, Pedro Larrea Paguaga, particip\u00f3 en la reuni\u00f3n de empresarios con Javier Milei en Madrid. Foto: C\u00e9zaro De Luca\" loading=\"lazy\" width=\"720\" height=\"480\" decoding=\"async\" data-nimg=\"1\" style=\"color:transparent\" src=\"https:\/\/13.com.ar\/wp-content\/uploads\/2025\/06\/1749907712_964_Antes-de-regresar-al-pais-Javier-Milei-estuvo-una-hora.jpg\"\/><span class=\"epigraphe\">El director general de Redes de Naturgy, Pedro Larrea Paguaga, particip\u00f3 en la reuni\u00f3n de empresarios con Javier Milei en Madrid. Foto: C\u00e9zaro De Luca<\/span><span class=\"picture-open\"><button class=\"open-image\" aria-label=\"Open Image\"\/><\/span><\/picture><\/div>\n<div class=\"sc-45461e9c-0 eqiBeF container-text text-embed \" id=\"element-body-14\">\n<p>Frente a empresarios espa\u00f1oles, el secretario de Finanzas despleg\u00f3 las intenciones econ\u00f3micas de la gesti\u00f3n Milei, para las que necesitar\u00eda contar, seg\u00fan sus proyecciones, con un segundo mandato presidencial: \u201cLas inversiones que nosotros permitimos entrar a trav\u00e9s de ese r\u00e9gimen -dijo cuando explic\u00f3 las condiciones del RIGI, el r\u00e9gimen de incentivo a las grandes inversiones- son inversiones cuyos retornos, por lo general, exceden el ciclo pol\u00edtico.\u201d<\/p>\n<\/div>\n<div class=\"sc-98b114a2-0 bkqiHH image-embed  image-embed \" id=\"element-body-15\"><picture class=\"sc-98b114a2-1 jRUlDm\"><source media=\"(min-width: 975px)\" width=\"720\" height=\"480\" \/><img alt=\"Fernando Abril-Martorell (CEO de Urbaser) se retira de una reuni\u00f3n con el presidente Javier Milei, en la embajada de Argentina en Madrid. Foto: C\u00e9zaro De Luca\" loading=\"lazy\" width=\"720\" height=\"480\" decoding=\"async\" data-nimg=\"1\" style=\"color:transparent\" src=\"https:\/\/13.com.ar\/wp-content\/uploads\/2025\/06\/1749907712_951_Antes-de-regresar-al-pais-Javier-Milei-estuvo-una-hora.jpg\"\/><span class=\"epigraphe\">Fernando Abril-Martorell (CEO de Urbaser) se retira de una reuni\u00f3n con el presidente Javier Milei, en la embajada de Argentina en Madrid. Foto: C\u00e9zaro De Luca<\/span><span class=\"picture-open\"><button class=\"open-image\" aria-label=\"Open Image\"\/><\/span><\/picture><\/div>\n<div class=\"sc-45461e9c-0 eqiBeF container-text text-embed \" id=\"element-body-16\">\n<p>\u201cTrabajamos para que las condiciones que hoy se ofrecen a estos proyectos, que van a dar retorno en 4 o 5 a\u00f1os, sean las condiciones que podamos ofrecer a toda la econom\u00eda argentina -agreg\u00f3 Quirno-. Argentina est\u00e1 en condiciones, en 8 a\u00f1os o 6 a\u00f1os y medio si el presidente es reelegido, de devolverle al sector privado medio trill\u00f3n de d\u00f3lares con reducci\u00f3n de impuestos.\u201d<\/p>\n<\/div>\n<p><h2>Las dudas de los empresarios<\/h2>\n<\/p>\n<div class=\"sc-45461e9c-0 eqiBeF container-text text-embed \" id=\"element-body-18\">\n<p>\u201cTendr\u00e1n un mont\u00f3n de preguntas, de qu\u00e9 va a pasar con las elecciones, de qu\u00e9 no va a pasar con las elecciones, si tenemos que estar seguros de que esto no se da vuelta, y c\u00f3mo me aseguro que no se da vuelta, todas esas preguntas las van a tener -admiti\u00f3 Quirno-. Lo \u00fanico que tienen que mirar es si nosotros estamos ordenados macroecon\u00f3micamente, porque de ah\u00ed resulta todo.\u201d<\/p>\n<\/div>\n<div class=\"sc-98b114a2-0 bkqiHH image-embed  image-embed \" id=\"element-body-19\"><picture class=\"sc-98b114a2-1 jRUlDm\"><source media=\"(min-width: 975px)\" width=\"720\" height=\"480\" \/><img alt=\"H\u00e9ctor Grisi Checa,  consejero del Banco Santande (derecha), asisti\u00f3 a la reuni\u00f3n con Milei en la embajada de Argentina en Madrid. Foto: C\u00e9zaro De Luca\" loading=\"lazy\" width=\"720\" height=\"480\" decoding=\"async\" data-nimg=\"1\" style=\"color:transparent\" src=\"https:\/\/13.com.ar\/wp-content\/uploads\/2025\/06\/1749907712_300_Antes-de-regresar-al-pais-Javier-Milei-estuvo-una-hora.jpg\"\/><span class=\"epigraphe\">H\u00e9ctor Grisi Checa,  consejero del Banco Santande (derecha), asisti\u00f3 a la reuni\u00f3n con Milei en la embajada de Argentina en Madrid. Foto: C\u00e9zaro De Luca<\/span><span class=\"picture-open\"><button class=\"open-image\" aria-label=\"Open Image\"\/><\/span><\/picture><\/div>\n<div class=\"sc-45461e9c-0 eqiBeF container-text text-embed \" id=\"element-body-20\">\n<p>Y enumer\u00f3: \u201cTenemos un escenario donde la inflaci\u00f3n es m\u00e1s baja de lo que esperaban los agentes econ\u00f3micos, la reactivaci\u00f3n es m\u00e1s importante de lo que esperaban los agentes econ\u00f3micos, los salarios reales est\u00e1n creciendo en los \u00faltimos 11 meses de manera consecutiva\u201d.<\/p>\n<\/div>\n<div class=\"sc-98b114a2-0 bkqiHH image-embed  image-embed \" id=\"element-body-21\"><picture class=\"sc-98b114a2-1 jRUlDm\"><source media=\"(min-width: 975px)\" width=\"720\" height=\"480\" \/><img alt=\"El CEO LATAM de BBVA, Jorge S\u00e1enz-Azc\u00fanaga, estuvo en la reuni\u00f3n con el presidente Javier Milei y otros  empresarios espa\u00f1oles en la embajada de Argentina en Madrid. Foto: C\u00e9zaro De Luca\" loading=\"lazy\" width=\"720\" height=\"480\" decoding=\"async\" data-nimg=\"1\" style=\"color:transparent\" src=\"https:\/\/13.com.ar\/wp-content\/uploads\/2025\/06\/1749907712_226_Antes-de-regresar-al-pais-Javier-Milei-estuvo-una-hora.jpg\"\/><span class=\"epigraphe\">El CEO LATAM de BBVA, Jorge S\u00e1enz-Azc\u00fanaga, estuvo en la reuni\u00f3n con el presidente Javier Milei y otros  empresarios espa\u00f1oles en la embajada de Argentina en Madrid. Foto: C\u00e9zaro De Luca<\/span><span class=\"picture-open\"><button class=\"open-image\" aria-label=\"Open Image\"\/><\/span><\/picture><\/div>\n<div class=\"sc-45461e9c-0 eqiBeF container-text text-embed \" id=\"element-body-22\">\n<p>\u201cSe acab\u00f3 la recesi\u00f3n en Argentina mucho m\u00e1s r\u00e1pido de lo que se esperaba\u201d, insisti\u00f3 el funcionario del equipo del ministro de Econom\u00eda, Luis Toto Caputo.<\/p>\n<\/div>\n<\/div>\n<p><br \/>\n<br \/><a href=\"https:\/\/www.clarin.com\/politica\/regresar-pais-javier-milei-hora-reunido-empresarios-espanoles_0_n1SdULSApY.html\">Fuente Clarin.com <\/a><\/p>\n","protected":false},"excerpt":{"rendered":"<p>En la \u00faltima semana, el presidente Javier Milei vino dos veces a Madrid en cinco d\u00edas pero no pis\u00f3 la embajada argentina en Espa\u00f1a hasta este s\u00e1bado, a las once de la ma\u00f1ana, cuando se reuni\u00f3 en la residencia oficial del embajador Wenceslao Bunge con empresarios espa\u00f1oles. Tal como sucedi\u00f3 el a\u00f1o pasado, Milei no [&hellip;]<\/p>\n","protected":false},"author":1,"featured_media":33783,"comment_status":"open","ping_status":"open","sticky":false,"template":"","format":"standard","meta":{"footnotes":""},"categories":[2],"tags":[733,18,2060,9546,4361,713,273,77,134,5587,21175,73],"class_list":["post-33782","post","type-post","status-publish","format-standard","has-post-thumbnail","hentry","category-ultimas-noticias","tag-antes","tag-con","tag-empresarios","tag-espanoles","tag-estuvo","tag-hora","tag-javier","tag-milei","tag-pais","tag-regresar","tag-reunido","tag-una"],"_links":{"self":[{"href":"https:\/\/13.com.ar\/index.php\/wp-json\/wp\/v2\/posts\/33782","targetHints":{"allow":["GET"]}}],"collection":[{"href":"https:\/\/13.com.ar\/index.php\/wp-json\/wp\/v2\/posts"}],"about":[{"href":"https:\/\/13.com.ar\/index.php\/wp-json\/wp\/v2\/types\/post"}],"author":[{"embeddable":true,"href":"https:\/\/13.com.ar\/index.php\/wp-json\/wp\/v2\/users\/1"}],"replies":[{"embeddable":true,"href":"https:\/\/13.com.ar\/index.php\/wp-json\/wp\/v2\/comments?post=33782"}],"version-history":[{"count":0,"href":"https:\/\/13.com.ar\/index.php\/wp-json\/wp\/v2\/posts\/33782\/revisions"}],"wp:featuredmedia":[{"embeddable":true,"href":"https:\/\/13.com.ar\/index.php\/wp-json\/wp\/v2\/media\/33783"}],"wp:attachment":[{"href":"https:\/\/13.com.ar\/index.php\/wp-json\/wp\/v2\/media?parent=33782"}],"wp:term":[{"taxonomy":"category","embeddable":true,"href":"https:\/\/13.com.ar\/index.php\/wp-json\/wp\/v2\/categories?post=33782"},{"taxonomy":"post_tag","embeddable":true,"href":"https:\/\/13.com.ar\/index.php\/wp-json\/wp\/v2\/tags?post=33782"}],"curies":[{"name":"wp","href":"https:\/\/api.w.org\/{rel}","templated":true}]}}