{"id":33780,"date":"2025-06-14T10:25:32","date_gmt":"2025-06-14T13:25:32","guid":{"rendered":"https:\/\/13.com.ar\/index.php\/tripulantes-del-avion-venezolano-irani-que-estuvieron-detenidos-en-ezeiza-denunciaron-a-13-argentinos-en-teheran\/"},"modified":"2025-06-14T10:25:32","modified_gmt":"2025-06-14T13:25:32","slug":"tripulantes-del-avion-venezolano-irani-que-estuvieron-detenidos-en-ezeiza-denunciaron-a-13-argentinos-en-teheran","status":"publish","type":"post","link":"https:\/\/13.com.ar\/index.php\/tripulantes-del-avion-venezolano-irani-que-estuvieron-detenidos-en-ezeiza-denunciaron-a-13-argentinos-en-teheran\/","title":{"rendered":"Tripulantes del avi\u00f3n venezolano-iran\u00ed que estuvieron detenidos en Ezeiza denunciaron a 13 argentinos en Teher\u00e1n"},"content":{"rendered":"<p> <br \/>\n<\/p>\n<div id=\"cuerpo\">\n<div class=\"sc-45461e9c-0 eqiBeF container-text text-embed \" id=\"element-body-0\">\n<p>El presidente Javier Milei lleg\u00f3 el martes pasado a Jerusal\u00e9n para su visita a Benjam\u00edn Netanyahu, con quien estrech\u00f3 a\u00fan m\u00e1s su ya cercana alianza. Comenz\u00f3 su retorno al pa\u00eds, v\u00eda Madrid, el jueves. Fue<strong> horas antes del masivo ataque de Israel a las instalaciones nucleares y militares iran\u00edes<\/strong>, lo que incluy\u00f3 el asesinato selectivo de uniformados y cient\u00edficos ligados al programa at\u00f3mico persa.<\/p>\n<\/div>\n<div class=\"sc-45461e9c-0 eqiBeF container-text text-embed \" id=\"element-body-1\">\n<p>En el \u00ednterin, <strong>la m\u00e1s influyente prensa de Teher\u00e1n public\u00f3 una curiosa informaci\u00f3n sobre la causa judicial abierta en ese pa\u00eds e iniciada contra 13 ex y actuales funcionarios y personalidades argentinas <\/strong>involucradas en la cinematogr\u00e1fica detenci\u00f3n, en 2022, de 19 persas y venezolanos que estuvieron <strong>demorados cinco meses en Argentina.<\/strong> Formaban parte de la tripulaci\u00f3n de un avi\u00f3n decomisado luego por Estados Unidos en febrero de 2024.<\/p>\n<\/div>\n<div class=\"sc-45461e9c-0 eqiBeF container-text text-embed \" id=\"element-body-2\">\n<p>El avi\u00f3n era el Boeing747-300 que la empresa iran\u00ed Maham Air le hab\u00eda transferido a\u00f1os atr\u00e1s a la venezolana Emtrasur Cargo. <\/p>\n<\/div>\n<div class=\"sc-45461e9c-0 eqiBeF container-text text-embed \" id=\"element-body-3\">\n<p>Ahora, seg\u00fan consignaba durante la visita de Milei a Israel el influyente <strong>Tehran Times<\/strong>, la voz de los ayatol\u00e1s que gobiernan la Rep\u00fablica Isl\u00e1mica de Ir\u00e1n, el abogado Ali Mashayekhi anunci\u00f3 que su cliente,<strong> el capit\u00e1n Gholamreza Ghasemi, piloto de aquel vuelo de Emtrasur a la Argentina<\/strong> y otros tripulantes presentaron una denuncia contra todos.<\/p>\n<\/div>\n<div class=\"sc-98b114a2-0 bkqiHH image-embed  image-embed \" id=\"element-body-4\"><picture class=\"sc-98b114a2-1 jRUlDm\"><source media=\"(min-width: 975px)\" width=\"720\" height=\"480\" \/><img alt=\"El Boeing 747-300 que hab\u00eda pertenecido a Maham Air y fue adquirido por la venezolana Emtrasur Cargo. Tras permanecer retenido en Ezeiza un a\u00f1o y medio fue decomisado por Estados Unidos, que se lo llev\u00f3 a Miami.&#10;AP\" loading=\"lazy\" width=\"720\" height=\"480\" decoding=\"async\" data-nimg=\"1\" style=\"color:transparent\" src=\"https:\/\/13.com.ar\/wp-content\/uploads\/2025\/06\/Tripulantes-del-avion-venezolano-irani-que-estuvieron-detenidos-en-Ezeiza-denunciaron.jpg\"\/><span class=\"epigraphe\">El Boeing 747-300 que hab\u00eda pertenecido a Maham Air y fue adquirido por la venezolana Emtrasur Cargo. Tras permanecer retenido en Ezeiza un a\u00f1o y medio fue decomisado por Estados Unidos, que se lo llev\u00f3 a Miami.<br \/>\nAP<\/span><span class=\"picture-open\"><button class=\"open-image\" aria-label=\"Open Image\"\/><\/span><\/picture><\/div>\n<div class=\"sc-45461e9c-0 eqiBeF container-text text-embed \" id=\"element-body-5\">\n<p>Declar\u00f3 Mashayekhi que<strong> \u201ctras las acciones ilegales y contrarias a las obligaciones internacionales de algunos funcionarios argentinos contra el avi\u00f3n de Emtrasur y la toma de rehenes, tortura y maltrato f\u00edsico y psicol\u00f3gico de la tripulaci\u00f3n y sus familias durante 150 d\u00edas\u201d, <\/strong>cinco de los retenidos por Argentina, empezando por Ghamesi, hab\u00edan presentado una <strong>demanda ante el Tribunal General de Teher\u00e1n<\/strong> \u201ccontra los gerentes, patrocinadores y, en aquel entonces y en la actualidad, <strong>funcionarios de Argentina y Estados Unidos,<\/strong> solicitando una <strong>investigaci\u00f3n y reclamando da\u00f1os y perjuicios\u201d<\/strong>. La denuncia dice que ese escenario fue <strong>creado por &#8220;el r\u00e9gimen sionista (as\u00ed llaman en Ir\u00e1n a Israel) y el de Estados Unidos.<\/strong><\/p>\n<\/div>\n<div class=\"sc-45461e9c-0 eqiBeF container-text text-embed \" id=\"element-body-6\">\n<p>A\u00f1adi\u00f3 el abogado: &#8220;En esta demanda, invocando los principios fundamentales del derecho internacional, los tratados internacionales y el derecho interno de la Rep\u00fablica Isl\u00e1mica de Ir\u00e1n,<strong> exigimos una indemnizaci\u00f3n por todos los da\u00f1os materiales y morales sufridos<\/strong>, as\u00ed como la condena solidaria de los funcionarios e instituciones pertinentes de Argentina y Estados Unidos&#8221;.<\/p>\n<\/div>\n<div class=\"sc-45461e9c-0 eqiBeF container-text text-embed \" id=\"element-body-7\">\n<p>La denuncia p\u00fablica no da nombres, pero dice que hay <strong>presidente y ministros.<\/strong> Pero no se sabe si hacen referencia a <strong>Alberto Fern\u00e1ndez <\/strong>(bajo cuyo gobierno se dio el incidente) o a<strong> Javier Milei<\/strong> (bajo cuyo gobierno se le entreg\u00f3 el avi\u00f3n a EE.UU). <\/p>\n<\/div>\n<div class=\"sc-45461e9c-0 eqiBeF container-text text-embed \" id=\"element-body-8\">\n<p>En las fotos publicadas por los medios iran\u00edes de los denunciados se ven al expresidente de DAIA, Jorge Knoblovits, al juez federal que llev\u00f3 el caso, Federico Villena, la fiscal Cecilia Incardona, al ministro de Justicia de Fern\u00e1ndez, Mart\u00edn Soria, y a varios diputados, entre ellos Gerardo Milman y Ricardo L\u00f3pez Murphy.<\/p>\n<\/div>\n<div class=\"sc-45461e9c-0 eqiBeF container-text text-embed \" id=\"element-body-9\">\n<p>&#8220;En esta demanda, <strong>el gobierno argentino, como persona jur\u00eddica, junto con 13 funcionarios gubernamentales y judiciales de ese pa\u00eds, <\/strong>entre ellos el presidente, los ministros de Relaciones Exteriores, Seguridad y Justicia, un juez federal, un fiscal y varios parlamentarios, han sido acusados&#8221;, dice el abogado que agrega. &#8220;La Delegaci\u00f3n de Asociaciones Israelitas Argentinas (DAIA) y el gobierno de Estados Unidos tambi\u00e9n han sido demandados como partes en la demanda por su participaci\u00f3n en la detenci\u00f3n y la imposici\u00f3n de presiones pol\u00edticas a funcionarios argentinos&#8221;.<\/p>\n<\/div>\n<div class=\"sc-98b114a2-0 bkqiHH image-embed  image-embed \" id=\"element-body-10\"><picture class=\"sc-98b114a2-1 jRUlDm\"><source media=\"(min-width: 975px)\" width=\"720\" height=\"480\" \/><img alt=\"Algunas de las figuras mencionadas en la denuncia Entre ellas, de derecha izquierda, los diputados Gerardo Milman y Ricardo L\u00f3pez Murphy; el juez Federico Villena; la fiscal Cecilia Incardona; el ex presidente de la DAIA, Jorge Knoblovits. \" loading=\"lazy\" width=\"720\" height=\"480\" decoding=\"async\" data-nimg=\"1\" style=\"color:transparent\" src=\"https:\/\/13.com.ar\/wp-content\/uploads\/2025\/06\/1749907532_596_Tripulantes-del-avion-venezolano-irani-que-estuvieron-detenidos-en-Ezeiza-denunciaron.jpg\"\/><span class=\"epigraphe\">Algunas de las figuras mencionadas en la denuncia Entre ellas, de derecha izquierda, los diputados Gerardo Milman y Ricardo L\u00f3pez Murphy; el juez Federico Villena; la fiscal Cecilia Incardona; el ex presidente de la DAIA, Jorge Knoblovits. <\/span><span class=\"picture-open\"><button class=\"open-image\" aria-label=\"Open Image\"\/><\/span><\/picture><\/div>\n<div class=\"sc-45461e9c-0 eqiBeF container-text text-embed \" id=\"element-body-11\">\n<p>Autoridades locales consultadas, que ya est\u00e1n al tanto de la situaci\u00f3n, opinaron que la noticia fue publicada m\u00e1s por el<strong> &#8220;enojo&#8221; del r\u00e9gimen iran\u00ed contra la presencia de Milei en Israel <\/strong>que en relaci\u00f3n con los ataques militares contra Ir\u00e1n. Pero, a pesar de que la denuncia est\u00e1 concentrada en los tribunales iran\u00edes, no deja de preocupar el hecho de que estas personas acusadas est\u00e9n expuestas a<strong> peligros jur\u00eddicos o f\u00edsicos cuando viajen por el mundo, debido a cualquier extensi\u00f3n de esta denuncia en pa\u00edses aliados a Ir\u00e1n. <\/strong><\/p>\n<\/div>\n<div class=\"sc-45461e9c-0 eqiBeF container-text text-embed \" id=\"element-body-12\">\n<p>Por cierto, por un lado, la <strong>prohibici\u00f3n<\/strong> que en su momento dict\u00f3 Venezuela para que <strong>aviones de Aerol\u00edneas Argentinas sobrevolaran su espacio a\u00e9reo<\/strong> en vuelos hacia Miami y Punta Cana -lo que no aval\u00f3 la Organizaci\u00f3n de Aviaci\u00f3n Civil Internacional- y la detenci\u00f3n de argentinos en Venezuela -como el gendarme Nahuel Gallo- no dejan de tener relaci\u00f3n con el incidente de Emtrasur.<\/p>\n<\/div>\n<p><h2>El caso<\/h2>\n<\/p>\n<div class=\"sc-45461e9c-0 eqiBeF container-text text-embed \" id=\"element-body-14\">\n<p>El misterioso avi\u00f3n de Emtrasur Cargo lleg\u00f3 a la Argentina el 6 de junio de 2022. V<strong>en\u00eda de Caracas con 14 venezolanos y cinco iran\u00edes<\/strong>, entre ellos el piloto, Ghamesi.<\/p>\n<\/div>\n<div class=\"sc-45461e9c-0 eqiBeF container-text text-embed \" id=\"element-body-15\">\n<p>Poco despu\u00e9s, la aeronave, que ya hab\u00eda estado en Paraguay anteriormente, despeg\u00f3 con destino a Montevideo, pero las<strong> autoridades uruguayas le negaron el acceso. <\/strong>Debi\u00f3 volver a la Argentina. Estuvo en C\u00f3rdoba, y al llegar a Ezeiza, fue demorado con todos sus tripulantes. Empez\u00f3 una<strong> larga y medi\u00e1tica saga.<\/strong><\/p>\n<\/div>\n<div class=\"sc-45461e9c-0 eqiBeF container-text text-embed \" id=\"element-body-16\">\n<p><strong>El Boeing 747-300 adaptado como carguero<\/strong> fue retenido en Ezeiza en junio de 2022, cuando aterriz\u00f3 porque necesitaba combustible y <strong>ninguna petrolera accedi\u00f3 entonces a suministr\u00e1rselo<\/strong>, ya que la<strong> aeronave estaba sujeta al complejo sistema de sanciones de los Estados Unidos por supuesto uso para actividades terroristas internacionales.<\/strong> Boeing es de origen estadounidense.<\/p>\n<\/div>\n<div class=\"sc-45461e9c-0 eqiBeF container-text text-embed \" id=\"element-body-17\">\n<p>El Departamento de Justicia, el Gobierno de Estados Unidos ped\u00eda la confiscaci\u00f3n de la aeronave y la DAIA interpuso un pedido para que su tripulaci\u00f3n fuera investigada. Todos fueron alojados en un hotel en las afueras de Buenos Aires, se escribieron cientos de art\u00edculos, y el r\u00e9gimen de Nicol\u00e1s Maduro inici\u00f3 una cruzada nacionalista con marchas en las calles pidiendo que \u201cliberaran&#8221; al avi\u00f3n y a sus tripulantes.<\/p>\n<\/div>\n<div class=\"sc-45461e9c-0 eqiBeF container-text text-embed \" id=\"element-body-18\">\n<p>Se especul\u00f3 sobre los v\u00ednculos de Ghamesi con la Guardia Revolucionaria, pero, a decir verdad, nunca se le encontr\u00f3 relaci\u00f3n con el terrorismo como sosten\u00eda la querella.<\/p>\n<\/div>\n<div class=\"sc-45461e9c-0 eqiBeF container-text text-embed \" id=\"element-body-19\">\n<p>Cinco meses despu\u00e9s, y tras los<strong> reclamos diplom\u00e1ticos tambi\u00e9n de Ir\u00e1n, <\/strong>fueron liberados y los tripulantes se fueron en tandas. El avi\u00f3n, en cambio, qued\u00f3 en Ezeiza.<\/p>\n<\/div>\n<div class=\"sc-98b114a2-0 bkqiHH image-embed  image-embed \" id=\"element-body-20\"><picture class=\"sc-98b114a2-1 jRUlDm\"><source media=\"(min-width: 975px)\" width=\"720\" height=\"480\" \/><img alt=\"Causa nacional. El r\u00e9gimen de Maduro recibi\u00f3 como h\u00e9roes a los tripulantes de ese pa\u00eds que hab\u00edan sido demorados en la Argentina por el caso del avi\u00f3n de Emtrasur CArog. \" loading=\"lazy\" width=\"720\" height=\"480\" decoding=\"async\" data-nimg=\"1\" style=\"color:transparent\" src=\"https:\/\/13.com.ar\/wp-content\/uploads\/2025\/06\/1749907532_100_Tripulantes-del-avion-venezolano-irani-que-estuvieron-detenidos-en-Ezeiza-denunciaron.jpg\"\/><span class=\"epigraphe\">Causa nacional. El r\u00e9gimen de Maduro recibi\u00f3 como h\u00e9roes a los tripulantes de ese pa\u00eds que hab\u00edan sido demorados en la Argentina por el caso del avi\u00f3n de Emtrasur CArog. <\/span><span class=\"picture-open\"><button class=\"open-image\" aria-label=\"Open Image\"\/><\/span><\/picture><\/div>\n<div class=\"sc-45461e9c-0 eqiBeF container-text text-embed \" id=\"element-body-21\">\n<p>Finalmente, un a\u00f1o y medio despu\u00e9s de la llegada del avi\u00f3n, en febrero de 2024, cuando ya gobernaba Milei, Washington logr\u00f3 el objetivo.<\/p>\n<\/div>\n<div class=\"sc-45461e9c-0 eqiBeF container-text text-embed \" id=\"element-body-22\">\n<p>El gobierno de Milei accedi\u00f3 a lo pedidos judiciales y entreg\u00f3 la aeronave, que durante a\u00f1o y medio hab\u00eda sido supervisada y mantenida por el FBI, t\u00e9cnicos y alguaciles de justicia, y el Gobierno de Estados Unidos se llev\u00f3 el Boeing 747-300 <strong>hacia el aeropuerto ejecutivo de Opa-Locka, en el condado de Miami-Dade.<\/strong><\/p>\n<\/div>\n<div class=\"sc-45461e9c-0 eqiBeF container-text text-embed \" id=\"element-body-23\">\n<p>Seg\u00fan los documentos obtenidos, esta acci\u00f3n de la polic\u00eda y las autoridades judiciales argentinas se bas\u00f3 en un escenario dise\u00f1ado por el r\u00e9gimen sionista y Estados Unidos, que provoc\u00f3 que las personas mencionadas fueran detenidas sin derecho a una defensa real y en condiciones inhumanas, y sufrieran numerosas lesiones mentales y psicol\u00f3gicas, as\u00ed como p\u00e9rdidas materiales&#8221;. <\/p>\n<\/div>\n<div class=\"sc-45461e9c-0 eqiBeF container-text text-embed \" id=\"element-body-24\">\n<p>&#8220;Desafortunadamente, en este incidente, adem\u00e1s de las lesiones mentales y psicol\u00f3gicas sufridas por la \u00e9lite iran\u00ed y los instructores de vuelo, sus familias tambi\u00e9n fueron sometidas a un severo acoso psicol\u00f3gico debido a la continua publicaci\u00f3n de noticias falsas y se les priv\u00f3 de sus derechos fundamentales de visita debido a la negativa del gobierno argentino a emitir visas&#8221;, dice la denuncia de los tripulantes presentada ahora en Ir\u00e1n. Dicen tambi\u00e9n haber sufrido p\u00e9rdidas materiales.<\/p>\n<\/div>\n<div class=\"sc-45461e9c-0 eqiBeF container-text text-embed \" id=\"element-body-25\">\n<p>&#8220;A pesar de haber dise\u00f1ado un complejo escenario para<strong> imponer cargos falsos <\/strong>por parte de las autoridades judiciales y de seguridad de la \u00e9poca en Argentina, Israel y Estados Unidos, acompa\u00f1ado de arrestos y registros nocturnos, confiscaci\u00f3n de pertenencias personales y detenciones prolongadas en dif\u00edciles condiciones de seguridad, finalmente, debido a la falta de pruebas y a la persecuci\u00f3n profesional del equipo legal de los acusados, <strong>el gobierno y el sistema judicial argentinos se vieron obligados a someterse a la justicia y a la liberaci\u00f3n de las personas<\/strong> mencionadas&#8221;, concluye.<\/p>\n<\/div>\n<\/div>\n<p><br \/>\n<br \/><a href=\"https:\/\/www.clarin.com\/politica\/tripulantes-avion-venezolano-irani-detenidos-ezeiza-denunciaron-teheran-13-argentinos_0_VB3rOBLJbq.html\">Fuente Clarin.com <\/a><\/p>\n","protected":false},"excerpt":{"rendered":"<p>El presidente Javier Milei lleg\u00f3 el martes pasado a Jerusal\u00e9n para su visita a Benjam\u00edn Netanyahu, con quien estrech\u00f3 a\u00fan m\u00e1s su ya cercana alianza. Comenz\u00f3 su retorno al pa\u00eds, v\u00eda Madrid, el jueves. Fue horas antes del masivo ataque de Israel a las instalaciones nucleares y militares iran\u00edes, lo que incluy\u00f3 el asesinato selectivo [&hellip;]<\/p>\n","protected":false},"author":1,"featured_media":33781,"comment_status":"open","ping_status":"open","sticky":false,"template":"","format":"standard","meta":{"footnotes":""},"categories":[2],"tags":[671,1418,100,54,3791,10985,1905,15209,4856,21174],"class_list":["post-33780","post","type-post","status-publish","format-standard","has-post-thumbnail","hentry","category-ultimas-noticias","tag-argentinos","tag-avion","tag-del","tag-denunciaron","tag-detenidos","tag-estuvieron","tag-ezeiza","tag-teheran","tag-tripulantes","tag-venezolanoirani"],"_links":{"self":[{"href":"https:\/\/13.com.ar\/index.php\/wp-json\/wp\/v2\/posts\/33780","targetHints":{"allow":["GET"]}}],"collection":[{"href":"https:\/\/13.com.ar\/index.php\/wp-json\/wp\/v2\/posts"}],"about":[{"href":"https:\/\/13.com.ar\/index.php\/wp-json\/wp\/v2\/types\/post"}],"author":[{"embeddable":true,"href":"https:\/\/13.com.ar\/index.php\/wp-json\/wp\/v2\/users\/1"}],"replies":[{"embeddable":true,"href":"https:\/\/13.com.ar\/index.php\/wp-json\/wp\/v2\/comments?post=33780"}],"version-history":[{"count":0,"href":"https:\/\/13.com.ar\/index.php\/wp-json\/wp\/v2\/posts\/33780\/revisions"}],"wp:featuredmedia":[{"embeddable":true,"href":"https:\/\/13.com.ar\/index.php\/wp-json\/wp\/v2\/media\/33781"}],"wp:attachment":[{"href":"https:\/\/13.com.ar\/index.php\/wp-json\/wp\/v2\/media?parent=33780"}],"wp:term":[{"taxonomy":"category","embeddable":true,"href":"https:\/\/13.com.ar\/index.php\/wp-json\/wp\/v2\/categories?post=33780"},{"taxonomy":"post_tag","embeddable":true,"href":"https:\/\/13.com.ar\/index.php\/wp-json\/wp\/v2\/tags?post=33780"}],"curies":[{"name":"wp","href":"https:\/\/api.w.org\/{rel}","templated":true}]}}