{"id":33778,"date":"2025-06-14T10:22:32","date_gmt":"2025-06-14T13:22:32","guid":{"rendered":"https:\/\/13.com.ar\/index.php\/podria-retirarme-si-lo-hago\/"},"modified":"2025-06-14T10:22:32","modified_gmt":"2025-06-14T13:22:32","slug":"podria-retirarme-si-lo-hago","status":"publish","type":"post","link":"https:\/\/13.com.ar\/index.php\/podria-retirarme-si-lo-hago\/","title":{"rendered":"Podr\u00eda retirarme si lo hago"},"content":{"rendered":"<p> <br \/>\n<br \/><img decoding=\"async\" src=\"https:\/\/13.com.ar\/wp-content\/uploads\/2025\/06\/Podria-retirarme-si-lo-hago.jpg\" \/><\/p>\n<div id=\"element-body-0\">\n<p><strong>Armand Duplantis<\/strong>, estrella del <strong>salto con garrocha<\/strong>, sonri\u00f3 al hablar sobre qu\u00e9 podr\u00eda pasar si consigue este domingo el objetivo de batir su propio <strong>r\u00e9cord mundial<\/strong> en Estocolmo, Suecia. <strong>&#8220;Podr\u00eda retirarme si no lo hago&#8221;<\/strong>, dijo.<\/p>\n<\/div>\n<div id=\"element-body-1\">\n<p>Luego de haber brillado en la reuni\u00f3n de <strong>Oslo <\/strong>de la <strong>Liga de Diamante<\/strong>, el atleta espera cumplir su &#8220;sue\u00f1o absoluto&#8221; el domingo batiendo su r\u00e9cord del mundo (6,27 m) delante de sus compatriotas.<\/p>\n<\/div>\n<div id=\"element-body-2\">\n<p>Esta temporada el sueco de 25 a\u00f1os se impuso en las tres primeras citas de su disciplina en la Liga de Diamante, en Xiamen (5,92 m), Shangh\u00e1i (6,11m) y Oslo (6,15m).<\/p>\n<\/div>\n<div id=\"element-body-3\">\n<p>El jueves, en Noruega, &#8220;Mondo&#8221; sab\u00eda que no ten\u00eda &#8220;excusas&#8221; dadas las buenas condiciones de la jornada, pero se par\u00f3 en los 6,15 metros, ganando ampliamente el concurso pero sin buscar un nuevo r\u00e9cord del mundo.<\/p>\n<\/div>\n<div id=\"element-body-4\">\n<p>Un primer aviso como buen augurio para el p\u00fablico del &#8216;Stadion&#8217; ol\u00edmpico de Estocolmo, donde la estrella local logr\u00f3 como mejor marca los 6,16 metros en junio de 2022, tambi\u00e9n en Liga de Diamante.<\/p>\n<\/div>\n<div id=\"element-body-5\">\n<p>&#8220;El domingo en Estocolmo ser\u00eda un sue\u00f1o absoluto batir un r\u00e9cord del mundo. Podr\u00eda retirarme si lo hago&#8221;, sonri\u00f3 Duplantis tras su victoria en el Bislett Stadion de Oslo, report\u00f3 la agencia AFP.<\/p>\n<\/div>\n<div id=\"element-body-6\">\n<p>&#8220;En este momento, las previsiones para el domingo son buenas y me siento bien, estoy en buena forma y esta noche (jueves) demuestra que salto bien, as\u00ed que quien sabe, podr\u00eda ocurrir&#8221;, espera.<\/p>\n<\/div>\n<div id=\"element-body-7\">\n<p>Entre sus rivales estar\u00e1 el griego Emmanouil Karalis, bronce ol\u00edmpico en Par\u00eds 2024, y el veterano franc\u00e9s Renaud Lavilleine, de 38 a\u00f1os, quien logr\u00f3 una honorable cuarta posici\u00f3n en Oslo con 5,72 metros.<\/p>\n<\/div>\n<p><br \/>\n<br \/><a href=\"https:\/\/www.clarin.com\/deportes\/armand-duplantis-advirtio-futuro-busca-romper-propia-record-podria-retirarme-hago_0_j4bSvmZsrK.html\">Fuente Clarin.com <\/a><\/p>\n","protected":false},"excerpt":{"rendered":"<p>Armand Duplantis, estrella del salto con garrocha, sonri\u00f3 al hablar sobre qu\u00e9 podr\u00eda pasar si consigue este domingo el objetivo de batir su propio r\u00e9cord mundial en Estocolmo, Suecia. &#8220;Podr\u00eda retirarme si no lo hago&#8221;, dijo. Luego de haber brillado en la reuni\u00f3n de Oslo de la Liga de Diamante, el atleta espera cumplir su [&hellip;]<\/p>\n","protected":false},"author":1,"featured_media":33779,"comment_status":"open","ping_status":"open","sticky":false,"template":"","format":"standard","meta":{"footnotes":""},"categories":[2],"tags":[7894,1563,5432],"class_list":["post-33778","post","type-post","status-publish","format-standard","has-post-thumbnail","hentry","category-ultimas-noticias","tag-hago","tag-podria","tag-retirarme"],"_links":{"self":[{"href":"https:\/\/13.com.ar\/index.php\/wp-json\/wp\/v2\/posts\/33778","targetHints":{"allow":["GET"]}}],"collection":[{"href":"https:\/\/13.com.ar\/index.php\/wp-json\/wp\/v2\/posts"}],"about":[{"href":"https:\/\/13.com.ar\/index.php\/wp-json\/wp\/v2\/types\/post"}],"author":[{"embeddable":true,"href":"https:\/\/13.com.ar\/index.php\/wp-json\/wp\/v2\/users\/1"}],"replies":[{"embeddable":true,"href":"https:\/\/13.com.ar\/index.php\/wp-json\/wp\/v2\/comments?post=33778"}],"version-history":[{"count":0,"href":"https:\/\/13.com.ar\/index.php\/wp-json\/wp\/v2\/posts\/33778\/revisions"}],"wp:featuredmedia":[{"embeddable":true,"href":"https:\/\/13.com.ar\/index.php\/wp-json\/wp\/v2\/media\/33779"}],"wp:attachment":[{"href":"https:\/\/13.com.ar\/index.php\/wp-json\/wp\/v2\/media?parent=33778"}],"wp:term":[{"taxonomy":"category","embeddable":true,"href":"https:\/\/13.com.ar\/index.php\/wp-json\/wp\/v2\/categories?post=33778"},{"taxonomy":"post_tag","embeddable":true,"href":"https:\/\/13.com.ar\/index.php\/wp-json\/wp\/v2\/tags?post=33778"}],"curies":[{"name":"wp","href":"https:\/\/api.w.org\/{rel}","templated":true}]}}